{"id":40,"date":"2011-11-16T02:38:58","date_gmt":"2011-11-16T02:38:58","guid":{"rendered":"http:\/\/blog.espol.edu.ec\/tommygarces\/?p=40"},"modified":"2011-11-16T02:41:01","modified_gmt":"2011-11-16T02:41:01","slug":"nano-sim","status":"publish","type":"post","link":"https:\/\/blog.espol.edu.ec\/tommygarces\/nano-sim\/","title":{"rendered":"Nano-SIM"},"content":{"rendered":"<p><strong><a href=\"http:\/\/blog.espol.edu.ec\/tommygarces\/files\/2011\/11\/Nano.png\"><img loading=\"lazy\" decoding=\"async\" class=\"size-medium wp-image-41 alignleft\" title=\"Nano\" src=\"http:\/\/blog.espol.edu.ec\/tommygarces\/files\/2011\/11\/Nano-300x267.png\" alt=\"\" width=\"210\" height=\"187\" srcset=\"https:\/\/blog.espol.edu.ec\/tommygarces\/files\/2011\/11\/Nano-300x267.png 300w, https:\/\/blog.espol.edu.ec\/tommygarces\/files\/2011\/11\/Nano.png 620w\" sizes=\"auto, (max-width: 210px) 100vw, 210px\" \/><\/a>Giesecke &amp; Devrient<\/strong>, una empresa de tecnolog\u00eda alemana, ha anunciado hoy una tarjeta SIM que es s\u00f3lo dos tercios del tama\u00f1o de la tarjeta\u00a0Micro SIM. La compa\u00f1\u00eda dice que el nuevo Nano-SIM permitir\u00e1 a los\u00a0fabricantes\u00a0producir\u00a0dispositivos que sean incluso\u00a0m\u00e1s\u00a0delgados, mientras que ofrece un\u00a0equivalente, si no mejor, nivel de rendimiento\u00a0inal\u00e1mbrico.<\/p>\n<p>La relaci\u00f3n entre Apple y G&amp;D est\u00e1 clara, pero vamos a hacer la educada conjetura de que encontrar\u00e1s este tipo de chip en la pr\u00f3xima generaci\u00f3n del\u00a0iPhone.<\/p>\n<p>Es la primera vez en 20 a\u00f1os que el circuito del SIM se ha cambiado de manera significativa. Esto se debe a que las tarjetas Micro-SIM comparten el mismo tama\u00f1o del circuito y el mismo espesor de la SIM regular, y eso a su vez permite que cualquier persona pueda recortar la SIM regular para convertirla en un Micro-SIM. Con las nuevas Nano-SIM, definitivamente no podr\u00e1s hacer lo mismo.<\/p>\n<p>De acuerdo con Giesecke &amp; Devrient<\/p>\n<ul>\n<li>Nano-SIM mide aproximadamente 12 x 9mm<\/li>\n<li>Un 30%\u00a0m\u00e1s\u00a0peque\u00f1a que la tarjeta Micro-SIM<\/li>\n<li>El espesor de la tarjeta se ha reducido en un 15%<\/li>\n<li>Nano-SIM es casi un 60%\u00a0m\u00e1s\u00a0peque\u00f1a<\/li>\n<\/ul>\n<p>Esto significa que con el Nano-SIM, los\u00a0fabricantes\u00a0de dispositivos tendr\u00e1\u00a0m\u00e1s\u00a0ventaja en la liberaci\u00f3n de espacio adicional para otros\u00a0componentes, como memoria adicional o bater\u00edas\u00a0m\u00e1s\u00a0grandes. O\u00a0simplemente\u00a0puede hacer que el dispositivo m\u00f3vil sea\u00a0m\u00e1s\u00a0delgado.<\/p>\n<p>El nuevo Nano-SIM es compatible con los dispositivos\u00a0m\u00e1s\u00a0antiguos a trav\u00e9s de un adaptador que permitir\u00e1 que la Nano-SIM pueda ser integrada en todas los dispositivos m\u00f3viles existentes basados en GSM. La nueva tarjeta SIM ser\u00e1 exhibido en ferias comerciales en Europa a partir del 15 de noviembre.<\/p>\n","protected":false},"excerpt":{"rendered":"<p>Giesecke &amp; Devrient, una empresa de tecnolog\u00eda alemana, ha anunciado hoy una tarjeta SIM que es s\u00f3lo dos tercios del tama\u00f1o de la tarjeta\u00a0Micro SIM. La compa\u00f1\u00eda dice que el nuevo Nano-SIM permitir\u00e1 a los\u00a0fabricantes\u00a0producir\u00a0dispositivos que sean incluso\u00a0m\u00e1s\u00a0delgados, mientras que ofrece un\u00a0equivalente, si no mejor, nivel de rendimiento\u00a0inal\u00e1mbrico. La relaci\u00f3n entre Apple y G&amp;D est\u00e1 [&hellip;]<\/p>\n","protected":false},"author":7158,"featured_media":0,"comment_status":"open","ping_status":"open","sticky":false,"template":"","format":"standard","meta":{"footnotes":""},"categories":[35850],"tags":[],"class_list":["post-40","post","type-post","status-publish","format-standard","hentry","category-ios"],"_links":{"self":[{"href":"https:\/\/blog.espol.edu.ec\/tommygarces\/wp-json\/wp\/v2\/posts\/40","targetHints":{"allow":["GET"]}}],"collection":[{"href":"https:\/\/blog.espol.edu.ec\/tommygarces\/wp-json\/wp\/v2\/posts"}],"about":[{"href":"https:\/\/blog.espol.edu.ec\/tommygarces\/wp-json\/wp\/v2\/types\/post"}],"author":[{"embeddable":true,"href":"https:\/\/blog.espol.edu.ec\/tommygarces\/wp-json\/wp\/v2\/users\/7158"}],"replies":[{"embeddable":true,"href":"https:\/\/blog.espol.edu.ec\/tommygarces\/wp-json\/wp\/v2\/comments?post=40"}],"version-history":[{"count":4,"href":"https:\/\/blog.espol.edu.ec\/tommygarces\/wp-json\/wp\/v2\/posts\/40\/revisions"}],"predecessor-version":[{"id":45,"href":"https:\/\/blog.espol.edu.ec\/tommygarces\/wp-json\/wp\/v2\/posts\/40\/revisions\/45"}],"wp:attachment":[{"href":"https:\/\/blog.espol.edu.ec\/tommygarces\/wp-json\/wp\/v2\/media?parent=40"}],"wp:term":[{"taxonomy":"category","embeddable":true,"href":"https:\/\/blog.espol.edu.ec\/tommygarces\/wp-json\/wp\/v2\/categories?post=40"},{"taxonomy":"post_tag","embeddable":true,"href":"https:\/\/blog.espol.edu.ec\/tommygarces\/wp-json\/wp\/v2\/tags?post=40"}],"curies":[{"name":"wp","href":"https:\/\/api.w.org\/{rel}","templated":true}]}}