{"id":46,"date":"2012-06-20T03:59:43","date_gmt":"2012-06-20T03:59:43","guid":{"rendered":"http:\/\/blog.espol.edu.ec\/trramos\/?p=46"},"modified":"2012-06-20T22:55:53","modified_gmt":"2012-06-20T22:55:53","slug":"avatar-la-leyenda-de-korra","status":"publish","type":"post","link":"https:\/\/blog.espol.edu.ec\/trramos\/2012\/06\/20\/avatar-la-leyenda-de-korra\/","title":{"rendered":"Avatar: La Leyenda de Korra"},"content":{"rendered":"<p><a href=\"http:\/\/blog.espol.edu.ec\/trramos\/files\/2012\/06\/avatar-la-leyenda-de-korra933.jpg\"><img loading=\"lazy\" decoding=\"async\" class=\"aligncenter size-medium wp-image-47\" src=\"http:\/\/blog.espol.edu.ec\/trramos\/files\/2012\/06\/avatar-la-leyenda-de-korra933-232x300.jpg\" alt=\"\" width=\"232\" height=\"300\" srcset=\"https:\/\/blog.espol.edu.ec\/trramos\/files\/2012\/06\/avatar-la-leyenda-de-korra933-232x300.jpg 232w, https:\/\/blog.espol.edu.ec\/trramos\/files\/2012\/06\/avatar-la-leyenda-de-korra933.jpg 497w\" sizes=\"auto, (max-width: 232px) 100vw, 232px\" \/><\/a><\/p>\n<p>Es una serie animada estadounidense,\u00a0continuaci\u00f3n derivada de\u00a0Avatar: La leyenda de Aang<\/p>\n<div>Tendr\u00e1 26 episodios. Sucedera en el mismo universo ficticio de la serie original: un mundo con caracter\u00edsticas orientales, donde las personas tienen la habilidad de manipular el agua, el fuego, la tierra o el aire, dependiendo de la naci\u00f3n de origen. En este mundo, hay solo una persona capaz de dominar los cuatro elementos, quien mantiene el balance entre las cuatro naciones. Korra, la protagonista de la serie es la siguiente reencarnaci\u00f3n del Avatar despu\u00e9s de Aang.<\/div>\n<div><\/div>\n<div>Se ambienta 75 a\u00f1os despu\u00e9s de los hechos finales de la serie original. Korra se mueve a la Ciudad Rep\u00fablica para dominar su elemento final (aire). Con la orientaci\u00f3n de Tenzin, hijo del anterior avatar Aang, tiene que luchar contra el crimen y enfrentarse a un creciente movimiento que amenaza con desgarrar la metr\u00f3poli.<\/div>\n<div><strong>Categor\u00edas:\u00a0<\/strong>Acci\u00f3n,\u00a0Aventura,\u00a0Comedia,\u00a0Fantas\u00eda,\u00a0Sobrenatural.<\/div>\n<div><a href=\"http:\/\/blog.espol.edu.ec\/trramos\/files\/2012\/06\/The-Legend-of-Korra-TV-Icon.jpg\"><img loading=\"lazy\" decoding=\"async\" class=\"aligncenter size-medium wp-image-48\" src=\"http:\/\/blog.espol.edu.ec\/trramos\/files\/2012\/06\/The-Legend-of-Korra-TV-Icon-300x225.jpg\" alt=\"\" width=\"300\" height=\"225\" srcset=\"https:\/\/blog.espol.edu.ec\/trramos\/files\/2012\/06\/The-Legend-of-Korra-TV-Icon-300x225.jpg 300w, https:\/\/blog.espol.edu.ec\/trramos\/files\/2012\/06\/The-Legend-of-Korra-TV-Icon.jpg 500w\" sizes=\"auto, (max-width: 300px) 100vw, 300px\" \/><\/a><\/div>\n<div>Trailer:<\/div>\n<div><iframe class='youtube-player youtuber' type='text\/html' width='425' height='355' src='http:\/\/www.youtube.com\/embed\/rC8lAbfdOio?rel=0&amp;fs=1' webkitAllowFullScreen mozallowfullscreen allowFullScreen frameborder='0'><\/iframe><\/div>\n","protected":false},"excerpt":{"rendered":"<p>Es una serie animada estadounidense,\u00a0continuaci\u00f3n derivada de\u00a0Avatar: La leyenda de Aang Tendr\u00e1 26 episodios. Sucedera en el mismo universo ficticio de la serie original: un mundo con caracter\u00edsticas orientales, donde las personas tienen la habilidad de manipular el agua, el fuego, la tierra o el aire, dependiendo de la naci\u00f3n de origen. En este mundo, [&hellip;]<\/p>\n","protected":false},"author":6927,"featured_media":0,"comment_status":"open","ping_status":"open","sticky":false,"template":"","format":"standard","meta":{"footnotes":""},"categories":[1],"tags":[],"class_list":["post-46","post","type-post","status-publish","format-standard","hentry","category-uncategorized"],"_links":{"self":[{"href":"https:\/\/blog.espol.edu.ec\/trramos\/wp-json\/wp\/v2\/posts\/46","targetHints":{"allow":["GET"]}}],"collection":[{"href":"https:\/\/blog.espol.edu.ec\/trramos\/wp-json\/wp\/v2\/posts"}],"about":[{"href":"https:\/\/blog.espol.edu.ec\/trramos\/wp-json\/wp\/v2\/types\/post"}],"author":[{"embeddable":true,"href":"https:\/\/blog.espol.edu.ec\/trramos\/wp-json\/wp\/v2\/users\/6927"}],"replies":[{"embeddable":true,"href":"https:\/\/blog.espol.edu.ec\/trramos\/wp-json\/wp\/v2\/comments?post=46"}],"version-history":[{"count":4,"href":"https:\/\/blog.espol.edu.ec\/trramos\/wp-json\/wp\/v2\/posts\/46\/revisions"}],"predecessor-version":[{"id":50,"href":"https:\/\/blog.espol.edu.ec\/trramos\/wp-json\/wp\/v2\/posts\/46\/revisions\/50"}],"wp:attachment":[{"href":"https:\/\/blog.espol.edu.ec\/trramos\/wp-json\/wp\/v2\/media?parent=46"}],"wp:term":[{"taxonomy":"category","embeddable":true,"href":"https:\/\/blog.espol.edu.ec\/trramos\/wp-json\/wp\/v2\/categories?post=46"},{"taxonomy":"post_tag","embeddable":true,"href":"https:\/\/blog.espol.edu.ec\/trramos\/wp-json\/wp\/v2\/tags?post=46"}],"curies":[{"name":"wp","href":"https:\/\/api.w.org\/{rel}","templated":true}]}}