{"id":1675,"date":"2017-03-23T10:01:19","date_gmt":"2017-03-23T15:01:19","guid":{"rendered":"http:\/\/blog.espol.edu.ec\/turismoweb\/?p=1675"},"modified":"2017-03-23T10:01:19","modified_gmt":"2017-03-23T15:01:19","slug":"turismo-cientifico-en-las-islas-galapagos-ecuador","status":"publish","type":"post","link":"https:\/\/blog.espol.edu.ec\/turismoweb\/2017\/03\/23\/turismo-cientifico-en-las-islas-galapagos-ecuador\/","title":{"rendered":"Turismo cient\u00edfico en las Islas Gal\u00e1pagos Ecuador"},"content":{"rendered":"<p><a href=\"http:\/\/blog.espol.edu.ec\/turismoweb\/files\/2017\/03\/Turismo-cient\u00edfico-en-las-Islas-Gal\u00e1pagos-Ecuador-solsticio.jpg\"><img loading=\"lazy\" decoding=\"async\" class=\"aligncenter  wp-image-1676\" src=\"http:\/\/blog.espol.edu.ec\/turismoweb\/files\/2017\/03\/Turismo-cient\u00edfico-en-las-Islas-Gal\u00e1pagos-Ecuador-solsticio.jpg\" alt=\"Turismo cient\u00edfico en las Islas Gal\u00e1pagos Ecuador solsticio\" width=\"349\" height=\"237\" \/><\/a>Seg\u00fan informes del Ministerio de Turismo MINTUR se conoce que 120 astr\u00f3nomos de diferentes pa\u00edses del mundo han disfrutado de la belleza de las Islas Gal\u00e1pagos, Ecuador. A\u00f1adi\u00f3 que los expertos han participado en el Congreso Internacional denominado como \"Origen y evoluci\u00f3n de halos gal\u00e1cticos bi\u00f3nicos\", desarrollado en la ciudad de Puerto Ayora, Santa Cruz, Gal\u00e1pagos. Mintur de acuerdo durante la estancia de los cient\u00edficos que analizaron los resultados de los \u00faltimos a\u00f1os, particularmente en el estudio de los halos gal\u00e1cticos bi\u00f3nicos la denominada regi\u00f3n del espacio que rodea las galaxias espirales, de gran inter\u00e9s para la ciencia.<\/p>\n<h2>Turismo cient\u00edfico en las Islas Gal\u00e1pagos Ecuador (Solsticio).<\/h2>\n<p>Este conocimiento tambi\u00e9n se ha dado a los habitantes del archipi\u00e9lago, a trav\u00e9s de conferencias y exhibiciones al aire libre.<\/p>\n<p>La Primavera solsticio era el foco principal de las conversaciones que se dieron a la gente y tambi\u00e9n los turistas pueden disfrutar. Un ejemplo era ver como el sol a las 11 am, sin la producci\u00f3n de sombra, justamente por la posici\u00f3n del sol solo por \u00e9se d\u00eda (solsticio). Un evento no visto en las Islas Gal\u00e1pagos y con la ayuda del grupo de expertos podr\u00eda ser disfrutado al m\u00e1ximo. De acuerdo con la cartera del Estado, este tipo de eventos no s\u00f3lo sirve para promover los destinos tur\u00edsticos en Ecuador, sino que tambi\u00e9n ayuda a posicionar las Gal\u00e1pagos y el pa\u00eds como destino de congresos y convenciones adem\u00e1s de ser un gran atractivo para la ciencia internacional.<\/p>\n","protected":false},"excerpt":{"rendered":"<p>Seg\u00fan informes del Ministerio de Turismo MINTUR se conoce que 120 astr\u00f3nomos de diferentes pa\u00edses del mundo han disfrutado de la belleza de las Islas Gal\u00e1pagos, Ecuador. A\u00f1adi\u00f3 que los expertos han participado en el Congreso Internacional denominado como \"Origen y evoluci\u00f3n de halos gal\u00e1cticos bi\u00f3nicos\", desarrollado en la ciudad de Puerto Ayora, Santa Cruz, [&hellip;]<\/p>\n","protected":false},"author":9212,"featured_media":0,"comment_status":"closed","ping_status":"open","sticky":false,"template":"","format":"standard","meta":{"footnotes":""},"categories":[24415],"tags":[],"class_list":["post-1675","post","type-post","status-publish","format-standard","hentry","category-turismo-ecuador"],"aioseo_notices":[],"_links":{"self":[{"href":"https:\/\/blog.espol.edu.ec\/turismoweb\/wp-json\/wp\/v2\/posts\/1675","targetHints":{"allow":["GET"]}}],"collection":[{"href":"https:\/\/blog.espol.edu.ec\/turismoweb\/wp-json\/wp\/v2\/posts"}],"about":[{"href":"https:\/\/blog.espol.edu.ec\/turismoweb\/wp-json\/wp\/v2\/types\/post"}],"author":[{"embeddable":true,"href":"https:\/\/blog.espol.edu.ec\/turismoweb\/wp-json\/wp\/v2\/users\/9212"}],"replies":[{"embeddable":true,"href":"https:\/\/blog.espol.edu.ec\/turismoweb\/wp-json\/wp\/v2\/comments?post=1675"}],"version-history":[{"count":1,"href":"https:\/\/blog.espol.edu.ec\/turismoweb\/wp-json\/wp\/v2\/posts\/1675\/revisions"}],"predecessor-version":[{"id":1677,"href":"https:\/\/blog.espol.edu.ec\/turismoweb\/wp-json\/wp\/v2\/posts\/1675\/revisions\/1677"}],"wp:attachment":[{"href":"https:\/\/blog.espol.edu.ec\/turismoweb\/wp-json\/wp\/v2\/media?parent=1675"}],"wp:term":[{"taxonomy":"category","embeddable":true,"href":"https:\/\/blog.espol.edu.ec\/turismoweb\/wp-json\/wp\/v2\/categories?post=1675"},{"taxonomy":"post_tag","embeddable":true,"href":"https:\/\/blog.espol.edu.ec\/turismoweb\/wp-json\/wp\/v2\/tags?post=1675"}],"curies":[{"name":"wp","href":"https:\/\/api.w.org\/{rel}","templated":true}]}}