{"id":2208,"date":"2019-10-08T16:13:42","date_gmt":"2019-10-08T21:13:42","guid":{"rendered":"http:\/\/blog.espol.edu.ec\/turismoweb\/?p=2208"},"modified":"2019-10-08T16:13:42","modified_gmt":"2019-10-08T21:13:42","slug":"el-ecuador-pierde-mas-de-100-millones-de-dolares-en-sector-turistico-por-el-paro-nacional","status":"publish","type":"post","link":"https:\/\/blog.espol.edu.ec\/turismoweb\/2019\/10\/08\/el-ecuador-pierde-mas-de-100-millones-de-dolares-en-sector-turistico-por-el-paro-nacional\/","title":{"rendered":"El Ecuador pierde m\u00e1s de 100 millones de d\u00f3lares en sector tur\u00edstico por el Paro Nacional"},"content":{"rendered":"<p><a href=\"http:\/\/blog.espol.edu.ec\/turismoweb\/files\/2019\/10\/El-Ecuador-pierde-m\u00e1s-de-100-millones-de-d\u00f3lares-en-sector-tur\u00edstico-por-el-Paro-Nacional.jpg\"><img loading=\"lazy\" decoding=\"async\" class=\"aligncenter  wp-image-2209\" src=\"http:\/\/blog.espol.edu.ec\/turismoweb\/files\/2019\/10\/El-Ecuador-pierde-m\u00e1s-de-100-millones-de-d\u00f3lares-en-sector-tur\u00edstico-por-el-Paro-Nacional.jpg\" alt=\"El Ecuador pierde m\u00e1s de 100 millones de d\u00f3lares en sector tur\u00edstico por el Paro Nacional\" width=\"303\" height=\"226\" \/><\/a>El Ecuador se encuentra desde el Jueves 3 de Octubre en un Paro nacional, que si bien no se siente en determinadas ciudades como tal, si que se conoce que en la ciudad de Quito los ind\u00edgenas de las comunidades aleda\u00f1as se han reunido en varios miles para hacer los debidos reclamos por el alza de los combustibles y \u00e9sto no hace m\u00e1s que verse reflejado en el movimiento mermado de los turistas locales y extranjeros, se conoce que las embajadas de Estados Unidos, Canad\u00e1, Espa\u00f1a, M\u00e9xico y otros pa\u00edses, han enviado comunicados para que sus turistas no viajen a el Ecuador por los problemas internos del pa\u00eds. Expertos comentan que en el tiempo que lleva el Paro nacional en el Ecuador son 100 millones de d\u00f3lares los que se pierden por \u00e9sta actividad.<\/p>\n<h2>Feriado del Viernes 11 de Octubre si ser\u00e1 feriado aunque se ver\u00e1 mermado por el Paro Nacional.<\/h2>\n<p>Recordemos que el turismo es una de las principales entradas de dinero del pa\u00eds sudamericano. Analistas en Pol\u00edtica y turismo comentan que las consecuencias ya est\u00e1n marcadas, \u00e9stas se reflejar\u00e1n por lo largo de los siguientes 6 meses. Se dice que \u00e9stos problemas de pol\u00edtica y econom\u00eda interna afectan de cara a los tour operadores quienes consideran a un pa\u00eds que atraviesa \u00e9ste tipo de manifestaciones como un pa\u00eds inestable y se resisten un poco a agregar a un pa\u00eds con problemas y manifestaciones en sus rutas de viajes, rutas a\u00e9reas, planes tur\u00edsticos y turismo en general.<\/p>\n<h3>Turistas extranjeros cancelan sus vacaciones en Ecuador y exigen devoluci\u00f3n de su dinero.<\/h3>\n<p>Dentro de las dudas e incertidumbre de los ecuatorianos est\u00e1 el feriado del 9 de Octubre que originalmente es Mi\u00e9rcoles y que por ley se lo pas\u00f3 al Viernes 11 de Octubre, \u00e9ste feriado si se llevar\u00e1 a cabo, el problema, seg\u00fan expertos, es que las carreteras presentan desmanes y reclamos, por lo que es poco probable que se disfrute del feriado con normalidad. En los destinos tur\u00edsticos los comercios, restaurantes y hoteles esperaban \u00e9ste feriado para ganar dinero por la llegada de turistas, ahora se conoce que al no llegar turistas las p\u00e9rdidas rondar\u00e1n los 50 millones de d\u00f3lares. Nada que decir de los turistas extranjeros que llegar\u00edan a el Ecuador en \u00e9stas fechas y en los meses pr\u00f3ximos, muchos de ellos han cancelado su viaje y exigen la devoluci\u00f3n de su dinero.<\/p>\n<p>Lo ideal es que llegue la calma y se solucionen los reclamos dentro del pa\u00eds para volver a un verdadero y normal d\u00eda a d\u00eda. En cualquiera de los casos es lo que se busca y necesita para el crecimiento del Ecuador.<\/p>\n","protected":false},"excerpt":{"rendered":"<p>El Ecuador se encuentra desde el Jueves 3 de Octubre en un Paro nacional, que si bien no se siente en determinadas ciudades como tal, si que se conoce que en la ciudad de Quito los ind\u00edgenas de las comunidades aleda\u00f1as se han reunido en varios miles para hacer los debidos reclamos por el alza [&hellip;]<\/p>\n","protected":false},"author":9212,"featured_media":0,"comment_status":"closed","ping_status":"open","sticky":false,"template":"","format":"standard","meta":{"footnotes":""},"categories":[24415,4315],"tags":[],"class_list":["post-2208","post","type-post","status-publish","format-standard","hentry","category-turismo-ecuador","category-vacaciones"],"aioseo_notices":[],"_links":{"self":[{"href":"https:\/\/blog.espol.edu.ec\/turismoweb\/wp-json\/wp\/v2\/posts\/2208","targetHints":{"allow":["GET"]}}],"collection":[{"href":"https:\/\/blog.espol.edu.ec\/turismoweb\/wp-json\/wp\/v2\/posts"}],"about":[{"href":"https:\/\/blog.espol.edu.ec\/turismoweb\/wp-json\/wp\/v2\/types\/post"}],"author":[{"embeddable":true,"href":"https:\/\/blog.espol.edu.ec\/turismoweb\/wp-json\/wp\/v2\/users\/9212"}],"replies":[{"embeddable":true,"href":"https:\/\/blog.espol.edu.ec\/turismoweb\/wp-json\/wp\/v2\/comments?post=2208"}],"version-history":[{"count":1,"href":"https:\/\/blog.espol.edu.ec\/turismoweb\/wp-json\/wp\/v2\/posts\/2208\/revisions"}],"predecessor-version":[{"id":2210,"href":"https:\/\/blog.espol.edu.ec\/turismoweb\/wp-json\/wp\/v2\/posts\/2208\/revisions\/2210"}],"wp:attachment":[{"href":"https:\/\/blog.espol.edu.ec\/turismoweb\/wp-json\/wp\/v2\/media?parent=2208"}],"wp:term":[{"taxonomy":"category","embeddable":true,"href":"https:\/\/blog.espol.edu.ec\/turismoweb\/wp-json\/wp\/v2\/categories?post=2208"},{"taxonomy":"post_tag","embeddable":true,"href":"https:\/\/blog.espol.edu.ec\/turismoweb\/wp-json\/wp\/v2\/tags?post=2208"}],"curies":[{"name":"wp","href":"https:\/\/api.w.org\/{rel}","templated":true}]}}