{"id":2211,"date":"2019-10-13T22:08:58","date_gmt":"2019-10-14T03:08:58","guid":{"rendered":"http:\/\/blog.espol.edu.ec\/turismoweb\/?p=2211"},"modified":"2019-10-13T22:08:58","modified_gmt":"2019-10-14T03:08:58","slug":"banos-de-agua-santa-sin-turistas-por-el-paro-nacional-en-ecuador","status":"publish","type":"post","link":"https:\/\/blog.espol.edu.ec\/turismoweb\/2019\/10\/13\/banos-de-agua-santa-sin-turistas-por-el-paro-nacional-en-ecuador\/","title":{"rendered":"Ba\u00f1os de Agua Santa sin turistas por el paro nacional en Ecuador"},"content":{"rendered":"<p><a href=\"http:\/\/blog.espol.edu.ec\/turismoweb\/files\/2019\/10\/Ba\u00f1os-de-Agua-Santa-sin-turistas-por-el-paro-nacional-en-Ecuador.jpg\"><img loading=\"lazy\" decoding=\"async\" class=\"aligncenter  wp-image-2212\" src=\"http:\/\/blog.espol.edu.ec\/turismoweb\/files\/2019\/10\/Ba\u00f1os-de-Agua-Santa-sin-turistas-por-el-paro-nacional-en-Ecuador.jpg\" alt=\"Ba\u00f1os de Agua Santa sin turistas por el paro nacional en Ecuador\" width=\"346\" height=\"259\" \/><\/a>Lo que conocemos es que las personas en la localidad est\u00e1n bastante tranquilas, la real dificultad es que la situaci\u00f3n actual osea el paro nacional, no nos permite hacer ninguna actividad que tenga relaci\u00f3n con el turismo por la movilidad reducida en las carreteras. Por el momento no se conocen de estad\u00edsticas oficiales sobre el alojamiento en <strong>Ba\u00f1os de Agua Santa<\/strong>, lo que si se conoce extra oficial es que muchas o casi todas las reservas en hoteles se han cancelado, \u00e9stos datos se conocen por parte de autoridades del turismo en Ba\u00f1os.<\/p>\n<p>Uno de los datos m\u00e1s negativos es que las reservas que se conoce se han cancelado no son solamente para fechas cercanas sino que adem\u00e1s se han cancelado reservas que estaban realizadas para el 2020 lo que tiene un poco preocupado al sector.<\/p>\n<h2>Ba\u00f1os de Agua Santa sin turistas por el paro nacional en Ecuador<\/h2>\n<p>La cancelaci\u00f3n de visitas tur\u00edsticas en la zona y en el resto del Ecuador se dan porque es com\u00fan que los turistas extranjeros planifiquen sus viajes con un a\u00f1o de anticipaci\u00f3n.<\/p>\n<p>Por poner un ejemplo en concreto hay hoteles que ten\u00edan agendadas unas 20 reservas en alojamiento para \u00e9ste fin de semana y en \u00e9ste momento no tienen un solo hu\u00e9sped.<\/p>\n<p>Es claro que el paro nacional y cierre de carreteras genera temor por parte de turistas locales y extranjeros, lo ideal es no exponerse ante \u00e9sta situaci\u00f3n, entonces, los due\u00f1os de hoteles y representantes del sector declaran que hasta cierto punto es normal que se cancelen las reservas y que en \u00e9stos momentos la ocupaci\u00f3n hotelera sea nula, lo ideal ser\u00eda que el paro termine para de alguna manera iniciar nuevamente a tener movimiento en el turismo local y nacional.<\/p>\n<p>Por otro lado, la para se registra tambi\u00e9n en la actividad de agencias de turismo que venden paquetes de turismo y agencian las reservas para el alojamiento de los turistas en \u00e9ste caso Ba\u00f1os de Agua Santa es un destino muy visitado por extranjeros y locales, el movimiento que se perdi\u00f3 en \u00e9ste feriado significa mucho dinero para quienes viven de la actividad tur\u00edstica.<\/p>\n<p>En promedio por <strong>hotel<\/strong> lo que se esperaba eran entre 30 y 40 turistas con un promedio de entre 15 y 20 d\u00f3lares de gastos por alojamiento al d\u00eda, esas son las cifras que declaran los hoteleros en Ba\u00f1os, sector que como muchas otras partes del pa\u00eds esperan que los reclamos cesen y que todo pase a terreno positivo.<\/p>\n","protected":false},"excerpt":{"rendered":"<p>Lo que conocemos es que las personas en la localidad est\u00e1n bastante tranquilas, la real dificultad es que la situaci\u00f3n actual osea el paro nacional, no nos permite hacer ninguna actividad que tenga relaci\u00f3n con el turismo por la movilidad reducida en las carreteras. Por el momento no se conocen de estad\u00edsticas oficiales sobre el [&hellip;]<\/p>\n","protected":false},"author":9212,"featured_media":0,"comment_status":"closed","ping_status":"open","sticky":false,"template":"","format":"standard","meta":{"footnotes":""},"categories":[24415],"tags":[],"class_list":["post-2211","post","type-post","status-publish","format-standard","hentry","category-turismo-ecuador"],"aioseo_notices":[],"_links":{"self":[{"href":"https:\/\/blog.espol.edu.ec\/turismoweb\/wp-json\/wp\/v2\/posts\/2211","targetHints":{"allow":["GET"]}}],"collection":[{"href":"https:\/\/blog.espol.edu.ec\/turismoweb\/wp-json\/wp\/v2\/posts"}],"about":[{"href":"https:\/\/blog.espol.edu.ec\/turismoweb\/wp-json\/wp\/v2\/types\/post"}],"author":[{"embeddable":true,"href":"https:\/\/blog.espol.edu.ec\/turismoweb\/wp-json\/wp\/v2\/users\/9212"}],"replies":[{"embeddable":true,"href":"https:\/\/blog.espol.edu.ec\/turismoweb\/wp-json\/wp\/v2\/comments?post=2211"}],"version-history":[{"count":1,"href":"https:\/\/blog.espol.edu.ec\/turismoweb\/wp-json\/wp\/v2\/posts\/2211\/revisions"}],"predecessor-version":[{"id":2213,"href":"https:\/\/blog.espol.edu.ec\/turismoweb\/wp-json\/wp\/v2\/posts\/2211\/revisions\/2213"}],"wp:attachment":[{"href":"https:\/\/blog.espol.edu.ec\/turismoweb\/wp-json\/wp\/v2\/media?parent=2211"}],"wp:term":[{"taxonomy":"category","embeddable":true,"href":"https:\/\/blog.espol.edu.ec\/turismoweb\/wp-json\/wp\/v2\/categories?post=2211"},{"taxonomy":"post_tag","embeddable":true,"href":"https:\/\/blog.espol.edu.ec\/turismoweb\/wp-json\/wp\/v2\/tags?post=2211"}],"curies":[{"name":"wp","href":"https:\/\/api.w.org\/{rel}","templated":true}]}}