{"id":129,"date":"2015-07-14T22:22:47","date_gmt":"2015-07-15T03:22:47","guid":{"rendered":"http:\/\/blog.espol.edu.ec\/urbanologia\/?p=129"},"modified":"2015-07-14T22:22:47","modified_gmt":"2015-07-15T03:22:47","slug":"natos-y-waor-problemas-videoclip-nuevo-trabajo","status":"publish","type":"post","link":"https:\/\/blog.espol.edu.ec\/urbanologia\/?p=129","title":{"rendered":"Natos y Waor - Problemas [Videoclip] (Nuevo Trabajo)"},"content":{"rendered":"<p><iframe loading=\"lazy\" title=\"Natos y Waor - PROBLEMAS (Videoclip Oficial)\" width=\"584\" height=\"329\" src=\"https:\/\/www.youtube.com\/embed\/39bdp4kuTgE?feature=oembed\" frameborder=\"0\" allow=\"accelerometer; autoplay; clipboard-write; encrypted-media; gyroscope; picture-in-picture; web-share\" referrerpolicy=\"strict-origin-when-cross-origin\" allowfullscreen><\/iframe><\/p>\n<p>Los artistas madrile\u00f1os, luego del conjunto de videoclips de \"Barras Bravas\", llegan con un nuevo trabajo audiovisual para promocionar su nuevo \u00e1lbum.<!--more--><\/p>\n<p>El nuevo trabajo llevar\u00e1 el nombre de\u00a0<strong>\"Martes 13\"<\/strong>, y curiosamente saldr\u00e1 a la venta este Martes 13 de Octubre. Estar\u00eda confirmado que habr\u00e1 una cantidad limitada\u00a0de copias en formato f\u00edsico las cuales podr\u00e1n ser reservadas a trav\u00e9s de su <a href=\"http:\/\/www.natosywaor.com\/\" target=\"_blank\">p\u00e1gina oficial<\/a>.<\/p>\n","protected":false},"excerpt":{"rendered":"<p>Los artistas madrile\u00f1os, luego del conjunto de videoclips de \"Barras Bravas\", llegan con un nuevo trabajo audiovisual para promocionar su nuevo \u00e1lbum.<\/p>\n","protected":false},"author":9689,"featured_media":0,"comment_status":"open","ping_status":"open","sticky":false,"template":"","format":"standard","meta":{"footnotes":""},"categories":[128,130],"tags":[72644,1263395,1263393,1263394],"class_list":["post-129","post","type-post","status-publish","format-standard","hentry","category-noticias","category-videos","tag-discos","tag-martes-13","tag-natos","tag-waor"],"_links":{"self":[{"href":"https:\/\/blog.espol.edu.ec\/urbanologia\/index.php?rest_route=\/wp\/v2\/posts\/129","targetHints":{"allow":["GET"]}}],"collection":[{"href":"https:\/\/blog.espol.edu.ec\/urbanologia\/index.php?rest_route=\/wp\/v2\/posts"}],"about":[{"href":"https:\/\/blog.espol.edu.ec\/urbanologia\/index.php?rest_route=\/wp\/v2\/types\/post"}],"author":[{"embeddable":true,"href":"https:\/\/blog.espol.edu.ec\/urbanologia\/index.php?rest_route=\/wp\/v2\/users\/9689"}],"replies":[{"embeddable":true,"href":"https:\/\/blog.espol.edu.ec\/urbanologia\/index.php?rest_route=%2Fwp%2Fv2%2Fcomments&post=129"}],"version-history":[{"count":1,"href":"https:\/\/blog.espol.edu.ec\/urbanologia\/index.php?rest_route=\/wp\/v2\/posts\/129\/revisions"}],"predecessor-version":[{"id":130,"href":"https:\/\/blog.espol.edu.ec\/urbanologia\/index.php?rest_route=\/wp\/v2\/posts\/129\/revisions\/130"}],"wp:attachment":[{"href":"https:\/\/blog.espol.edu.ec\/urbanologia\/index.php?rest_route=%2Fwp%2Fv2%2Fmedia&parent=129"}],"wp:term":[{"taxonomy":"category","embeddable":true,"href":"https:\/\/blog.espol.edu.ec\/urbanologia\/index.php?rest_route=%2Fwp%2Fv2%2Fcategories&post=129"},{"taxonomy":"post_tag","embeddable":true,"href":"https:\/\/blog.espol.edu.ec\/urbanologia\/index.php?rest_route=%2Fwp%2Fv2%2Ftags&post=129"}],"curies":[{"name":"wp","href":"https:\/\/api.w.org\/{rel}","templated":true}]}}