{"id":1628,"date":"2014-03-15T12:54:37","date_gmt":"2014-03-15T17:54:37","guid":{"rendered":"http:\/\/blog.espol.edu.ec\/vaeb\/?p=1628"},"modified":"2014-03-15T12:54:37","modified_gmt":"2014-03-15T17:54:37","slug":"listado-definitivo-estudiantes-xxvi-incorporacion-colectiva","status":"publish","type":"post","link":"https:\/\/blog.espol.edu.ec\/vaeb\/2014\/03\/15\/listado-definitivo-estudiantes-xxvi-incorporacion-colectiva\/","title":{"rendered":"LISTADO DEFINITIVO ESTUDIANTES XXVI INCORPORACI\u00d3N COLECTIVA"},"content":{"rendered":"<p><strong>La Secretar\u00eda T\u00e9cnica Acad\u00e9mica (STA) ha hecho llegar un nuevo listado de los estudiantes que participar\u00e1n en la XXVI Incorporaci\u00f3n Colectiva de Profesionales de la ESPOL, el pr\u00f3ximo 16 de mayo de 2014. \u00a0Se adjunta el nuevo listado, que es el definitivo.<\/strong><\/p>\n<p>&nbsp;<\/p>\n<p><a href=\"http:\/\/blog.espol.edu.ec\/vaeb\/files\/2014\/03\/N\u00d3MINA-DE-GRADUADOS-2014.png\"><img loading=\"lazy\" decoding=\"async\" class=\"aligncenter size-medium wp-image-1622\" alt=\"N\u00d3MINA DE GRADUADOS 2014\" src=\"http:\/\/blog.espol.edu.ec\/vaeb\/files\/2014\/03\/N\u00d3MINA-DE-GRADUADOS-2014-300x225.png\" width=\"300\" height=\"225\" srcset=\"https:\/\/blog.espol.edu.ec\/vaeb\/files\/2014\/03\/N\u00d3MINA-DE-GRADUADOS-2014-300x225.png 300w, https:\/\/blog.espol.edu.ec\/vaeb\/files\/2014\/03\/N\u00d3MINA-DE-GRADUADOS-2014.png 960w\" sizes=\"auto, (max-width: 300px) 100vw, 300px\" \/><a href=\"http:\/\/blog.espol.edu.ec\/vaeb\/files\/2014\/03\/GRADUADOS_15-03-2014-3.xlsx\">GRADUADOS_15-03-2014-3<\/a><\/a><\/p>\n<p>&nbsp;<\/p>\n","protected":false},"excerpt":{"rendered":"<p>La Secretar\u00eda T\u00e9cnica Acad\u00e9mica (STA) ha hecho llegar un nuevo listado de los estudiantes que participar\u00e1n en la XXVI Incorporaci\u00f3n Colectiva de Profesionales de la ESPOL, el pr\u00f3ximo 16 de mayo de 2014. \u00a0Se adjunta el nuevo listado, que es &hellip; <a href=\"https:\/\/blog.espol.edu.ec\/vaeb\/2014\/03\/15\/listado-definitivo-estudiantes-xxvi-incorporacion-colectiva\/\">Sigue leyendo <span class=\"meta-nav\">&rarr;<\/span><\/a><\/p>\n","protected":false},"author":2883,"featured_media":0,"comment_status":"open","ping_status":"closed","sticky":false,"template":"","format":"standard","meta":{"_monsterinsights_skip_tracking":false,"_monsterinsights_sitenote_active":false,"_monsterinsights_sitenote_note":"","_monsterinsights_sitenote_category":0,"footnotes":""},"categories":[1],"tags":[],"class_list":["post-1628","post","type-post","status-publish","format-standard","hentry","category-uncategorized"],"_links":{"self":[{"href":"https:\/\/blog.espol.edu.ec\/vaeb\/wp-json\/wp\/v2\/posts\/1628","targetHints":{"allow":["GET"]}}],"collection":[{"href":"https:\/\/blog.espol.edu.ec\/vaeb\/wp-json\/wp\/v2\/posts"}],"about":[{"href":"https:\/\/blog.espol.edu.ec\/vaeb\/wp-json\/wp\/v2\/types\/post"}],"author":[{"embeddable":true,"href":"https:\/\/blog.espol.edu.ec\/vaeb\/wp-json\/wp\/v2\/users\/2883"}],"replies":[{"embeddable":true,"href":"https:\/\/blog.espol.edu.ec\/vaeb\/wp-json\/wp\/v2\/comments?post=1628"}],"version-history":[{"count":1,"href":"https:\/\/blog.espol.edu.ec\/vaeb\/wp-json\/wp\/v2\/posts\/1628\/revisions"}],"predecessor-version":[{"id":1630,"href":"https:\/\/blog.espol.edu.ec\/vaeb\/wp-json\/wp\/v2\/posts\/1628\/revisions\/1630"}],"wp:attachment":[{"href":"https:\/\/blog.espol.edu.ec\/vaeb\/wp-json\/wp\/v2\/media?parent=1628"}],"wp:term":[{"taxonomy":"category","embeddable":true,"href":"https:\/\/blog.espol.edu.ec\/vaeb\/wp-json\/wp\/v2\/categories?post=1628"},{"taxonomy":"post_tag","embeddable":true,"href":"https:\/\/blog.espol.edu.ec\/vaeb\/wp-json\/wp\/v2\/tags?post=1628"}],"curies":[{"name":"wp","href":"https:\/\/api.w.org\/{rel}","templated":true}]}}