{"id":82,"date":"2009-08-17T12:58:29","date_gmt":"2009-08-17T17:58:29","guid":{"rendered":"http:\/\/blog.espol.edu.ec\/vanessamoreno\/?p=82"},"modified":"2009-08-27T08:56:59","modified_gmt":"2009-08-27T13:56:59","slug":"el-calentamiento-global","status":"publish","type":"post","link":"https:\/\/blog.espol.edu.ec\/vanessamoreno\/2009\/08\/17\/el-calentamiento-global\/","title":{"rendered":"EL CALENTAMIENTO GLOBAL"},"content":{"rendered":"<p style=\"text-align: justify\"><span style=\"color: #000000\"><strong>Calentamiento global<\/strong> es un t\u00e9rmino utilizado habitualmente en dos sentidos:<\/span><\/p>\n<ol style=\"text-align: justify\">\n<li><span style=\"color: #000000\">Es el fen\u00f3meno observado en las medidas de la temperatura que muestra en promedio un aumento en la <\/span><a title=\"Temperatura\" href=\"http:\/\/es.wikipedia.org\/wiki\/Temperatura\"><span style=\"color: #000000\">temperatura<\/span><\/a><span style=\"color: #000000\"> de la <\/span><a title=\"Atm\u00f3sfera terrestre\" href=\"http:\/\/es.wikipedia.org\/wiki\/Atm%C3%B3sfera_terrestre\"><span style=\"color: #000000\">atm\u00f3sfera terrestre<\/span><\/a><span style=\"color: #000000\"> y de los <\/span><a class=\"mw-redirect\" title=\"Oc\u00e9anos\" href=\"http:\/\/es.wikipedia.org\/wiki\/Oc%C3%A9anos\"><span style=\"color: #000000\">oc\u00e9anos<\/span><\/a><span style=\"color: #000000\"> en las \u00faltimas d\u00e9cadas.<\/span><\/li>\n<li><span style=\"color: #000000\">Es una teor\u00eda que predice, a partir de proyecciones basadas en simulaciones computacionales, un crecimiento futuro de las temperaturas.<\/span><\/li>\n<\/ol>\n<p style=\"text-align: justify\"><span style=\"color: #000000\">Algunas veces se utilizan las denominaciones <\/span><a title=\"Cambio clim\u00e1tico\" href=\"http:\/\/es.wikipedia.org\/wiki\/Cambio_clim%C3%A1tico\"><span style=\"color: #000000\">cambio clim\u00e1tico<\/span><\/a><span style=\"color: #000000\">, que designa a cualquier cambio en el clima, o <\/span><a title=\"Influencia antropog\u00e9nica sobre el clima\" href=\"http:\/\/es.wikipedia.org\/wiki\/Influencia_antropog%C3%A9nica_sobre_el_clima\"><span style=\"color: #000000\">cambio clim\u00e1tico antropog\u00e9nico<\/span><\/a><span style=\"color: #000000\">, donde se considera impl\u00edcitamente la influencia de la actividad humana. Calentamiento global y <\/span><a title=\"Efecto invernadero\" href=\"http:\/\/es.wikipedia.org\/wiki\/Efecto_invernadero\"><span style=\"color: #000000\">efecto invernadero<\/span><\/a><span style=\"color: #000000\"> no son sin\u00f3nimos. El efecto invernadero acrecentado por la contaminaci\u00f3n puede ser, seg\u00fan algunas teor\u00edas, la causa del calentamiento global observado.<\/span><\/p>\n<p style=\"text-align: justify\"><span style=\"color: #000000\">La temperatura del planeta ha venido elev\u00e1ndose desde mediados del <\/span><a title=\"Siglo XIX\" href=\"http:\/\/es.wikipedia.org\/wiki\/Siglo_XIX\"><span style=\"color: #000000\">siglo XIX<\/span><\/a><span style=\"color: #000000\">, cuando se puso fin a la etapa conocida como la <\/span><a title=\"Peque\u00f1a Edad de Hielo\" href=\"http:\/\/es.wikipedia.org\/wiki\/Peque%C3%B1a_Edad_de_Hielo\"><span style=\"color: #000000\">peque\u00f1a edad de hielo<\/span><\/a><span style=\"color: #000000\">.<\/span><\/p>\n<div class=\"thumb tright\" style=\"text-align: justify\"><a class=\"image\" title=\"Predicciones basadas en diferentes modelos del incremento de la temperatura media global respecto de su valor en el a\u00f1o 2000.\" href=\"http:\/\/es.wikipedia.org\/wiki\/Archivo:Global_Warming_Predictions.png\"><\/a><\/div>\n<h3 style=\"text-align: justify\"><span style=\"color: #000000\"><img loading=\"lazy\" decoding=\"async\" class=\"size-full wp-image-734 aligncenter\" src=\"http:\/\/calentamientoglobal.files.wordpress.com\/2009\/01\/cglogo.jpg?w=562&amp;h=132\" alt=\"cglogo\" width=\"562\" height=\"132\" \/><\/span><\/h3>\n<h3><span style=\"color: #000000\"><img loading=\"lazy\" decoding=\"async\" class=\"aligncenter size-full wp-image-661\" src=\"http:\/\/calentamientoglobal.files.wordpress.com\/2009\/01\/balance.jpg?w=504&amp;h=289\" alt=\"balance\" width=\"504\" height=\"289\" \/><\/span><\/h3>\n<p style=\"text-align: justify\">\n<div><\/div>\n<p style=\"text-align: justify\"><span style=\"color: #000000\"><\/p>\n<tbody><\/tbody>\n<p>\u00a0<\/p>\n<p><\/span><\/p>\n<td style=\"text-align: justify\">\u00a0<\/td>\n<p style=\"text-align: justify\">\u00a0<\/p>\n<h2 style=\"text-align: justify\"><span class=\"mw-headline\"><span style=\"color: #000000\">Teor\u00edas y objeciones<\/span><\/span><\/h2>\n<p style=\"text-align: justify\"><span style=\"color: #000000\">El 15 de junio del 2009 la <\/span><a class=\"new\" title=\"Fundaci\u00f3n BBVA (a\u00fan no redactado)\" href=\"http:\/\/es.wikipedia.org\/w\/index.php?title=Fundaci%C3%B3n_BBVA&amp;action=edit&amp;redlink=1\"><span style=\"color: #000000\">Fundaci\u00f3n BBVA<\/span><\/a><span style=\"color: #000000\">\u00a0 le otorg\u00f3 al investigador estadounidense <\/span><a class=\"new\" title=\"Wallace Broecker (a\u00fan no redactado)\" href=\"http:\/\/es.wikipedia.org\/w\/index.php?title=Wallace_Broecker&amp;action=edit&amp;redlink=1\"><span style=\"color: #000000\">Wallace Broecker<\/span><\/a><span style=\"color: #000000\"> el premio <em><a title=\"Banco Bilbao Vizcaya Argentaria\" href=\"http:\/\/es.wikipedia.org\/wiki\/Banco_Bilbao_Vizcaya_Argentaria#Premios_Fundaci.C3.B3n_BBVA_Fronteras_del_Conocimiento_y_la_Cultura\">Fronteras del Conocimiento<\/a><\/em> por haber sido el primero en utilizar la expresi\u00f3n \"calentamiento global\" en un art\u00edculo publicado en la revista <em>Science<\/em>, en <\/span><a title=\"1975\" href=\"http:\/\/es.wikipedia.org\/wiki\/1975\"><span style=\"color: #000000\">1975<\/span><\/a><span style=\"color: #000000\"> con el t\u00edtulo <em>Cambio clim\u00e1tico: \u00bfEstamos al borde de un calentamiento global pronunciado?<\/em> (<\/span><a title=\"Calentamiento global\" href=\"http:\/\/es.wikipedia.org\/wiki\/Calentamiento_global#CITEREFBroecker1975\"><span style=\"color: #000000\">Broecker 1975<\/span><\/a><span style=\"color: #000000\">).<\/span><\/p>\n<p style=\"text-align: justify\"><span style=\"color: #000000\">El <\/span><a class=\"mw-redirect\" title=\"Grupo Intergubernamental sobre el Cambio Clim\u00e1tico\" href=\"http:\/\/es.wikipedia.org\/wiki\/Grupo_Intergubernamental_sobre_el_Cambio_Clim%C3%A1tico\"><span style=\"color: #000000\">Grupo Intergubernamental sobre el Cambio Clim\u00e1tico<\/span><\/a><span style=\"color: #000000\"> (IPCC) de la <\/span><a class=\"mw-redirect\" title=\"ONU\" href=\"http:\/\/es.wikipedia.org\/wiki\/ONU\"><span style=\"color: #000000\">ONU<\/span><\/a><span style=\"color: #000000\"> y <\/span><a title=\"Al Gore\" href=\"http:\/\/es.wikipedia.org\/wiki\/Al_Gore\"><span style=\"color: #000000\">Al Gore<\/span><\/a><span style=\"color: #000000\"> recibieron conjuntamente el <\/span><a class=\"mw-redirect\" title=\"Premio Nobel de la Paz\" href=\"http:\/\/es.wikipedia.org\/wiki\/Premio_Nobel_de_la_Paz\"><span style=\"color: #000000\">Premio Nobel de la Paz<\/span><\/a><span style=\"color: #000000\"> de 2007 \u00abpor sus esfuerzos por aumentar y propagar un mayor conocimiento sobre el cambio clim\u00e1tico causado por el hombre y poner los cimientos para las medidas que son necesarias para contrarrestar dicho cambio\u00bb. El presidente del IPCC, en su conferencia de aceptaci\u00f3n del Nobel, expres\u00f3 el \u00abtributo a los millares de expertos y cient\u00edficos que han contribuido al trabajo (del grupo intergubertamental del IPCC) durante casi dos d\u00e9cadas\u00bb y se\u00f1al\u00f3 que una de las fuerzas principales del IPCC son los procedimientos y las pr\u00e1cticas que se han establecido durante los pasados a\u00f1os.<sup><a href=\"http:\/\/es.wikipedia.org\/wiki\/Calentamiento_global#cite_note-7\"><span class=\"corchete-llamada\">[<\/span>8<span class=\"corchete-llamada\">]<\/span><\/a><\/sup> <\/span><a title=\"Al Gore\" href=\"http:\/\/es.wikipedia.org\/wiki\/Al_Gore\"><span style=\"color: #000000\">Al Gore<\/span><\/a><span style=\"color: #000000\"> es autor de \"<em>Earth in the Balance<\/em>\" (<em>La Tierra en juego<\/em>) y el documental \"<\/span><a title=\"Una verdad inc\u00f3moda\" href=\"http:\/\/es.wikipedia.org\/wiki\/Una_verdad_inc%C3%B3moda\"><span style=\"color: #000000\">Una verdad inc\u00f3moda<\/span><\/a><span style=\"color: #000000\">\".<\/span><\/p>\n<p style=\"text-align: justify\"><span style=\"color: #000000\">El debate, superado desde hace tiempo el \u00e1mbito cient\u00edfico, ha llegado al p\u00fablico. El calentamiento global es motivo de controversia, principalmente por sus repercusiones econ\u00f3micas. Existe un debate social y pol\u00edtico sobre la cuesti\u00f3n, en tanto que la comunidad cient\u00edfica internacional ha llegado a un consenso cient\u00edfico suficiente para exigir una acci\u00f3n internacional concertada para aminorar sus efectos (<\/span><a title=\"Calentamiento global\" href=\"http:\/\/es.wikipedia.org\/wiki\/Calentamiento_global#CITEREFOreskes2004\"><span style=\"color: #000000\">Oreskes 2004<\/span><\/a><span style=\"color: #000000\">).<\/span><\/p>\n<p style=\"text-align: justify\"><span style=\"color: #000000\">Estas acciones y medidas se engloban dentro del <\/span><a title=\"Protocolo de Kioto sobre el cambio clim\u00e1tico\" href=\"http:\/\/es.wikipedia.org\/wiki\/Protocolo_de_Kioto_sobre_el_cambio_clim%C3%A1tico\"><span style=\"color: #000000\">Protocolo de Kioto sobre el cambio clim\u00e1tico<\/span><\/a><span style=\"color: #000000\">, que intenta tener cierto efecto sobre el clima futuro y llevar a cabo otras medidas posteriormente. Se piensa que el da\u00f1o medioambiental tendr\u00e1 un impacto tan serio que deben darse pasos inmediatamente para reducir las emisiones de CO<sub>2<\/sub>, a pesar de los costos econ\u00f3micos para las naciones. Por ejemplo <\/span><a title=\"Estados Unidos\" href=\"http:\/\/es.wikipedia.org\/wiki\/Estados_Unidos\"><span style=\"color: #000000\">Estados Unidos<\/span><\/a><span style=\"color: #000000\">, que produce mayores emisiones de gases de efecto invernadero que cualquier otro pa\u00eds, en t\u00e9rminos absolutos, y es el segundo mayor emisor per c\u00e1pita despu\u00e9s de <\/span><a title=\"Australia\" href=\"http:\/\/es.wikipedia.org\/wiki\/Australia\"><span style=\"color: #000000\">Australia<\/span><\/a><span style=\"color: #000000\">.<\/span><\/p>\n<p style=\"text-align: justify\"><span style=\"color: #000000\">Los economistas tambi\u00e9n han alertado de los efectos desastrosos que tendr\u00e1 el cambio clim\u00e1tico sobre la econom\u00eda mundial con reducciones de hasta un 20% en el crecimiento, cuando las medidas para evitarlo no sobrepasar\u00edan el 1%.<sup> <\/sup>Los da\u00f1os econ\u00f3micos predichos provendr\u00edan principalmente del efecto de las cat\u00e1strofes naturales, con cuantiosas p\u00e9rdidas de vidas humanas, por ejemplo en Europa.<sup><a href=\"http:\/\/es.wikipedia.org\/wiki\/Calentamiento_global#cite_note-9\"><span class=\"corchete-llamada\">[<\/span>10<span class=\"corchete-llamada\">]<\/span><\/a><\/sup><\/span><\/p>\n<p style=\"text-align: justify\"><span style=\"color: #000000\">Tambi\u00e9n existen opiniones minoritarias, como <\/span><a title=\"Bj\u00f8rn Lomborg\" href=\"http:\/\/es.wikipedia.org\/wiki\/Bj%C3%B8rn_Lomborg\"><span style=\"color: #000000\">Bj\u00f8rn Lomborg<\/span><\/a><span style=\"color: #000000\">, que ponen en duda el calentamiento global, bas\u00e1ndose en los mismos datos usados por los defensores del calentamiento global. La revista Scientific American (enero de 2002), dedic\u00f3 un n\u00famero especial para refutar el libro de Bj\u00f8rn Lomborg, donde los autores de los reportes citados por el autor, le acusan de falsearlos o malinterpretarlos.<\/span><\/p>\n<p style=\"text-align: justify\"><span style=\"color: #000000\">Algunos cient\u00edficos defienden que no est\u00e1n demostradas las teor\u00edas que predicen el incremento futuro de las temperaturas, argumentando que las diferencias del \u00edndice de calentamiento en el pr\u00f3ximo siglo entre los diferentes modelos inform\u00e1ticos es de m\u00e1s del 400%. Sin embargo, en este argumentario omiten que esta horquilla de variaci\u00f3n siempre recoge aumentos significativos de la temperatura. Estos cient\u00edficos esc\u00e9pticos han sido acusados de estar financiados por consorcios petroleros o presionados por sus fuentes de financiaci\u00f3n p\u00fablicas como el gobierno de los <\/span><a class=\"mw-redirect\" title=\"EE. UU.\" href=\"http:\/\/es.wikipedia.org\/wiki\/EE._UU.\"><span style=\"color: #000000\">EE. UU.<\/span><\/a><span style=\"color: #000000\">. En cualquier caso, sus supuestos estudios no han conseguido abrirse paso en el sistema de <\/span><a title=\"Revisi\u00f3n por pares\" href=\"http:\/\/es.wikipedia.org\/wiki\/Revisi%C3%B3n_por_pares\"><span style=\"color: #000000\">revisi\u00f3n por pares<\/span><\/a><span style=\"color: #000000\"> de las <\/span><a title=\"Publicaci\u00f3n cient\u00edfica\" href=\"http:\/\/es.wikipedia.org\/wiki\/Publicaci%C3%B3n_cient%C3%ADfica\"><span style=\"color: #000000\">publicaciones cient\u00edficas<\/span><\/a><span style=\"color: #000000\"> (<\/span><a title=\"Calentamiento global\" href=\"http:\/\/es.wikipedia.org\/wiki\/Calentamiento_global#CITEREFOreskes2004\"><span style=\"color: #000000\">Oreskes 2004<\/span><\/a><span style=\"color: #000000\">).<\/span><\/p>\n<p style=\"text-align: justify\"><span style=\"color: #000000\"><img loading=\"lazy\" decoding=\"async\" src=\"http:\/\/www.gruponeva.es\/userfiles\/parabolic-trough%5B1%5D.jpg\" alt=\"Andasol1 \" width=\"500\" height=\"300\" \/><\/span><a id=\"Teor.C3.ADa_de_los_gases_invernadero\" name=\"Teor.C3.ADa_de_los_gases_invernadero\"><\/a><\/p>\n<h3 style=\"text-align: center\"><span class=\"mw-headline\"><span style=\"color: #000000\">Teor\u00eda de los gases invernadero<\/span><\/span><\/h3>\n<div class=\"thumb tright\" style=\"text-align: justify\">\n<div class=\"thumbinner\" style=\"width: 302px;text-align: center\"><a class=\"image\" title=\"Concentraci\u00f3n de di\u00f3xido de carbono en los \u00faltimos 417.000 a\u00f1os. La parte roja indica la variaci\u00f3n a partir de 1800.\" href=\"http:\/\/es.wikipedia.org\/wiki\/Archivo:CO2-417k.png\"><span style=\"color: #000000\"><img loading=\"lazy\" decoding=\"async\" class=\"thumbimage\" src=\"http:\/\/upload.wikimedia.org\/wikipedia\/commons\/thumb\/8\/88\/CO2-417k.png\/300px-CO2-417k.png\" alt=\"\" width=\"300\" height=\"202\" \/><\/span><\/a><\/div>\n<div class=\"thumbcaption\">\n<div class=\"magnify\"><a class=\"internal\" title=\"Aumentar\" href=\"http:\/\/es.wikipedia.org\/wiki\/Archivo:CO2-417k.png\"><span style=\"color: #000000\"><img loading=\"lazy\" decoding=\"async\" src=\"http:\/\/es.wikipedia.org\/skins-1.5\/common\/images\/magnify-clip.png\" alt=\"\" width=\"15\" height=\"11\" \/><\/span><\/a><\/div>\n<p><sup><a href=\"http:\/\/es.wikipedia.org\/wiki\/Calentamiento_global#cite_note-17\"><\/a><\/sup><\/p>\n<p><span style=\"color: #000000\">Los <\/span><a class=\"mw-redirect\" title=\"Gases de efecto invernadero\" href=\"http:\/\/es.wikipedia.org\/wiki\/Gases_de_efecto_invernadero\"><span style=\"color: #000000\">gases de efecto invernadero<\/span><\/a><span style=\"color: #000000\"> toman su nombre del hecho de que no dejan salir al espacio la energ\u00eda que emite la Tierra, en forma de radiaci\u00f3n infrarroja, cuando se calienta con la radiaci\u00f3n procedente del Sol, que es el mismo efecto que producen los vidrios de un <\/span><a title=\"Invernadero\" href=\"http:\/\/es.wikipedia.org\/wiki\/Invernadero\"><span style=\"color: #000000\">invernadero<\/span><\/a><span style=\"color: #000000\"> de jardiner\u00eda. Aunque \u00e9stos se calientan principalmente al evitar el escape de calor por <\/span><a title=\"Convecci\u00f3n\" href=\"http:\/\/es.wikipedia.org\/wiki\/Convecci%C3%B3n\"><span style=\"color: #000000\">convecci\u00f3n<\/span><\/a><span style=\"color: #000000\">.<\/span><\/div>\n<p><span style=\"color: #000000\">El <\/span><a title=\"Efecto invernadero\" href=\"http:\/\/es.wikipedia.org\/wiki\/Efecto_invernadero\"><span style=\"color: #000000\">efecto invernadero<\/span><\/a><span style=\"color: #000000\"> natural que suaviza el clima de la Tierra no es cuesti\u00f3n que se incluya en el debate sobre el calentamiento global. Sin este efecto invernadero natural las temperaturas caer\u00edan aproximadamente 30 \u00b0C. Los oc\u00e9anos podr\u00edan congelarse, y la vida, tal como la conocemos, ser\u00eda imposible. Para que este efecto se produzca, son necesarios estos gases de efecto invernadero, pero en proporciones adecuadas. Lo que preocupa a los climat\u00f3logos es que una elevaci\u00f3n de esa proporci\u00f3n producir\u00e1 un aumento de la temperatura debido al <\/span><a title=\"Calor\" href=\"http:\/\/es.wikipedia.org\/wiki\/Calor\"><span style=\"color: #000000\">calor<\/span><\/a><span style=\"color: #000000\"> atrapado en la baja atm\u00f3sfera.<\/span><\/p>\n<h3 style=\"text-align: center\"><span class=\"mw-headline\"><span style=\"color: #000000\">Teor\u00eda de la variaci\u00f3n solar<\/span><\/span><\/h3>\n<p><span style=\"color: #000000\">Se han propuesto varias hip\u00f3tesis para relacionar las variaciones de la temperatura terrestre con variaciones de la actividad solar, que han sido refutadas por los f\u00edsicos Terry Sloan y Arnold W. Wolfendale. La comunidad meteorol\u00f3gica ha respondido con escepticismo, en parte, porque las teor\u00edas de esta naturaleza han sufrido idas y venidas durante el curso del siglo XX.<\/span><\/p>\n<p><span style=\"color: #000000\">Las teor\u00edas han defendido normalmente uno de los siguientes tipos:<\/span><\/p>\n<ul>\n<li><span style=\"color: #000000\">Los cambios en la radiaci\u00f3n solar afectan directamente al clima. Esto es considerado en general improbable, ya que estas variaciones parecen ser peque\u00f1as.<\/span><\/li>\n<li><span style=\"color: #000000\">Las variaciones en el componente ultravioleta tienen un efecto. El componente UV var\u00eda m\u00e1s que el total.<\/span><\/li>\n<li><span style=\"color: #000000\">Efectos mediados por cambios en los rayos c\u00f3smicos (que son afectados por el viento solar, el cual es afectado por el flujo solar), tales como cambios en la cobertura de nubes.<\/span><\/li>\n<\/ul>\n<p><span style=\"color: #000000\">Aunque pueden encontrarse a menudo correlaciones, el mecanismo existente tras esas correlaciones es materia de especulaci\u00f3n. Muchas de estas explicaciones especulativas han salido mal paradas del paso del tiempo, y en un art\u00edculo \"Actividad solar y clima terrestre, un an\u00e1lisis de algunas pretendidas correlaciones\" (<em>Journal of Atmospheric and Solar-Terrestrial Physics<\/em>, 2003 p801\u2013812) Peter Laut demuestra que hay inexactitudes en algunas de las m\u00e1s populares, notablemente en las de Svensmark y Lassen (ver m\u00e1s abajo).<\/span><\/p>\n<div class=\"thumb tright\">\n<div class=\"thumbinner\" style=\"width: 302px\"><a class=\"image\" title=\"Variaciones en el ciclo solar.\" href=\"http:\/\/es.wikipedia.org\/wiki\/Archivo:Solar-cycle-data.png\"><span style=\"color: #000000\"><img loading=\"lazy\" decoding=\"async\" class=\"thumbimage\" src=\"http:\/\/upload.wikimedia.org\/wikipedia\/commons\/thumb\/0\/0d\/Solar-cycle-data.png\/300px-Solar-cycle-data.png\" alt=\"\" width=\"300\" height=\"200\" \/><\/span><\/a><\/div>\n<div class=\"thumbcaption\"><\/div>\n<\/div>\n<p><span style=\"color: #000000\">\u00a0<\/span><\/p>\n<div class=\"snap_preview\">\n<p style=\"text-align: center\"><span style=\"color: #000000\"><strong><\/strong><img loading=\"lazy\" decoding=\"async\" class=\"aligncenter\" src=\"http:\/\/sefi.unep.org\/typo3temp\/pics\/9606add5a5.jpg\" alt=\"\" width=\"319\" height=\"450\" \/><\/span><\/p>\n<\/div>\n<\/div>\n","protected":false},"excerpt":{"rendered":"<p>Calentamiento global es un t\u00e9rmino utilizado habitualmente en dos sentidos: Es el fen\u00f3meno observado en las medidas de la temperatura que muestra en promedio un aumento en la temperatura de la atm\u00f3sfera terrestre y de los oc\u00e9anos en las \u00faltimas d\u00e9cadas. Es una teor\u00eda que predice, a partir de proyecciones basadas en simulaciones computacionales, un [&hellip;]<\/p>\n","protected":false},"author":2426,"featured_media":0,"comment_status":"open","ping_status":"open","sticky":false,"template":"","format":"standard","meta":{"footnotes":""},"categories":[9652],"tags":[],"class_list":["post-82","post","type-post","status-publish","format-standard","hentry","category-informacion-interesante"],"_links":{"self":[{"href":"https:\/\/blog.espol.edu.ec\/vanessamoreno\/wp-json\/wp\/v2\/posts\/82","targetHints":{"allow":["GET"]}}],"collection":[{"href":"https:\/\/blog.espol.edu.ec\/vanessamoreno\/wp-json\/wp\/v2\/posts"}],"about":[{"href":"https:\/\/blog.espol.edu.ec\/vanessamoreno\/wp-json\/wp\/v2\/types\/post"}],"author":[{"embeddable":true,"href":"https:\/\/blog.espol.edu.ec\/vanessamoreno\/wp-json\/wp\/v2\/users\/2426"}],"replies":[{"embeddable":true,"href":"https:\/\/blog.espol.edu.ec\/vanessamoreno\/wp-json\/wp\/v2\/comments?post=82"}],"version-history":[{"count":8,"href":"https:\/\/blog.espol.edu.ec\/vanessamoreno\/wp-json\/wp\/v2\/posts\/82\/revisions"}],"predecessor-version":[{"id":85,"href":"https:\/\/blog.espol.edu.ec\/vanessamoreno\/wp-json\/wp\/v2\/posts\/82\/revisions\/85"}],"wp:attachment":[{"href":"https:\/\/blog.espol.edu.ec\/vanessamoreno\/wp-json\/wp\/v2\/media?parent=82"}],"wp:term":[{"taxonomy":"category","embeddable":true,"href":"https:\/\/blog.espol.edu.ec\/vanessamoreno\/wp-json\/wp\/v2\/categories?post=82"},{"taxonomy":"post_tag","embeddable":true,"href":"https:\/\/blog.espol.edu.ec\/vanessamoreno\/wp-json\/wp\/v2\/tags?post=82"}],"curies":[{"name":"wp","href":"https:\/\/api.w.org\/{rel}","templated":true}]}}