{"id":85,"date":"2009-02-25T13:37:09","date_gmt":"2009-02-25T17:37:09","guid":{"rendered":"http:\/\/blog.espol.edu.ec\/vicente\/?p=85"},"modified":"2009-03-13T15:26:31","modified_gmt":"2009-03-13T19:26:31","slug":"el-perro-el-cortometraje-politecnico-del-2008","status":"publish","type":"post","link":"https:\/\/blog.espol.edu.ec\/vicente\/el-perro-el-cortometraje-politecnico-del-2008\/","title":{"rendered":"\u00c9l, perro: El Cortometraje Polit\u00e9cnico del 2008"},"content":{"rendered":"<p>El siguiente cortometraje fue realizado por estudiantes de EDCOM de la Escuela Superior Polit\u00e9cnica del Litoral y fue ganador como mejor corto en la categor\u00eda estudiante en el 5to Festival Anual Adrenalina Visual en la ciudad de Guayaquil. A continuaci\u00f3n el cortometraje tal como fue subido a Youtube por uno de los creadores del mismo. Seguramente reconocer\u00e1n donde se filmaron algunas de las escenas. Sin adelantar m\u00e1s acerca de la tem\u00e1tica los invito a ver el cortometraje.\u00a0<\/p>\n<p><object width=\"425\" height=\"344\"><param name=\"allowFullScreen\" value=\"true\" \/><param name=\"allowscriptaccess\" value=\"always\" \/><param name=\"src\" value=\"http:\/\/www.youtube.com\/v\/L9BnO8u-4fo&amp;hl=en&amp;fs=1\" \/><embed type=\"application\/x-shockwave-flash\" width=\"425\" height=\"344\" src=\"http:\/\/www.youtube.com\/v\/L9BnO8u-4fo&amp;hl=en&amp;fs=1\"><\/embed><\/object><\/p>\n<p>\u00c9ste podr\u00eda considerarse tambi\u00e9n como otro de los proyectos de innovaci\u00f3n que hicieron presencia en el 2008. El corto recibi\u00f3 m\u00faltiples elogios por parte del cr\u00edtico de cine guayaquile\u00f1o Jorge Su\u00e1rez as\u00ed como de los asistentes al festival Adrenalina Visual. Considero que este logro no se publicit\u00f3 lo suficiente y estoy seguro que muchos de los que leer\u00e1n esta entrada a\u00fan no lo han visto y por eso me pareci\u00f3 muy importante escribir acerca del mismo. Felicitaciones a los creadores del corto en especial a Felix Chong por haberlo compartido en Youtube.<\/p>\n<p>Update: \u00a0<\/p>\n<p>Esperando que ya hayan visto algunos el cortometraje, agrego adem\u00e1s el v\u00eddeo donde el cr\u00edtico de cine Jorge Su\u00e1rez hace un muy emotivo comentario acerca de esta producci\u00f3n nacional y que sale de nuestra universidad. Algunas transcripciones de sus palabras:<\/p>\n<p>\"Quiz\u00e1s para ustedes sea un triunfo y nada m\u00e1s, pero para los que estamos detr\u00e1s del mundo del cine, para mi es un h\u00e1lito de esperanza y me siento seguro y lo he propuesto en mi art\u00edculo: \u00a1no trabajen aisladamente! \u00a1un\u00e1nse! \u00a1creen una cinematograf\u00eda! \u00a1funden un estudio!\"<\/p>\n<p>\"Cuando me dijeron a mi gracias por ser miembro del jurado, yo les dije no, el que da las gracias soy yo porque han permitido a este servidor de ustedes ingresar al futuro y siempre el futuro es lo que vale la pena\"<\/p>\n<p>Aqu\u00ed el v\u00eddeo:<\/p>\n<p><object width=\"480\" height=\"295\"><param name=\"allowFullScreen\" value=\"true\" \/><param name=\"allowscriptaccess\" value=\"always\" \/><param name=\"src\" value=\"http:\/\/www.youtube.com\/v\/a86ohDozGeA&amp;hl=en&amp;fs=1\" \/><embed type=\"application\/x-shockwave-flash\" width=\"480\" height=\"295\" src=\"http:\/\/www.youtube.com\/v\/a86ohDozGeA&amp;hl=en&amp;fs=1\"><\/embed><\/object><\/p>\n","protected":false},"excerpt":{"rendered":"<p>El siguiente cortometraje fue realizado por estudiantes de EDCOM de la Escuela Superior Polit\u00e9cnica del Litoral y fue ganador como mejor corto en la categor\u00eda estudiante en el 5to Festival Anual Adrenalina Visual en la ciudad de Guayaquil. A continuaci\u00f3n el cortometraje tal como fue subido a Youtube por uno de los creadores del mismo. [&hellip;]<\/p>\n","protected":false},"author":75,"featured_media":0,"comment_status":"open","ping_status":"open","sticky":false,"template":"","format":"standard","meta":{"_monsterinsights_skip_tracking":false,"_monsterinsights_sitenote_active":false,"_monsterinsights_sitenote_note":"","_monsterinsights_sitenote_category":0,"footnotes":""},"categories":[93],"tags":[9678,1871,143,5113,175],"class_list":["post-85","post","type-post","status-publish","format-standard","hentry","category-arte","tag-arte","tag-comunidad","tag-eventos","tag-logros","tag-video"],"_links":{"self":[{"href":"https:\/\/blog.espol.edu.ec\/vicente\/wp-json\/wp\/v2\/posts\/85","targetHints":{"allow":["GET"]}}],"collection":[{"href":"https:\/\/blog.espol.edu.ec\/vicente\/wp-json\/wp\/v2\/posts"}],"about":[{"href":"https:\/\/blog.espol.edu.ec\/vicente\/wp-json\/wp\/v2\/types\/post"}],"author":[{"embeddable":true,"href":"https:\/\/blog.espol.edu.ec\/vicente\/wp-json\/wp\/v2\/users\/75"}],"replies":[{"embeddable":true,"href":"https:\/\/blog.espol.edu.ec\/vicente\/wp-json\/wp\/v2\/comments?post=85"}],"version-history":[{"count":15,"href":"https:\/\/blog.espol.edu.ec\/vicente\/wp-json\/wp\/v2\/posts\/85\/revisions"}],"predecessor-version":[{"id":160,"href":"https:\/\/blog.espol.edu.ec\/vicente\/wp-json\/wp\/v2\/posts\/85\/revisions\/160"}],"wp:attachment":[{"href":"https:\/\/blog.espol.edu.ec\/vicente\/wp-json\/wp\/v2\/media?parent=85"}],"wp:term":[{"taxonomy":"category","embeddable":true,"href":"https:\/\/blog.espol.edu.ec\/vicente\/wp-json\/wp\/v2\/categories?post=85"},{"taxonomy":"post_tag","embeddable":true,"href":"https:\/\/blog.espol.edu.ec\/vicente\/wp-json\/wp\/v2\/tags?post=85"}],"curies":[{"name":"wp","href":"https:\/\/api.w.org\/{rel}","templated":true}]}}