{"id":13387,"date":"2011-01-23T22:20:11","date_gmt":"2011-01-24T03:20:11","guid":{"rendered":"http:\/\/blog.espol.edu.ec\/vicenteriofrio\/?p=13387"},"modified":"2011-01-23T22:20:20","modified_gmt":"2011-01-24T03:20:20","slug":"estimulacion-percepcion-creativa-x-ma-alejandra-marin-espol-icqa-csect-2011-01-23","status":"publish","type":"post","link":"https:\/\/blog.espol.edu.ec\/vicenteriofrio\/2011\/01\/23\/estimulacion-percepcion-creativa-x-ma-alejandra-marin-espol-icqa-csect-2011-01-23\/","title":{"rendered":"ESTIMULACI\u00d3N PERCEPCI\u00d3N CREATIVA x Ma. Alejandra Mar\u00edn, ESPOL, ICQA, CSECT, 2011.01.23."},"content":{"rendered":"<p style=\"text-align: center\"><strong><a href=\"http:\/\/www.espol.edu.ec\/\">ESPOL<\/a><\/strong><strong> <\/strong><strong>\u2013<\/strong><strong> <\/strong><strong><a href=\"http:\/\/www.icqa.espol.edu.ec\/\">ICQA<\/a><\/strong><\/p>\n<p style=\"text-align: center\">Difusi\u00f3n 2011.01.21<\/p>\n<p style=\"text-align: justify\">En la ciudad de Guayaquil, en la parte alta de la ciudadela Ceibos Norte, espec\u00edficamente en las calles Pinos # 218 y Avenida 2da, tuvimos la oportunidad de invitar a la experta referida a participar en el CSECT, en calidad de invitada especial.<\/p>\n<p style=\"text-align: justify\">Mar\u00eda Alejandra aprovecho la ocasi\u00f3n para narrarnos la producci\u00f3n y desarrollo de los contenidos el curso sobre\u00a0 ESTIMULACI\u00d3N PERCEPCI\u00d3N CREATIVA dirigido en primer lugar a ni\u00f1os, desde los 4 a los 12 a\u00f1os.<\/p>\n<p style=\"text-align: justify\">\n<p style=\"text-align: center\"><a href=\"http:\/\/blog.espol.edu.ec\/vicenteriofrio\/files\/2011\/01\/para-blog.jpg\"><img loading=\"lazy\" decoding=\"async\" class=\"aligncenter size-full wp-image-13389\" title=\"para blog\" src=\"http:\/\/blog.espol.edu.ec\/vicenteriofrio\/files\/2011\/01\/para-blog.jpg\" alt=\"\" width=\"424\" height=\"424\" srcset=\"https:\/\/blog.espol.edu.ec\/vicenteriofrio\/files\/2011\/01\/para-blog.jpg 424w, https:\/\/blog.espol.edu.ec\/vicenteriofrio\/files\/2011\/01\/para-blog-150x150.jpg 150w, https:\/\/blog.espol.edu.ec\/vicenteriofrio\/files\/2011\/01\/para-blog-300x300.jpg 300w\" sizes=\"auto, (max-width: 424px) 100vw, 424px\" \/><\/a><\/p>\n<p style=\"text-align: justify\">El curso se enfoca en estimular la percepci\u00f3n creativa y su desarrollo pasar\u00e1 por los ejes de influenciar creativamente sobre el fen\u00f3meno de observar significativamente, descubrir los componentes interiores del talento (infantil), dar formar a los contenidos captados e influenciados por la imaginaci\u00f3n personal, todo para adentrarse en el proceso creativo.<\/p>\n<p style=\"text-align: justify\">La entrevistada nos relata que sin las pretensiones de producir un objeto, los participantes a partir del juego y la experimentaci\u00f3n con diversos materiales se inclinaran por la significaci\u00f3n personal y apropiaci\u00f3n del mundo particulares.<\/p>\n<p style=\"text-align: justify\">Aprovechamos para destacar la METODOLOG\u00cdA\u00a0del curso, a saber: Dibujo a ciegas: Ayuda a enfocar la concentraci\u00f3n; Trabajo en serie: Asiste en la expresi\u00f3n de emociones; Dibujo de formas: Estimula el equilibrio de fuerzas internas.<\/p>\n<p style=\"text-align: justify\">El inicio de las seis sesiones para por la visita al bosque protector Cerro Blanco, como primer encuentro y luego el desarrollo de las jornadas (seis) desde las 09H 00 a 12H 00.<\/p>\n<p style=\"text-align: justify\">Los contenidos de la entrevista se aprecian haciendo un click seg\u00fan instrucciones puntualizadas en la imagen, adelante:<\/p>\n<p style=\"text-align: center\"><a href=\"http:\/\/www.youtube.com\/watch?v=UaThZhlnSNw\"><img loading=\"lazy\" decoding=\"async\" class=\"aligncenter size-full wp-image-13390\" title=\"enlace ma marin para blog\" src=\"http:\/\/blog.espol.edu.ec\/vicenteriofrio\/files\/2011\/01\/enlace-ma-marin-para-blog.jpg\" alt=\"\" width=\"424\" height=\"419\" srcset=\"https:\/\/blog.espol.edu.ec\/vicenteriofrio\/files\/2011\/01\/enlace-ma-marin-para-blog.jpg 424w, https:\/\/blog.espol.edu.ec\/vicenteriofrio\/files\/2011\/01\/enlace-ma-marin-para-blog-300x296.jpg 300w\" sizes=\"auto, (max-width: 424px) 100vw, 424px\" \/><\/a><\/p>\n<p style=\"text-align: center\">\n<p style=\"text-align: center\">Su enlace directo:<\/p>\n<p style=\"text-align: center\"><a href=\"http:\/\/www.youtube.com\/watch?v=UaThZhlnSNw\">http:\/\/www.youtube.com\/watch?v=UaThZhlnSNw<\/a><\/p>\n<p style=\"text-align: center\">\n<p style=\"text-align: center\">Muchos m\u00e1s detalles se aprecian en la siguiente p\u00e1gina de Ma. Alejandra:<\/p>\n<p style=\"text-align: center\"><a href=\"http:\/\/www.diekinder.info\/\">http:\/\/www.diekinder.info\/<\/a><\/p>\n<p style=\"text-align: justify\">Para los fines de inscripci\u00f3n s\u00edrvase contactarse al +593481008527, si llama desde Guayaquil, contactarse al Tel: 2852358, M\u00f3vil: 081008527 y para consultas por correo electr\u00f3nico a:<\/p>\n<p style=\"text-align: center\"><a href=\"mailto:arteterapia.ec@gmail.com\">arteterapia.ec@gmail.com<\/a><\/p>\n<p style=\"text-align: justify\">Para apreciar a Mar\u00eda Alejandra en su trabajo creativo, acceder a:<\/p>\n<p style=\"text-align: center\"><a href=\"http:\/\/www.youtube.com\/watch?v=cmB2EIfM_-U\">http:\/\/www.youtube.com\/watch?v=cmB2EIfM_-U<\/a><\/p>\n<p style=\"text-align: justify\">Para apreciar formas, ver:<\/p>\n<p style=\"text-align: center\"><a href=\"http:\/\/www.youtube.com\/watch?v=bWqk-hE60wo\">http:\/\/www.youtube.com\/watch?v=bWqk-hE60wo<\/a><\/p>\n<p style=\"text-align: center\">\n<p style=\"text-align: justify\">En nuestro blog existe una entrada sobre Arterap\u00eda y el trabajo de nuestra entrevistada, ver:<\/p>\n<p style=\"text-align: center\"><a href=\"..\/..\/..\/..\/..\/2010\/09\/12\/conozca-el-arterapia-con-ma-alejandra-marin-kinderzentrum-guayaquil-sabado-11-de-septiembre-de-2010-guayaquil\/\">http:\/\/blog.espol.edu.ec\/vicenteriofrio\/2010\/09\/12\/conozca-el-arterapia-con-ma-alejandra-marin-kinderzentrum-guayaquil-sabado-11-de-septiembre-de-2010-guayaquil\/<\/a><\/p>\n<p style=\"text-align: center\">\n<p style=\"text-align: center\">Por m\u00e1s, \u00a0sobre nuestro trabajo personal, ver:<\/p>\n<p style=\"text-align: center\">(Siempre +) en \u2193<\/p>\n<p style=\"text-align: center\"><a href=\"..\/..\/..\/..\/..\/..\/vicenteriofrio\">http:\/\/blog.espol.edu.ec\/vicenteriofrio<\/a><\/p>\n<p style=\"text-align: center\">(X +) en \u2193:<\/p>\n<p style=\"text-align: center\"><a href=\"http:\/\/www.youtube.com\/user\/vart12345\">http:\/\/www.youtube.com\/user\/vart12345<\/a><\/p>\n<p style=\"text-align: center\">(X im\u00e1genes ESPOL) Rese\u00f1a eventos ESPOL \u2193:<\/p>\n<p style=\"text-align: center\"><a href=\"http:\/\/picasaweb.google.com\/tesis1.vicente\/\">http:\/\/picasaweb.google.com\/tesis1.vicente\/<\/a><\/p>\n<p style=\"text-align: center\">\u00bfQui\u00e9nes somos? Ver + en \u2193:<\/p>\n<p style=\"text-align: center\"><a href=\"http:\/\/www.facebook.com\/vriofrio\">http:\/\/www.facebook.com\/vriofrio<\/a><\/p>\n<p style=\"text-align: center\">\n<p style=\"text-align: center\"><strong>PREGUNTAS, APORTES, SUGERENCIAS Y COMENTARIOS, POR FAVOR, HACERLOS\u00a0 LLEGAR V\u00cdA COMMENTS A ESTA ENTRADA.<\/strong><\/p>\n<p style=\"text-align: center\">\n<form id=\"vozme_form_c441ce0d756b12e83c6972fcc88b65d7\" method=\"post\" name=\"vozme_form_c441ce0d756b12e83c6972fcc88b65d7\" target=\"c441ce0d756b12e83c6972fcc88b65d7\" action=\"http:\/\/vozme.com\/text2voice.php\"><input name=\"text\" type=\"hidden\" value=\"ESTIMULACI\u00d3N PERCEPCI\u00d3N CREATIVA x Ma. Alejandra Mar\u00edn, ESPOL, ICQA, CSECT, 2011.01.23.. ESPOL \u2013 ICQA\nDifusi\u00f3n 2011.01.21\nEn la ciudad de Guayaquil, en la parte alta de la ciudadela Ceibos Norte, espec\u00edficamente en las calles Pinos # 218 y Avenida 2da, tuvimos la oportunidad de invitar a la experta referida a participar en el CSECT, en calidad de invitada especial.\nMar\u00eda Alejandra aprovecho la ocasi\u00f3n para narrarnos la producci\u00f3n y desarrollo de los contenidos el curso sobre\u00a0 ESTIMULACI\u00d3N PERCEPCI\u00d3N CREATIVA dirigido en primer lugar a ni\u00f1os, desde los 4 a los 12 a\u00f1os.\n\n\nEl curso se enfoca en estimular la percepci\u00f3n creativa y su desarrollo pasar\u00e1 por los ejes de influenciar creativamente sobre el fen\u00f3meno de observar significativamente, descubrir los componentes interiores del talento (infantil), dar formar a los contenidos captados e influenciados por la imaginaci\u00f3n personal, todo para adentrarse en el proceso creativo.\nLa entrevistada nos relata que sin las pretensiones de producir un objeto, los participantes a partir del juego y la experimentaci\u00f3n con diversos materiales se inclinaran por la significaci\u00f3n personal y apropiaci\u00f3n del mundo particulares.\nAprovechamos para destacar la METODOLOG\u00cdA\u00a0del curso, a saber: Dibujo a ciegas: Ayuda a enfocar la concentraci\u00f3n; Trabajo en serie: Asiste en la expresi\u00f3n de emociones; Dibujo de formas: Estimula el equilibrio de fuerzas internas.\nEl inicio de las seis sesiones para por la visita al bosque protector Cerro Blanco, como primer encuentro y luego el desarrollo de las jornadas (seis) desde las 09H 00 a 12H 00.\nLos contenidos de la entrevista se aprecian haciendo un click seg\u00fan instrucciones puntualizadas en la imagen, adelante:\n\n\nSu enlace directo:\nhttp:\/\/www.youtube.com\/watch?v=UaThZhlnSNw\n\nMuchos m\u00e1s detalles se aprecian en la siguiente p\u00e1gina de Ma. Alejandra:\nhttp:\/\/www.diekinder.info\/\nPara los fines de inscripci\u00f3n s\u00edrvase contactarse al +593481008527, si llama desde Guayaquil, contactarse al Tel: 2852358, M\u00f3vil: 081008527 y para consultas por correo electr\u00f3nico a:\narteterapia.ec@gmail.com\nPara apreciar a Mar\u00eda Alejandra en su trabajo creativo, acceder a:\nhttp:\/\/www.youtube.com\/watch?v=cmB2EIfM_-U\nPara apreciar formas, ver:\nhttp:\/\/www.youtube.com\/watch?v=bWqk-hE60wo\n\nEn nuestro blog existe una entrada sobre Arterap\u00eda y el trabajo de nuestra entrevistada, ver:\nhttp:\/\/blog.espol.edu.ec\/vicenteriofrio\/2010\/09\/12\/conozca-el-arterapia-con-ma-alejandra-marin-kinderzentrum-guayaquil-sabado-11-de-septiembre-de-2010-guayaquil\/\n\nPor m\u00e1s, \u00a0sobre nuestro trabajo personal, ver:\n(Siempre +) en \u2193\nhttp:\/\/blog.espol.edu.ec\/vicenteriofrio\n(X +) en \u2193:\nhttp:\/\/www.youtube.com\/user\/vart12345\n(X im\u00e1genes ESPOL) Rese\u00f1a eventos ESPOL \u2193:\nhttp:\/\/picasaweb.google.com\/tesis1.vicente\/\n\u00bfQui\u00e9nes somos? Ver + en \u2193:\nhttp:\/\/www.facebook.com\/vriofrio\n\nPREGUNTAS, APORTES, SUGERENCIAS Y COMENTARIOS, POR FAVOR, HACERLOS\u00a0 LLEGAR V\u00cdA COMMENTS A ESTA ENTRADA.\n\n\" \/><input name=\"lang\" type=\"hidden\" value=\"es\" \/><input name=\"gn\" type=\"hidden\" value=\"ml\" \/><input type=\"hidden\" id=\"interface\" name=\"interface\" value=\"full\" \/>\n\t\t\t<div style=\"margin-left:40%;\">\n\t\t\t\n\t\t\t\t<input style=\"float:left;\" type=\"image\" width=\"40\" height=\"40\" src=\"http:\/\/blog.espol.edu.ec\/vicenteriofrio\/wp-content\/plugins\/vozme\/img\/megaphone40x40w.gif\" alt=\"Escucha este post\" onclick=\"window.open('', 'c441ce0d756b12e83c6972fcc88b65d7', 'width=600,height=370,scrollbars=yes,location=yes,menubar=yes,resizable=yes,status=yes,toolbar=yes');\">\n\t\t\t\t<div style=\"margin-left:48px; text-align:left;\"><a style=\"font-size:12px;\" href=\"javascript:void(0);\" onclick=\"window.open('', 'c441ce0d756b12e83c6972fcc88b65d7', 'width=600,height=370,scrollbars=yes,location=yes,menubar=yes,resizable=yes,status=yes,toolbar=yes'); document.getElementById('vozme_form_c441ce0d756b12e83c6972fcc88b65d7').submit();\">Escucha<br\/>este post<\/a><\/div>\n\t\t\t<\/div><\/form>","protected":false},"excerpt":{"rendered":"<p>ESPOL \u2013 ICQA Difusi\u00f3n 2011.01.21 En la ciudad de Guayaquil, en la parte alta de la ciudadela Ceibos Norte, espec\u00edficamente en las calles Pinos # 218 y Avenida 2da, tuvimos la oportunidad de invitar a la experta referida a participar en el CSECT, en calidad de invitada especial. Mar\u00eda Alejandra aprovecho la ocasi\u00f3n para narrarnos [&hellip;]<\/p>\n","protected":false},"author":194,"featured_media":0,"comment_status":"open","ping_status":"open","sticky":false,"template":"","format":"standard","meta":{"_monsterinsights_skip_tracking":false,"_monsterinsights_sitenote_active":false,"_monsterinsights_sitenote_note":"","_monsterinsights_sitenote_category":0,"footnotes":""},"categories":[24183,2994,3880,3238,1238,509],"tags":[981,3983,29275,29283,1044,24747,1180,24746,29276,1059,1058,29281,29280,23287,980,7662,9331,24185,983,29279,24193,29277,29278,29282,12104,1194,330],"class_list":["post-13387","post","type-post","status-publish","format-standard","hentry","category-1-arteterapia","category-1-entretenimiento","category-1-invitaciones","category-1-miscelaneas","category-colaboradores-dentro-y-fuera-espol","category-curiosidades","tag-aprender-ensenando","tag-aprender-haciendo","tag-capacitacion-a-ninos","tag-ceibos-norte","tag-creatividad","tag-creatividad-innovadora","tag-csect","tag-delimitacion-de-espacio","tag-elementos-arteterapia","tag-emprendimiento-para-aprender","tag-ensenando-a-aprender","tag-esencia","tag-estimulacion-percepcion-creativa","tag-experimentos","tag-formacion-lideres","tag-imaginacion","tag-learn-by-doing","tag-ma-alejandra-marin","tag-observacion","tag-para-ninos","tag-pediatria-social","tag-planteamiento-antroposofico","tag-rehabilitacion-creatividad","tag-vacacionales","tag-vart12345","tag-vinculos-con-la-comunidad","tag-youtube"],"_links":{"self":[{"href":"https:\/\/blog.espol.edu.ec\/vicenteriofrio\/wp-json\/wp\/v2\/posts\/13387","targetHints":{"allow":["GET"]}}],"collection":[{"href":"https:\/\/blog.espol.edu.ec\/vicenteriofrio\/wp-json\/wp\/v2\/posts"}],"about":[{"href":"https:\/\/blog.espol.edu.ec\/vicenteriofrio\/wp-json\/wp\/v2\/types\/post"}],"author":[{"embeddable":true,"href":"https:\/\/blog.espol.edu.ec\/vicenteriofrio\/wp-json\/wp\/v2\/users\/194"}],"replies":[{"embeddable":true,"href":"https:\/\/blog.espol.edu.ec\/vicenteriofrio\/wp-json\/wp\/v2\/comments?post=13387"}],"version-history":[{"count":6,"href":"https:\/\/blog.espol.edu.ec\/vicenteriofrio\/wp-json\/wp\/v2\/posts\/13387\/revisions"}],"predecessor-version":[{"id":13395,"href":"https:\/\/blog.espol.edu.ec\/vicenteriofrio\/wp-json\/wp\/v2\/posts\/13387\/revisions\/13395"}],"wp:attachment":[{"href":"https:\/\/blog.espol.edu.ec\/vicenteriofrio\/wp-json\/wp\/v2\/media?parent=13387"}],"wp:term":[{"taxonomy":"category","embeddable":true,"href":"https:\/\/blog.espol.edu.ec\/vicenteriofrio\/wp-json\/wp\/v2\/categories?post=13387"},{"taxonomy":"post_tag","embeddable":true,"href":"https:\/\/blog.espol.edu.ec\/vicenteriofrio\/wp-json\/wp\/v2\/tags?post=13387"}],"curies":[{"name":"wp","href":"https:\/\/api.w.org\/{rel}","templated":true}]}}