{"id":15290,"date":"2011-06-07T04:58:03","date_gmt":"2011-06-07T09:58:03","guid":{"rendered":"http:\/\/blog.espol.edu.ec\/vicenteriofrio\/?p=15290"},"modified":"2011-06-07T08:27:31","modified_gmt":"2011-06-07T13:27:31","slug":"entrevista-a-patrick-leo-jose-van-damme-a-favor-novatos-dentro-y-fuera-espol-2011-06-06","status":"publish","type":"post","link":"https:\/\/blog.espol.edu.ec\/vicenteriofrio\/2011\/06\/07\/entrevista-a-patrick-leo-jose-van-damme-a-favor-novatos-dentro-y-fuera-espol-2011-06-06\/","title":{"rendered":"Entrevista a Patrick Leo Jos\u00e9 Van Damme a favor novatos dentro y fuera ESPOL, 2011.06.06."},"content":{"rendered":"<p style=\"text-align: center\"><a href=\"http:\/\/www.espol.edu.ec\/\"><strong>ESPOL<\/strong><\/a><strong> \u2013 <\/strong><a href=\"http:\/\/www.icqa.espol.edu.ec\/\"><strong>ICQA<\/strong><\/a><\/p>\n<p style=\"text-align: center\"><strong>Para todos, novatos o no, dentro y fuera ESPOL.<\/strong><\/p>\n<p style=\"text-align: right\"><span style=\"color: #800080\">\"There is time for everything.\" <\/span><\/p>\n<p style=\"text-align: right\"><span style=\"color: #800080\">- Thomas Edinson<\/span><\/p>\n<p style=\"text-align: center\"><span style=\"color: #993300\"><strong>Difusi\u00f3n 2011.06.02.<\/strong><\/span><\/p>\n<p style=\"text-align: center\"><a href=\"http:\/\/blog.espol.edu.ec\/vicenteriofrio\/files\/2011\/06\/1.jpg\"><img loading=\"lazy\" decoding=\"async\" class=\"aligncenter size-full wp-image-15292\" title=\"#1\" src=\"http:\/\/blog.espol.edu.ec\/vicenteriofrio\/files\/2011\/06\/1.jpg\" alt=\"\" width=\"424\" height=\"424\" srcset=\"https:\/\/blog.espol.edu.ec\/vicenteriofrio\/files\/2011\/06\/1.jpg 424w, https:\/\/blog.espol.edu.ec\/vicenteriofrio\/files\/2011\/06\/1-150x150.jpg 150w, https:\/\/blog.espol.edu.ec\/vicenteriofrio\/files\/2011\/06\/1-300x300.jpg 300w\" sizes=\"auto, (max-width: 424px) 100vw, 424px\" \/><\/a><\/p>\n<p style=\"text-align: justify\">El 06 de junio de 2011 en el ICQA se llev\u00f3 a cabo una entrevista a <span style=\"color: #808000\"><strong>Patrick Leo Jos\u00e9 Van Damme<\/strong><\/span> a favor novatos dentro y fuera ESPOL.<\/p>\n<p style=\"text-align: justify\">Nuestro invitado naci\u00f3 un 28 enero Gante (B\u00e9lgica) y sus estudios post secundarios los realizo<\/p>\n<p style=\"text-align: justify\">en la Faculty of Agricultural Sciences de la University of Gent, donde desde 1974 al \u00a01979 estudio Tropical Agronomy (con Great Distinction); al 1979 obtuvo el \u00a0Diploma for Higher Technical Teaching (con Distinction) y al 1989 consigui\u00f3 su Ph.D. in Agricultural Sciences (Greatest Distinction) en la universidad referida.<\/p>\n<p style=\"text-align: justify\">Actualmente, <span style=\"color: #808000\"><strong>Patrick Van Damme <\/strong><\/span>es Profesor at the Hogeschool Gent \u2013 School of Industrial y Director de Ingenieros del \u00a0Centre for Sustainable Development en la Univeridad de Gante.<\/p>\n<p style=\"text-align: justify\">De su amplia hoja de vida hemos obtenido estos detalles sobre el dominio de idiomas extranjeros por parte de convidado:<\/p>\n<p style=\"text-align: justify\">Lengua materna: holand\u00e9s; \u00a0franc\u00e9s (art\u00edculos y ense\u00f1anza) muy buena; Ingl\u00e9s (art\u00edculos y ense\u00f1anza) muy buena; alem\u00e1n (comprensi\u00f3n, lectura y expresi\u00f3n oral) y la (ense\u00f1anza) b\u00e1sica; espa\u00f1ol bueno (leer, hablar y ense\u00f1ar); buen afrikaans (leer, hablar y ense\u00f1ar); conocimiento de Lat\u00edn pasivo (lectura y comprensi\u00f3n); conocimiento griego cl\u00e1sico pasivo (lectura y comprensi\u00f3n).<\/p>\n<p style=\"text-align: center\"><a href=\"http:\/\/blog.espol.edu.ec\/vicenteriofrio\/files\/2011\/06\/02.jpg\"><img loading=\"lazy\" decoding=\"async\" class=\"aligncenter size-full wp-image-15293\" title=\"#02\" src=\"http:\/\/blog.espol.edu.ec\/vicenteriofrio\/files\/2011\/06\/02.jpg\" alt=\"\" width=\"424\" height=\"424\" srcset=\"https:\/\/blog.espol.edu.ec\/vicenteriofrio\/files\/2011\/06\/02.jpg 424w, https:\/\/blog.espol.edu.ec\/vicenteriofrio\/files\/2011\/06\/02-150x150.jpg 150w, https:\/\/blog.espol.edu.ec\/vicenteriofrio\/files\/2011\/06\/02-300x300.jpg 300w\" sizes=\"auto, (max-width: 424px) 100vw, 424px\" \/><\/a><\/p>\n<p style=\"text-align: justify\"><span style=\"color: #808000\"><strong>Patrick Leo Jos\u00e9<\/strong><\/span> es un experto en agronom\u00eda tropical, econom\u00eda tropical, bot\u00e1nica, etnobot\u00e1nica e investiga activamente en los campos relacionados a la biodiversidad sustentable.<\/p>\n<p style=\"text-align: justify\">Nuestro invitado respondi\u00f3 con lujo de detalles a las preguntas centrales de la entrevista \u00bfCu\u00e1les son las oportunidades que encuentra cualquier novato al ingresar en la universidad? \u00a0\u00bfCu\u00e1les son las oportunidades frente al novato?<\/p>\n<p style=\"text-align: justify\">Sus respuestas en base a la experiencia de su tierra natal versan sobre el particular que el novato va a descubrir el mundo al estar en la universidad.<\/p>\n<p style=\"text-align: center\"><a href=\"http:\/\/blog.espol.edu.ec\/vicenteriofrio\/files\/2011\/06\/03.jpg\"><img loading=\"lazy\" decoding=\"async\" class=\"aligncenter size-full wp-image-15294\" title=\"#03\" src=\"http:\/\/blog.espol.edu.ec\/vicenteriofrio\/files\/2011\/06\/03.jpg\" alt=\"\" width=\"424\" height=\"434\" srcset=\"https:\/\/blog.espol.edu.ec\/vicenteriofrio\/files\/2011\/06\/03.jpg 424w, https:\/\/blog.espol.edu.ec\/vicenteriofrio\/files\/2011\/06\/03-293x300.jpg 293w\" sizes=\"auto, (max-width: 424px) 100vw, 424px\" \/><\/a><\/p>\n<p style=\"text-align: justify\">Se trat\u00f3 las diversas aristas de la formaci\u00f3n universitaria desde amplias representaciones, entre estas: el dominio del idioma, el saber escuchar y escribir, el saber trabajar en equipo y en forma aut\u00f3noma, etc.<\/p>\n<p style=\"text-align: justify\">Nuestro invitado fue ameno y lleno de pasi\u00f3n topo los campos formativos dentro de sus \u00e1reas de competencia. La convivencia educativa que relata y se pone a consideraci\u00f3n es un encuentro para ser aprovechado por todos aquellos interesados en sacar provecho de su paso por las universidades en general, en aras de servir los intereses de la biodiversidad. Ver:<\/p>\n<p style=\"text-align: center\">Entrevista a<strong> <span style=\"color: #808000\">Patrick Leo Jos\u00e9 Van Damme<\/span> <\/strong>a favor novatos dentro y fuera ESPOL, 2011.06.06.<\/p>\n<p style=\"text-align: center\"><object classid=\"clsid:d27cdb6e-ae6d-11cf-96b8-444553540000\" width=\"425\" height=\"344\"><param name=\"allowFullScreen\" value=\"true\" \/><param name=\"allowscriptaccess\" value=\"always\" \/><param name=\"src\" value=\"http:\/\/www.youtube.com\/v\/kiZZV0LR4t0?hl=es&amp;fs=1\" \/><param name=\"allowfullscreen\" value=\"true\" \/><embed type=\"application\/x-shockwave-flash\" width=\"425\" height=\"344\" src=\"http:\/\/www.youtube.com\/v\/kiZZV0LR4t0?hl=es&amp;fs=1\" allowscriptaccess=\"always\" allowfullscreen=\"true\"><\/embed><\/object><\/p>\n<p style=\"text-align: center\">Su enlace directo a YOUTUBE:<\/p>\n<p style=\"text-align: center\"><a href=\"http:\/\/www.youtube.com\/watch?v=kiZZV0LR4t0\" target=\"_blank\">http:\/\/www.youtube.com\/watch?v=kiZZV0LR4t0<\/a><\/p>\n<p style=\"text-align: center\"><a href=\"http:\/\/blog.espol.edu.ec\/vicenteriofrio\/files\/2011\/06\/4.jpg\"><img loading=\"lazy\" decoding=\"async\" class=\"aligncenter size-full wp-image-15295\" title=\"#4\" src=\"http:\/\/blog.espol.edu.ec\/vicenteriofrio\/files\/2011\/06\/4.jpg\" alt=\"\" width=\"424\" height=\"428\" srcset=\"https:\/\/blog.espol.edu.ec\/vicenteriofrio\/files\/2011\/06\/4.jpg 424w, https:\/\/blog.espol.edu.ec\/vicenteriofrio\/files\/2011\/06\/4-150x150.jpg 150w, https:\/\/blog.espol.edu.ec\/vicenteriofrio\/files\/2011\/06\/4-297x300.jpg 297w\" sizes=\"auto, (max-width: 424px) 100vw, 424px\" \/><\/a><\/p>\n<p style=\"text-align: center\">(Siempre +) en:<\/p>\n<p style=\"text-align: center\"><a href=\"..\/..\/..\/..\/..\/..\/vicenteriofrio\">http:\/\/blog.espol.edu.ec\/vicenteriofrio<\/a><\/p>\n<p style=\"text-align: center\">(x +) en:<\/p>\n<p style=\"text-align: center\"><a href=\"http:\/\/www.youtube.com\/user\/vart12345\">http:\/\/www.youtube.com\/user\/vart12345<\/a><\/p>\n<p style=\"text-align: center\">(+ EMOCIONES) en:<\/p>\n<p style=\"text-align: center\"><a href=\"http:\/\/picasaweb.google.com\/tesis1.vicente\/\">http:\/\/picasaweb.google.com\/tesis1.vicente\/<\/a><\/p>\n<p style=\"text-align: center\"><a href=\"http:\/\/www.flickr.com\/photos\/quimica1\">http:\/\/www.flickr.com\/photos\/quimica1<\/a><\/p>\n<p style=\"text-align: center\">\u00bfQui\u00e9nes somos? + EN:<\/p>\n<p style=\"text-align: center\"><a href=\"http:\/\/www.facebook.com\/vriofrio\">http:\/\/www.facebook.com\/vriofrio<\/a><\/p>\n<p style=\"text-align: center\">Relaci\u00f3n ciencia y arte, ver:<\/p>\n<p style=\"text-align: center\"><a href=\"http:\/\/www.youtube.com\/watch?v=sWFKAcimUtE\">http:\/\/www.youtube.com\/watch?v=sWFKAcimUtE<\/a><\/p>\n<p style=\"text-align: center\">Hoy se resuelve el enigma para novatos, ver:<\/p>\n<p style=\"text-align: center\"><a href=\"http:\/\/www.youtube.com\/watch?v=wyfnASxAIXo\">http:\/\/www.youtube.com\/watch?v=wyfnASxAIXo<\/a><\/p>\n<p style=\"text-align: center\">7 HABILIDADES PARA FUTURO por T. WAGNER para NOVATOS, ver:<\/p>\n<p style=\"text-align: center\"><a href=\"http:\/\/www.youtube.com\/watch?v=4qEBSY9pg4c\">http:\/\/www.youtube.com\/watch?v=4qEBSY9pg4c<\/a><\/p>\n<p style=\"text-align: center\">How to be a leader at ESPOL 2011 i GYE EC, ver:<\/p>\n<p style=\"text-align: center\"><a href=\"http:\/\/www.youtube.com\/watch?v=SdD_epeezHw\">http:\/\/www.youtube.com\/watch?v=SdD_epeezHw<\/a><\/p>\n<p style=\"text-align: center\"><a href=\"http:\/\/blog.espol.edu.ec\/vicenteriofrio\/files\/2011\/06\/5.jpg\"><img loading=\"lazy\" decoding=\"async\" class=\"aligncenter size-full wp-image-15296\" title=\"#5\" src=\"http:\/\/blog.espol.edu.ec\/vicenteriofrio\/files\/2011\/06\/5.jpg\" alt=\"\" width=\"424\" height=\"433\" srcset=\"https:\/\/blog.espol.edu.ec\/vicenteriofrio\/files\/2011\/06\/5.jpg 424w, https:\/\/blog.espol.edu.ec\/vicenteriofrio\/files\/2011\/06\/5-293x300.jpg 293w\" sizes=\"auto, (max-width: 424px) 100vw, 424px\" \/><\/a><\/p>\n<p style=\"text-align: center\"><strong>\u00bfNOS ESCRIBEN?<\/strong><\/p>\n<p style=\"text-align: center\"><strong>PREGUNTAS, APORTES, SUGERENCIAS Y COMENTARIOS, POR FAVOR, HACERLOS\u00a0 LLEGAR V\u00cdA COMMENTS A ESTA ENTRADA.<\/strong><\/p>\n<form id=\"vozme_form_74d97f735e9bd7ab232c004d1d507442\" method=\"post\" name=\"vozme_form_74d97f735e9bd7ab232c004d1d507442\" target=\"74d97f735e9bd7ab232c004d1d507442\" action=\"http:\/\/vozme.com\/text2voice.php\"><input name=\"text\" type=\"hidden\" value=\"Entrevista a Patrick Leo Jos\u00e9 Van Damme a favor novatos dentro y fuera ESPOL, 2011.06.06.. ESPOL \u2013 ICQA\nPara todos, novatos o no, dentro y fuera ESPOL.\n&quot;There is time for everything.&quot; \n- Thomas Edinson\nDifusi\u00f3n 2011.06.02.\n\nEl 06 de junio de 2011 en el ICQA se llev\u00f3 a cabo una entrevista a Patrick Leo Jos\u00e9 Van Damme a favor novatos dentro y fuera ESPOL.\nNuestro invitado naci\u00f3 un 28 enero Gante (B\u00e9lgica) y sus estudios post secundarios los realizo\nen la Faculty of Agricultural Sciences de la University of Gent, donde desde 1974 al \u00a01979 estudio Tropical Agronomy (con Great Distinction); al 1979 obtuvo el \u00a0Diploma for Higher Technical Teaching (con Distinction) y al 1989 consigui\u00f3 su Ph.D. in Agricultural Sciences (Greatest Distinction) en la universidad referida.\nActualmente, Patrick Van Damme es Profesor at the Hogeschool Gent \u2013 School of Industrial y Director de Ingenieros del \u00a0Centre for Sustainable Development en la Univeridad de Gante.\nDe su amplia hoja de vida hemos obtenido estos detalles sobre el dominio de idiomas extranjeros por parte de convidado:\nLengua materna: holand\u00e9s; \u00a0franc\u00e9s (art\u00edculos y ense\u00f1anza) muy buena; Ingl\u00e9s (art\u00edculos y ense\u00f1anza) muy buena; alem\u00e1n (comprensi\u00f3n, lectura y expresi\u00f3n oral) y la (ense\u00f1anza) b\u00e1sica; espa\u00f1ol bueno (leer, hablar y ense\u00f1ar); buen afrikaans (leer, hablar y ense\u00f1ar); conocimiento de Lat\u00edn pasivo (lectura y comprensi\u00f3n); conocimiento griego cl\u00e1sico pasivo (lectura y comprensi\u00f3n).\n\nPatrick Leo Jos\u00e9 es un experto en agronom\u00eda tropical, econom\u00eda tropical, bot\u00e1nica, etnobot\u00e1nica e investiga activamente en los campos relacionados a la biodiversidad sustentable.\nNuestro invitado respondi\u00f3 con lujo de detalles a las preguntas centrales de la entrevista \u00bfCu\u00e1les son las oportunidades que encuentra cualquier novato al ingresar en la universidad? \u00a0\u00bfCu\u00e1les son las oportunidades frente al novato?\nSus respuestas en base a la experiencia de su tierra natal versan sobre el particular que el novato va a descubrir el mundo al estar en la universidad.\n\nSe trat\u00f3 las diversas aristas de la formaci\u00f3n universitaria desde amplias representaciones, entre estas: el dominio del idioma, el saber escuchar y escribir, el saber trabajar en equipo y en forma aut\u00f3noma, etc.\nNuestro invitado fue ameno y lleno de pasi\u00f3n topo los campos formativos dentro de sus \u00e1reas de competencia. La convivencia educativa que relata y se pone a consideraci\u00f3n es un encuentro para ser aprovechado por todos aquellos interesados en sacar provecho de su paso por las universidades en general, en aras de servir los intereses de la biodiversidad. Ver:\nEntrevista a Patrick Leo Jos\u00e9 Van Damme a favor novatos dentro y fuera ESPOL, 2011.06.06.\n\nSu enlace directo a YOUTUBE:\nhttp:\/\/www.youtube.com\/watch?v=kiZZV0LR4t0\n\n(Siempre +) en:\nhttp:\/\/blog.espol.edu.ec\/vicenteriofrio\n(x +) en:\nhttp:\/\/www.youtube.com\/user\/vart12345\n(+ EMOCIONES) en:\nhttp:\/\/picasaweb.google.com\/tesis1.vicente\/\nhttp:\/\/www.flickr.com\/photos\/quimica1\n\u00bfQui\u00e9nes somos? + EN:\nhttp:\/\/www.facebook.com\/vriofrio\nRelaci\u00f3n ciencia y arte, ver:\nhttp:\/\/www.youtube.com\/watch?v=sWFKAcimUtE\nHoy se resuelve el enigma para novatos, ver:\nhttp:\/\/www.youtube.com\/watch?v=wyfnASxAIXo\n7 HABILIDADES PARA FUTURO por T. WAGNER para NOVATOS, ver:\nhttp:\/\/www.youtube.com\/watch?v=4qEBSY9pg4c\nHow to be a leader at ESPOL 2011 i GYE EC, ver:\nhttp:\/\/www.youtube.com\/watch?v=SdD_epeezHw\n\n\u00bfNOS ESCRIBEN?\nPREGUNTAS, APORTES, SUGERENCIAS Y COMENTARIOS, POR FAVOR, HACERLOS\u00a0 LLEGAR V\u00cdA COMMENTS A ESTA ENTRADA.\n\" \/><input name=\"lang\" type=\"hidden\" value=\"es\" \/><input name=\"gn\" type=\"hidden\" value=\"ml\" \/><input type=\"hidden\" id=\"interface\" name=\"interface\" value=\"full\" \/>\n\t\t\t<div style=\"margin-left:40%;\">\n\t\t\t\n\t\t\t\t<input style=\"float:left;\" type=\"image\" width=\"40\" height=\"40\" src=\"http:\/\/blog.espol.edu.ec\/vicenteriofrio\/wp-content\/plugins\/vozme\/img\/megaphone40x40w.gif\" alt=\"Escucha este post\" onclick=\"window.open('', '74d97f735e9bd7ab232c004d1d507442', 'width=600,height=370,scrollbars=yes,location=yes,menubar=yes,resizable=yes,status=yes,toolbar=yes');\">\n\t\t\t\t<div style=\"margin-left:48px; text-align:left;\"><a style=\"font-size:12px;\" href=\"javascript:void(0);\" onclick=\"window.open('', '74d97f735e9bd7ab232c004d1d507442', 'width=600,height=370,scrollbars=yes,location=yes,menubar=yes,resizable=yes,status=yes,toolbar=yes'); document.getElementById('vozme_form_74d97f735e9bd7ab232c004d1d507442').submit();\">Escucha<br\/>este post<\/a><\/div>\n\t\t\t<\/div><\/form>","protected":false},"excerpt":{"rendered":"<p>ESPOL \u2013 ICQA Para todos, novatos o no, dentro y fuera ESPOL. \"There is time for everything.\" - Thomas Edinson Difusi\u00f3n 2011.06.02. El 06 de junio de 2011 en el ICQA se llev\u00f3 a cabo una entrevista a Patrick Leo Jos\u00e9 Van Damme a favor novatos dentro y fuera ESPOL. Nuestro invitado naci\u00f3 un 28 [&hellip;]<\/p>\n","protected":false},"author":194,"featured_media":0,"comment_status":"open","ping_status":"open","sticky":false,"template":"","format":"standard","meta":{"_monsterinsights_skip_tracking":false,"_monsterinsights_sitenote_active":false,"_monsterinsights_sitenote_note":"","_monsterinsights_sitenote_category":0,"footnotes":""},"categories":[32622,4692,2994,2430,31174,17207,1238,1855,1425],"tags":[31734,34673,981,3983,3299,34675,34682,34678,34674,1059,1058,1857,34676,2280,34669,34681,980,34672,34677,2625,7079,1373,34679,34683,34668,34684,1057,34680,3182,7707,34671,1347,3298,34670,1194,330],"class_list":["post-15290","post","type-post","status-publish","format-standard","hentry","category-1-bienvenida-a-los-novatos-2010-2009","category-1-emprendimiento","category-1-entretenimiento","category-1-entrevistas","category-1-rendicion-social-de-cuentas-espol","category-1-responsabilidad-social","category-colaboradores-dentro-y-fuera-espol","category-fomento-a-la-investigacion","category-profesores-invitados","tag-a-favor-novatos","tag-agronomia-tropical","tag-aprender-ensenando","tag-aprender-haciendo","tag-belgica","tag-botanica","tag-chirimoya","tag-dominio-de-idiomas","tag-economia-tropical","tag-emprendimiento-para-aprender","tag-ensenando-a-aprender","tag-entrevista","tag-etnobotanica","tag-facebook","tag-faculty-of-agricultural-sciences","tag-forma-autonoma","tag-formacion-lideres","tag-higher-technical-teaching-agricultural-sciences","tag-investigacion-de-la-biodiversidad","tag-investigar","tag-loja","tag-oportunidades","tag-oportunidades-del-novato","tag-papaya-silvestre","tag-patrick-leo-jose-van-damme","tag-patrick-van-damme","tag-responsables","tag-saber-escribir","tag-saber-escuchar","tag-trabajar-en-equipo","tag-tropical-agronomy","tag-twitter","tag-universidad-de-gante","tag-university-of-gent","tag-vinculos-con-la-comunidad","tag-youtube"],"_links":{"self":[{"href":"https:\/\/blog.espol.edu.ec\/vicenteriofrio\/wp-json\/wp\/v2\/posts\/15290","targetHints":{"allow":["GET"]}}],"collection":[{"href":"https:\/\/blog.espol.edu.ec\/vicenteriofrio\/wp-json\/wp\/v2\/posts"}],"about":[{"href":"https:\/\/blog.espol.edu.ec\/vicenteriofrio\/wp-json\/wp\/v2\/types\/post"}],"author":[{"embeddable":true,"href":"https:\/\/blog.espol.edu.ec\/vicenteriofrio\/wp-json\/wp\/v2\/users\/194"}],"replies":[{"embeddable":true,"href":"https:\/\/blog.espol.edu.ec\/vicenteriofrio\/wp-json\/wp\/v2\/comments?post=15290"}],"version-history":[{"count":12,"href":"https:\/\/blog.espol.edu.ec\/vicenteriofrio\/wp-json\/wp\/v2\/posts\/15290\/revisions"}],"predecessor-version":[{"id":15306,"href":"https:\/\/blog.espol.edu.ec\/vicenteriofrio\/wp-json\/wp\/v2\/posts\/15290\/revisions\/15306"}],"wp:attachment":[{"href":"https:\/\/blog.espol.edu.ec\/vicenteriofrio\/wp-json\/wp\/v2\/media?parent=15290"}],"wp:term":[{"taxonomy":"category","embeddable":true,"href":"https:\/\/blog.espol.edu.ec\/vicenteriofrio\/wp-json\/wp\/v2\/categories?post=15290"},{"taxonomy":"post_tag","embeddable":true,"href":"https:\/\/blog.espol.edu.ec\/vicenteriofrio\/wp-json\/wp\/v2\/tags?post=15290"}],"curies":[{"name":"wp","href":"https:\/\/api.w.org\/{rel}","templated":true}]}}