{"id":16493,"date":"2011-11-02T09:15:08","date_gmt":"2011-11-02T14:15:08","guid":{"rendered":"http:\/\/blog.espol.edu.ec\/vicenteriofrio\/?p=16493"},"modified":"2011-11-02T12:52:09","modified_gmt":"2011-11-02T17:52:09","slug":"liii-de-creacion-de-la-espol-sesion-solemne-2010-10-28-y-premiacion-y-entrega-de-menciones-honorificas-a-sus-profesores-trabajadores-y-estudiantes-2010-10-26","status":"publish","type":"post","link":"https:\/\/blog.espol.edu.ec\/vicenteriofrio\/2011\/11\/02\/liii-de-creacion-de-la-espol-sesion-solemne-2010-10-28-y-premiacion-y-entrega-de-menciones-honorificas-a-sus-profesores-trabajadores-y-estudiantes-2010-10-26\/","title":{"rendered":"LIII de CREACI\u00d3N de la ESPOL: SESI\u00d3N SOLEMNE (2010.10-28) y PREMIACI\u00d3N y ENTREGA de MENCIONES HONOR\u00cdFICAS a sus PROFESORES, TRABAJADORES y ESTUDIANTES (2010.10-26)."},"content":{"rendered":"<p style=\"text-align: center\"><a href=\"http:\/\/www.espol.edu.ec\/\"><strong>ESPOL<\/strong><\/a><strong> \u2013 <\/strong><a href=\"http:\/\/www.icqa.espol.edu.ec\/\"><strong>ICQA<\/strong><\/a><strong> \u2013 <\/strong><a href=\"http:\/\/www.youtube.com\/user\/vart12345\"><strong>CSECT<\/strong><\/a><\/p>\n<p style=\"text-align: right\"><span style=\"color: #808000\"><strong>\u201cLa primera igualdad es la equidad\u201d.<\/strong><\/span><\/p>\n<p style=\"text-align: right\"><span style=\"color: #800080\">- V\u00edctor Hugo<\/span><\/p>\n<p style=\"text-align: right\"><span style=\"color: #808000\"><strong>\u201cEl \u00e1rbitro considera la equidad, el juez la ley\u201d.<\/strong><\/span><\/p>\n<p style=\"text-align: right\"><span style=\"color: #800080\">- Arist\u00f3teles<\/span><\/p>\n<p style=\"text-align: right\">\u201cSi practicas la equidad, aunque mueras no perecer\u00e1s\u201d.<\/p>\n<p style=\"text-align: right\"><span style=\"color: #800080\">- Lao-Ts\u00e9<\/span><\/p>\n<p style=\"text-align: right\"><span style=\"color: #808000\"><strong>\u201cSi hay un hueco en\u00a0tu vida ll\u00e9nalo con amor\".<\/strong><\/span><\/p>\n<p style=\"text-align: right\"><span style=\"color: #800080\">- Amado Nervo<\/span><\/p>\n<p style=\"text-align: center\"><span style=\"color: #993366\"><strong>Difusi\u00f3n: 2011.11.01<\/strong><\/span><\/p>\n<p style=\"text-align: center\"><span style=\"color: #808000\"><strong>SOPORTES LIII de CREACI\u00d3N de la ESPOL: SESI\u00d3N SOLEMNE (2010.10-28) y PREMIACI\u00d3N y  ENTREGA de MENCIONES HONOR\u00cdFICAS a sus PROFESORES, TRABAJADORES y  ESTUDIANTES (2010.10-26).<\/strong><\/span><\/p>\n<p>Una instituci\u00f3n de la que estamos orgullosos los ecuatorianos y, especialmente los nacidos en Guayaquil, habiendo tenido o no el privilegio de estudiar en sus aulas, es la ESPOL.<\/p>\n<p style=\"text-align: center\"><a href=\"http:\/\/blog.espol.edu.ec\/vicenteriofrio\/files\/2011\/11\/1-blog.jpg\"><img loading=\"lazy\" decoding=\"async\" class=\"aligncenter size-full wp-image-16506\" title=\"1 blog\" src=\"http:\/\/blog.espol.edu.ec\/vicenteriofrio\/files\/2011\/11\/1-blog.jpg\" alt=\"\" width=\"424\" height=\"424\" srcset=\"https:\/\/blog.espol.edu.ec\/vicenteriofrio\/files\/2011\/11\/1-blog.jpg 424w, https:\/\/blog.espol.edu.ec\/vicenteriofrio\/files\/2011\/11\/1-blog-150x150.jpg 150w, https:\/\/blog.espol.edu.ec\/vicenteriofrio\/files\/2011\/11\/1-blog-300x300.jpg 300w\" sizes=\"auto, (max-width: 424px) 100vw, 424px\" \/><\/a><\/p>\n<p style=\"text-align: center\"><span style=\"color: #800080\"><strong>PLAZA P\u00daBLICA<\/strong><\/span><strong> <\/strong><strong>al 29 de octubre de 2011<\/strong><\/p>\n<p style=\"text-align: center\">x <span style=\"color: #808000\"><strong>Francisco Huerta Montalvo<\/strong><\/span><\/p>\n<p style=\"text-align: justify\">\u201cUna instituci\u00f3n de la que estamos orgullosos los ecuatorianos y, especialmente los nacidos en Guayaquil, habiendo tenido o no el privilegio de estudiar en sus aulas, es la ESPOL.<\/p>\n<p style=\"text-align: justify\">Cuando est\u00e1 cumpliendo un poco m\u00e1s de medio siglo de fruct\u00edfera vida acad\u00e9mica, su reconocimiento como centro de excelencia trasciende las fronteras patrias.<\/p>\n<p style=\"text-align: justify\">Obviamente, en \u00e1mbito nacional su m\u00e9rito est\u00e1 fuera de cualquier duda y ha sido notable su contribuci\u00f3n al progreso del pa\u00eds, m\u00e1s all\u00e1 de lo estrictamente vinculado a la formaci\u00f3n profesional.<\/p>\n<p style=\"text-align: justify\">M\u00faltiples son los gobiernos, de distinto signo ideol\u00f3gico, que han confiado en sus dignatarios y maestros para otorgarles tareas trascendentales del ejercicio de lo p\u00fablico. Igual ha sucedido con las administraciones locales, beneficiadas con la solvencia de los en ella graduados.<\/p>\n<p style=\"text-align: justify\">En el campo de lo privado su contribuci\u00f3n es ampliamente valorada por quienes han tenido necesidad de requerirla. Cabe entonces, no solo felicitar a la ESPOL en oportunidad de un nuevo aniversario de su creaci\u00f3n, sino que tambi\u00e9n es obligatorio reclamar un comportamiento coherente por parte de las autoridades correspondientes del Gobierno, respecto a uno de sus proyectos m\u00e1s ambiciosos y de imperativa realizaci\u00f3n: el denominado PARCON, el parque del conocimiento.<\/p>\n<p style=\"text-align: justify\">\u00bfPor qu\u00e9 aludimos a la coherencia?<\/p>\n<p style=\"text-align: justify\">Porque parte del esfuerzo cumplido para dotar al pa\u00eds de profesionales con el nivel educativo adecuado a las labores de investigaci\u00f3n que se espera asignarles en el PARCON, ha sido realizado con fondos p\u00fablicos. Son esos recursos, sumados a una generosa cooperaci\u00f3n internacional, especialmente belga, los que han permitido graduar un n\u00famero b\u00e1sico de doctores en diversos campos del saber, de modo que los prop\u00f3sitos de investigaci\u00f3n y docencia y la prestaci\u00f3n de servicios a diversas industrias ya instaladas o por instalarse, queden garantizados.<\/p>\n<p style=\"text-align: justify\">Pero todo lo hasta aqu\u00ed logrado, estar\u00eda sin posibilidad de ponerse en pr\u00e1ctica, si una restricci\u00f3n de recursos, previamente comprometidos, impide la construcci\u00f3n de la infraestructura indispensable para llevar adelante las tareas previstas, poniendo en riesgo acciones impostergables en pro del desarrollo nacional y local.<\/p>\n<p style=\"text-align: justify\">La ESPOL merece financiamiento prioritario para sus proyectos, especialmente si ya est\u00e1n en marcha\u201d. - <span style=\"color: #808000\"><strong>Francisco Huerta Montalvo.<\/strong><\/span><\/p>\n<p style=\"text-align: center\">Tomado de: <a href=\"http:\/\/expreso.ec\/expreso\/plantillas\/nota.aspx?idart=2673961&amp;idcat=19351&amp;tipo=2\">http:\/\/expreso.ec\/expreso\/plantillas\/nota.aspx?idart=2673961&amp;idcat=19351&amp;tipo=2<\/a><\/p>\n<p style=\"text-align: center\"><strong>Conferencia Magistral <span style=\"color: #808000\">V\u00edctor P\u00e9rez Vera<\/span>, Rector U Chile, 2011.10.28.<\/strong><\/p>\n<p style=\"text-align: center\"><strong><object classid=\"clsid:d27cdb6e-ae6d-11cf-96b8-444553540000\" width=\"420\" height=\"315\"><param name=\"allowFullScreen\" value=\"true\" \/><param name=\"allowscriptaccess\" value=\"always\" \/><param name=\"src\" value=\"http:\/\/www.youtube.com\/v\/KjSj26Eq9Dk?version=3&amp;hl=es_ES\" \/><param name=\"allowfullscreen\" value=\"true\" \/><embed type=\"application\/x-shockwave-flash\" width=\"420\" height=\"315\" src=\"http:\/\/www.youtube.com\/v\/KjSj26Eq9Dk?version=3&amp;hl=es_ES\" allowscriptaccess=\"always\" allowfullscreen=\"true\"><\/embed><\/object><\/strong><\/p>\n<p style=\"text-align: center\"><a href=\"http:\/\/youtu.be\/KjSj26Eq9Dk\">http:\/\/youtu.be\/KjSj26Eq9Dk<\/a><\/p>\n<p style=\"text-align: center\"><a href=\"http:\/\/blog.espol.edu.ec\/vicenteriofrio\/files\/2011\/11\/2-blog.jpg\"><img loading=\"lazy\" decoding=\"async\" class=\"aligncenter size-full wp-image-16508\" title=\"2 blog\" src=\"http:\/\/blog.espol.edu.ec\/vicenteriofrio\/files\/2011\/11\/2-blog.jpg\" alt=\"\" width=\"423\" height=\"400\" srcset=\"https:\/\/blog.espol.edu.ec\/vicenteriofrio\/files\/2011\/11\/2-blog.jpg 423w, https:\/\/blog.espol.edu.ec\/vicenteriofrio\/files\/2011\/11\/2-blog-300x283.jpg 300w\" sizes=\"auto, (max-width: 423px) 100vw, 423px\" \/><\/a><span style=\"color: #993366\"> <\/span><\/p>\n<p><span style=\"color: #993366\"> <\/span><\/p>\n<p style=\"text-align: center\"><strong><span style=\"color: #808000\">Resumen del discurso de Mois\u00e9s Tacle Galarraga \u2013Rector ESPOL por V\u00edctor Hugo Carre\u00f1o (Diario Expreso al 2011.10.29.<\/span><\/strong><\/p>\n<p style=\"text-align: justify\">Durante la celebraci\u00f3n del 53\u00ba aniversario de la Escuela Superior Polit\u00e9cnica del Litoral (ESPOL), el rector de la instituci\u00f3n, Mois\u00e9s Tacle, dedic\u00f3 su discurso, de casi media hora, a hablar de las \"paradojas\" de la gratuidad de la educaci\u00f3n superior.<\/p>\n<p style=\"text-align: justify\">Tacle explic\u00f3, caso por caso, que las universidades p\u00fablicas carecen de recursos para cumplir con el mandato constitucional con calidad en sus carreras. Primero se refiri\u00f3 a la obligaci\u00f3n que tienen las universidades, de acuerdo con la Ley de Educaci\u00f3n Superior, de que las carreras que creen se supediten a los requerimientos de desarrollo nacional. Seg\u00fan la norma, los programas podr\u00e1n ser en modalidades presencial, semipresencial, a distancia, virtual, en l\u00ednea y otros.<\/p>\n<p style=\"text-align: justify\">\"Estamos de acuerdo en que la creaci\u00f3n de nuevas carreras se supeditar\u00e1 al requerimiento de desarrollo nacional, pero la pregunta b\u00e1sica que surge es c\u00f3mo crear estas carreras de tercer nivel que necesita el desarrollo del Ecuador con el actual presupuesto\", dijo Tacle.<\/p>\n<p style=\"text-align: justify\">Puso un ejemplo concreto de la ESPOL. Desde hace m\u00e1s de 3 a\u00f1os est\u00e1 pendiente la creaci\u00f3n de Ingenier\u00eda en Mecatr\u00f3nica; sin embargo, los obst\u00e1culos presupuestarios, hasta ahora insalvables, han impedido que entre en vigencia esta carrera, asegur\u00f3.<\/p>\n<p style=\"text-align: justify\">\"\u00a1Vaya paradoja! Los bachilleres de sectores populares que quieren tener el t\u00edtulo de ingeniero en la carrera Mecatr\u00f3nica en la ESPOL no lo podr\u00e1n obtener porque la ESPOL, con el actual presupuesto, no la puede crear con la calidad que la caracteriza\", expres\u00f3.<\/p>\n<p style=\"text-align: justify\">Algo similar ocurrir\u00e1, seg\u00fan Tacle, con las carreras en modalidad virtual. El reclamo fue el mismo: recursos. Dijo que el actual presupuesto no cubre ni siquiera los gastos de operaci\u00f3n. \"As\u00ed, la gratuidad se transforma en discriminaci\u00f3n porque educaci\u00f3n de calidad en modalidad virtual solo la podr\u00e1n ofertar las universidades particulares que est\u00e1n en condiciones de invertir con el convencimiento de que recuperar\u00e1n la inversi\u00f3n\", dijo.<\/p>\n<p style=\"text-align: justify\">\"\u00a1Vaya paradoja! La gratuidad de estrategia de equidad social convertida en estrategia de discriminaci\u00f3n en contra de las universidades p\u00fablicas, porque no poseen los recursos fiscales para crear las carreras t\u00e9cnicas de la sociedad de conocimiento, ni para ofertar con gratuidad las carreras t\u00e9cnicas en modalidad virtual porque sus presupuestos para el tercer nivel son tan limitados que ni siquiera cubren los gastos operativos actuales\", acot\u00f3.<\/p>\n<p style=\"text-align: justify\">Indic\u00f3 que la gratuidad es una \"paradoja\" para los supuestos beneficiados: los m\u00e1s pobres. Se\u00f1al\u00f3 que en Guayaquil m\u00e1s de 30.000 bachilleres pugnan por ingresar a las universidades p\u00fablicas y apenas lo hacen 10.000. El resto no podr\u00e1 porque proviene de colegios deficitarios en lo acad\u00e9mico.<\/p>\n<p style=\"text-align: justify\">Otra cr\u00edtica fue a la disposici\u00f3n del reglamento a la Ley General de Educaci\u00f3n Superior que dispone que para que una universidad polit\u00e9cnica sea considerada de investigaci\u00f3n, deber\u00e1n contar al menos con un 70% de profesores con doctorado y PhD.<\/p>\n<p style=\"text-align: justify\">En el caso de la ESPOL, se\u00f1al\u00f3 que la instituci\u00f3n deber\u00e1 enviar a sus 200 mag\u00edsteres titulares principales al extranjero para que obtengan sus PhD y, en consecuencia, dijo que habr\u00eda un descalabro acad\u00e9mico porque \"no obtendr\u00edamos los 200 mag\u00edsteres de similar valor y experiencias a los maestros que debemos reemplazar\". Pese a las cr\u00edticas y adversidades que mencion\u00f3, Tacle garantiz\u00f3 que la ESPOL asumir\u00e1 el desaf\u00edo de ser una universidad con docencia de investigaci\u00f3n\u201d. -<span style=\"color: #808000\"><strong>V\u00edctor Hugo Carre\u00f1o<\/strong><\/span><\/p>\n<p><span style=\"color: #993366\">Tomado de:<\/span><\/p>\n<p style=\"text-align: center\"><a href=\"http:\/\/expreso.ec\/expreso\/plantillas\/nota.aspx?idart=2674052&amp;idcat=19308&amp;tipo=2\">http:\/\/expreso.ec\/expreso\/plantillas\/nota.aspx?idart=2674052&amp;idcat=19308&amp;tipo=2<\/a><\/p>\n<p style=\"text-align: center\"><strong>El contenido del discurso del Rector de la ESPOL se puede apreciar en el siguiente enlace:<\/strong><\/p>\n<p style=\"text-align: center\"><strong>LIII aniversario ESPOL, Discurso de Orden x<\/strong><span style=\"color: #808000\"> Mois\u00e9s Tacle -RECTOR<\/span><strong>, 2011, #38.<\/strong><\/p>\n<p style=\"text-align: center\"><strong><object classid=\"clsid:d27cdb6e-ae6d-11cf-96b8-444553540000\" width=\"420\" height=\"315\"><param name=\"allowFullScreen\" value=\"true\" \/><param name=\"allowscriptaccess\" value=\"always\" \/><param name=\"src\" value=\"http:\/\/www.youtube.com\/v\/iiKDKA7IB2A?version=3&amp;hl=es_ES\" \/><param name=\"allowfullscreen\" value=\"true\" \/><embed type=\"application\/x-shockwave-flash\" width=\"420\" height=\"315\" src=\"http:\/\/www.youtube.com\/v\/iiKDKA7IB2A?version=3&amp;hl=es_ES\" allowscriptaccess=\"always\" allowfullscreen=\"true\"><\/embed><\/object><\/strong><\/p>\n<p style=\"text-align: center\">Directo desde YOUTUBE:<\/p>\n<p style=\"text-align: center\"><a href=\"http:\/\/youtu.be\/iiKDKA7IB2A\">http:\/\/youtu.be\/iiKDKA7IB2A<\/a><\/p>\n<p style=\"text-align: center\"><strong>Discurso de Orden x <\/strong><span style=\"color: #808000\">Mois\u00e9s Tacle<\/span><strong> \u2013RECTOR en <span style=\"color: #800080\">PDF<\/span>:<\/strong><\/p>\n<p style=\"text-align: center\"><a href=\"http:\/\/blog.espol.edu.ec\/vicenteriofrio\/files\/2011\/11\/Sesi\u00f3n-Solemne-ESPOL-Discurso_Rector-ESPOL-Mois\u00e9s-Tacle.pdf\">Sesi\u00f3n Solemne ESPOL Discurso_Rector ESPOL Mois\u00e9s Tacle<\/a><\/p>\n<p style=\"text-align: center\">\n<p style=\"text-align: center\">\n<p style=\"text-align: center\"><strong>Sesi\u00f3n Solemne LIII aniversario ESPOL, Componente Social, 2011, #27.<\/strong><\/p>\n<p style=\"text-align: center\"><strong>Alicia Guerrero (FEN) mejor profesor@ ESPOL 2011.<br \/>\n<\/strong><\/p>\n<p style=\"text-align: center\"><object classid=\"clsid:d27cdb6e-ae6d-11cf-96b8-444553540000\" width=\"425\" height=\"315\"><param name=\"allowFullScreen\" value=\"true\" \/><param name=\"allowscriptaccess\" value=\"always\" \/><param name=\"src\" value=\"http:\/\/www.youtube.com\/v\/aHZGZdB2A-I?version=3&amp;hl=es_MX\" \/><param name=\"allowfullscreen\" value=\"true\" \/><embed type=\"application\/x-shockwave-flash\" width=\"425\" height=\"315\" src=\"http:\/\/www.youtube.com\/v\/aHZGZdB2A-I?version=3&amp;hl=es_MX\" allowscriptaccess=\"always\" allowfullscreen=\"true\"><\/embed><\/object><\/p>\n<p style=\"text-align: center\">Su enlace directo desde YOUTUBE:<\/p>\n<p style=\"text-align: center\"><a href=\"http:\/\/youtu.be\/aHZGZdB2A-I\">http:\/\/youtu.be\/aHZGZdB2A-I<\/a><\/p>\n<p style=\"text-align: center\"><strong><span style=\"color: #808000\">Coro ESPOL<\/span> en Sesi\u00f3n Solemne LIII aniversario, Componente Musical, 2011, #36.<\/strong><\/p>\n<p style=\"text-align: center\"><object classid=\"clsid:d27cdb6e-ae6d-11cf-96b8-444553540000\" width=\"420\" height=\"315\"><param name=\"allowFullScreen\" value=\"true\" \/><param name=\"allowscriptaccess\" value=\"always\" \/><param name=\"src\" value=\"http:\/\/www.youtube.com\/v\/5sFVxSpMpZc?version=3&amp;hl=es_MX\" \/><param name=\"allowfullscreen\" value=\"true\" \/><embed type=\"application\/x-shockwave-flash\" width=\"420\" height=\"315\" src=\"http:\/\/www.youtube.com\/v\/5sFVxSpMpZc?version=3&amp;hl=es_MX\" allowscriptaccess=\"always\" allowfullscreen=\"true\"><\/embed><\/object><\/p>\n<p style=\"text-align: center\">Su enlace directo desde YOUTUBE:<\/p>\n<p style=\"text-align: center\"><a href=\"http:\/\/youtu.be\/5sFVxSpMpZc\">http:\/\/youtu.be\/5sFVxSpMpZc<\/a><\/p>\n<p style=\"text-align: center\">\n<p style=\"text-align: center\"><strong>Sesi\u00f3n Solemne LIII aniversario ESPOL, <span style=\"color: #808000\">Rondalla ESPOL<\/span>, 2011, #21.<\/strong><\/p>\n<p style=\"text-align: center\"><object classid=\"clsid:d27cdb6e-ae6d-11cf-96b8-444553540000\" width=\"420\" height=\"315\"><param name=\"allowFullScreen\" value=\"true\" \/><param name=\"allowscriptaccess\" value=\"always\" \/><param name=\"src\" value=\"http:\/\/www.youtube.com\/v\/UvWS0oa2gGQ?version=3&amp;hl=es_MX\" \/><param name=\"allowfullscreen\" value=\"true\" \/><embed type=\"application\/x-shockwave-flash\" width=\"420\" height=\"315\" src=\"http:\/\/www.youtube.com\/v\/UvWS0oa2gGQ?version=3&amp;hl=es_MX\" allowscriptaccess=\"always\" allowfullscreen=\"true\"><\/embed><\/object><\/p>\n<p style=\"text-align: center\">Su enlace directo desde YOUTUBE:<\/p>\n<p style=\"text-align: center\"><a href=\"http:\/\/youtu.be\/UvWS0oa2gGQ\">http:\/\/youtu.be\/UvWS0oa2gGQ<\/a><\/p>\n<p style=\"text-align: center\"><strong>Premiaci\u00f3n profesores, alumnos, trabajadores x LIII aniversario ESPOL, C. Social, 2011, #4.<\/strong><\/p>\n<p style=\"text-align: center\"><strong>Felicitaciones a Anita y a su familia, ver:<\/strong><\/p>\n<p style=\"text-align: center\"><strong><object classid=\"clsid:d27cdb6e-ae6d-11cf-96b8-444553540000\" width=\"425\" height=\"315\"><param name=\"allowFullScreen\" value=\"true\" \/><param name=\"allowscriptaccess\" value=\"always\" \/><param name=\"src\" value=\"http:\/\/www.youtube.com\/v\/Gox755-Objk?version=3&amp;hl=es_MX\" \/><param name=\"allowfullscreen\" value=\"true\" \/><embed type=\"application\/x-shockwave-flash\" width=\"425\" height=\"315\" src=\"http:\/\/www.youtube.com\/v\/Gox755-Objk?version=3&amp;hl=es_MX\" allowscriptaccess=\"always\" allowfullscreen=\"true\"><\/embed><\/object><br \/>\n<\/strong><\/p>\n<div style=\"text-align: center\">Su enlace directo desde YOUTUBE:<\/div>\n<div style=\"text-align: center\">http:\/\/youtu.be\/Gox755-Objk<\/div>\n<p style=\"text-align: center\"><strong>LIII Aniversario ESPOL Premiaciones y Honorificas, ver fotos con un CLICK:<\/strong><\/p>\n<p style=\"text-align: center\"><strong><a href=\"http:\/\/www.facebook.com\/media\/set\/?set=a.10150511152007004.462828.502772003&amp;type=1&amp;l=bb9bb11c85\"><img loading=\"lazy\" decoding=\"async\" class=\"aligncenter size-full wp-image-16529\" title=\"3 blog\" src=\"http:\/\/blog.espol.edu.ec\/vicenteriofrio\/files\/2011\/11\/3-blog.png\" alt=\"\" width=\"424\" height=\"420\" srcset=\"https:\/\/blog.espol.edu.ec\/vicenteriofrio\/files\/2011\/11\/3-blog.png 424w, https:\/\/blog.espol.edu.ec\/vicenteriofrio\/files\/2011\/11\/3-blog-150x150.png 150w, https:\/\/blog.espol.edu.ec\/vicenteriofrio\/files\/2011\/11\/3-blog-300x297.png 300w\" sizes=\"auto, (max-width: 424px) 100vw, 424px\" \/><\/a><br \/>\n<\/strong><\/p>\n<div id=\"contentArea\">\n<div id=\"album_pagelet\">\n<div>\n<div id=\"album_metadata_pagelet\">\n<div style=\"text-align: center\"><a href=\"http:\/\/www.facebook.com\/media\/set\/?set=a.10150511152007004.462828.502772003&amp;type=1&amp;l=bb9bb11c85\">http:\/\/www.facebook.com\/media\/set\/?set=a.10150511152007004.462828.502772003&amp;type=1&amp;l=bb9bb11c85<\/a><\/div>\n<\/div>\n<\/div>\n<\/div>\n<\/div>\n<p style=\"text-align: center\">\n<p style=\"text-align: center\">Por (x +) en:<\/p>\n<p style=\"text-align: center\"><span style=\"color: #000080\"><a href=\"..\/\">http:\/\/blog.espol.edu.ec\/vicenteriofrio\/<\/a><\/span><\/p>\n<p style=\"text-align: center\"><span style=\"color: #000080\"><a href=\"http:\/\/www.youtube.com\/user\/vart12345\">http:\/\/www.youtube.com\/user\/vart12345<\/a><\/span><\/p>\n<p style=\"text-align: center\">Hoy se resuelve el enigma para novatos, ver:<\/p>\n<p style=\"text-align: center\"><a href=\"http:\/\/www.youtube.com\/watch?v=wyfnASxAIXo\">http:\/\/www.youtube.com\/watch?v=wyfnASxAIXo<\/a><\/p>\n<p style=\"text-align: center\">7 HABILIDADES PARA FUTURO por T. WAGNER para NOVATOS, ver:<\/p>\n<p style=\"text-align: center\"><a href=\"http:\/\/www.youtube.com\/watch?v=4qEBSY9pg4c\">http:\/\/www.youtube.com\/watch?v=4qEBSY9pg4c<\/a><\/p>\n<p style=\"text-align: center\">\n<p style=\"text-align: center\"><strong>Lo que est\u00e1 hecho bien se queda contigo por toda la vida.<\/strong><\/p>\n<p style=\"text-align: center\">\n<p style=\"text-align: center\"><strong>\u00bfNos ESCRIBEN?<\/strong><\/p>\n<p style=\"text-align: center\">\n<p style=\"text-align: center\"><strong>PREGUNTAS, APORTES, SUGERENCIAS Y COMENTARIOS, POR FAVOR, HACERLOS\u00a0 LLEGAR V\u00cdA COMMENTS A ESTA ENTRADA.<\/strong><\/p>\n<form id=\"vozme_form_ba3bf7dce075c80ad1f8671622aa537b\" method=\"post\" name=\"vozme_form_ba3bf7dce075c80ad1f8671622aa537b\" target=\"ba3bf7dce075c80ad1f8671622aa537b\" action=\"http:\/\/vozme.com\/text2voice.php\"><input name=\"text\" type=\"hidden\" value=\"LIII de CREACI\u00d3N de la ESPOL: SESI\u00d3N SOLEMNE (2010.10-28) y PREMIACI\u00d3N y ENTREGA de MENCIONES HONOR\u00cdFICAS a sus PROFESORES, TRABAJADORES y ESTUDIANTES (2010.10-26).. ESPOL \u2013 ICQA \u2013 CSECT\n\u201cLa primera igualdad es la equidad\u201d.\n- V\u00edctor Hugo\n\u201cEl \u00e1rbitro considera la equidad, el juez la ley\u201d.\n- Arist\u00f3teles\n\u201cSi practicas la equidad, aunque mueras no perecer\u00e1s\u201d.\n- Lao-Ts\u00e9\n\u201cSi hay un hueco en\u00a0tu vida ll\u00e9nalo con amor&quot;.\n- Amado Nervo\nDifusi\u00f3n: 2011.11.01\nSOPORTES LIII de CREACI\u00d3N de la ESPOL: SESI\u00d3N SOLEMNE (2010.10-28) y PREMIACI\u00d3N y  ENTREGA de MENCIONES HONOR\u00cdFICAS a sus PROFESORES, TRABAJADORES y  ESTUDIANTES (2010.10-26).\nUna instituci\u00f3n de la que estamos orgullosos los ecuatorianos y, especialmente los nacidos en Guayaquil, habiendo tenido o no el privilegio de estudiar en sus aulas, es la ESPOL.\n\nPLAZA P\u00daBLICA al 29 de octubre de 2011\nx Francisco Huerta Montalvo\n\u201cUna instituci\u00f3n de la que estamos orgullosos los ecuatorianos y, especialmente los nacidos en Guayaquil, habiendo tenido o no el privilegio de estudiar en sus aulas, es la ESPOL.\nCuando est\u00e1 cumpliendo un poco m\u00e1s de medio siglo de fruct\u00edfera vida acad\u00e9mica, su reconocimiento como centro de excelencia trasciende las fronteras patrias.\nObviamente, en \u00e1mbito nacional su m\u00e9rito est\u00e1 fuera de cualquier duda y ha sido notable su contribuci\u00f3n al progreso del pa\u00eds, m\u00e1s all\u00e1 de lo estrictamente vinculado a la formaci\u00f3n profesional.\nM\u00faltiples son los gobiernos, de distinto signo ideol\u00f3gico, que han confiado en sus dignatarios y maestros para otorgarles tareas trascendentales del ejercicio de lo p\u00fablico. Igual ha sucedido con las administraciones locales, beneficiadas con la solvencia de los en ella graduados.\nEn el campo de lo privado su contribuci\u00f3n es ampliamente valorada por quienes han tenido necesidad de requerirla. Cabe entonces, no solo felicitar a la ESPOL en oportunidad de un nuevo aniversario de su creaci\u00f3n, sino que tambi\u00e9n es obligatorio reclamar un comportamiento coherente por parte de las autoridades correspondientes del Gobierno, respecto a uno de sus proyectos m\u00e1s ambiciosos y de imperativa realizaci\u00f3n: el denominado PARCON, el parque del conocimiento.\n\u00bfPor qu\u00e9 aludimos a la coherencia?\nPorque parte del esfuerzo cumplido para dotar al pa\u00eds de profesionales con el nivel educativo adecuado a las labores de investigaci\u00f3n que se espera asignarles en el PARCON, ha sido realizado con fondos p\u00fablicos. Son esos recursos, sumados a una generosa cooperaci\u00f3n internacional, especialmente belga, los que han permitido graduar un n\u00famero b\u00e1sico de doctores en diversos campos del saber, de modo que los prop\u00f3sitos de investigaci\u00f3n y docencia y la prestaci\u00f3n de servicios a diversas industrias ya instaladas o por instalarse, queden garantizados.\nPero todo lo hasta aqu\u00ed logrado, estar\u00eda sin posibilidad de ponerse en pr\u00e1ctica, si una restricci\u00f3n de recursos, previamente comprometidos, impide la construcci\u00f3n de la infraestructura indispensable para llevar adelante las tareas previstas, poniendo en riesgo acciones impostergables en pro del desarrollo nacional y local.\nLa ESPOL merece financiamiento prioritario para sus proyectos, especialmente si ya est\u00e1n en marcha\u201d. - Francisco Huerta Montalvo.\nTomado de: http:\/\/expreso.ec\/expreso\/plantillas\/nota.aspx?idart=2673961&amp;idcat=19351&amp;tipo=2\nConferencia Magistral V\u00edctor P\u00e9rez Vera, Rector U Chile, 2011.10.28.\n\nhttp:\/\/youtu.be\/KjSj26Eq9Dk\n \n \nResumen del discurso de Mois\u00e9s Tacle Galarraga \u2013Rector ESPOL por V\u00edctor Hugo Carre\u00f1o (Diario Expreso al 2011.10.29.\nDurante la celebraci\u00f3n del 53\u00ba aniversario de la Escuela Superior Polit\u00e9cnica del Litoral (ESPOL), el rector de la instituci\u00f3n, Mois\u00e9s Tacle, dedic\u00f3 su discurso, de casi media hora, a hablar de las &quot;paradojas&quot; de la gratuidad de la educaci\u00f3n superior.\nTacle explic\u00f3, caso por caso, que las universidades p\u00fablicas carecen de recursos para cumplir con el mandato constitucional con calidad en sus carreras. Primero se refiri\u00f3 a la obligaci\u00f3n que tienen las universidades, de acuerdo con la Ley de Educaci\u00f3n Superior, de que las carreras que creen se supediten a los requerimientos de desarrollo nacional. Seg\u00fan la norma, los programas podr\u00e1n ser en modalidades presencial, semipresencial, a distancia, virtual, en l\u00ednea y otros.\n&quot;Estamos de acuerdo en que la creaci\u00f3n de nuevas carreras se supeditar\u00e1 al requerimiento de desarrollo nacional, pero la pregunta b\u00e1sica que surge es c\u00f3mo crear estas carreras de tercer nivel que necesita el desarrollo del Ecuador con el actual presupuesto&quot;, dijo Tacle.\nPuso un ejemplo concreto de la ESPOL. Desde hace m\u00e1s de 3 a\u00f1os est\u00e1 pendiente la creaci\u00f3n de Ingenier\u00eda en Mecatr\u00f3nica; sin embargo, los obst\u00e1culos presupuestarios, hasta ahora insalvables, han impedido que entre en vigencia esta carrera, asegur\u00f3.\n&quot;\u00a1Vaya paradoja! Los bachilleres de sectores populares que quieren tener el t\u00edtulo de ingeniero en la carrera Mecatr\u00f3nica en la ESPOL no lo podr\u00e1n obtener porque la ESPOL, con el actual presupuesto, no la puede crear con la calidad que la caracteriza&quot;, expres\u00f3.\nAlgo similar ocurrir\u00e1, seg\u00fan Tacle, con las carreras en modalidad virtual. El reclamo fue el mismo: recursos. Dijo que el actual presupuesto no cubre ni siquiera los gastos de operaci\u00f3n. &quot;As\u00ed, la gratuidad se transforma en discriminaci\u00f3n porque educaci\u00f3n de calidad en modalidad virtual solo la podr\u00e1n ofertar las universidades particulares que est\u00e1n en condiciones de invertir con el convencimiento de que recuperar\u00e1n la inversi\u00f3n&quot;, dijo.\n&quot;\u00a1Vaya paradoja! La gratuidad de estrategia de equidad social convertida en estrategia de discriminaci\u00f3n en contra de las universidades p\u00fablicas, porque no poseen los recursos fiscales para crear las carreras t\u00e9cnicas de la sociedad de conocimiento, ni para ofertar con gratuidad las carreras t\u00e9cnicas en modalidad virtual porque sus presupuestos para el tercer nivel son tan limitados que ni siquiera cubren los gastos operativos actuales&quot;, acot\u00f3.\nIndic\u00f3 que la gratuidad es una &quot;paradoja&quot; para los supuestos beneficiados: los m\u00e1s pobres. Se\u00f1al\u00f3 que en Guayaquil m\u00e1s de 30.000 bachilleres pugnan por ingresar a las universidades p\u00fablicas y apenas lo hacen 10.000. El resto no podr\u00e1 porque proviene de colegios deficitarios en lo acad\u00e9mico.\nOtra cr\u00edtica fue a la disposici\u00f3n del reglamento a la Ley General de Educaci\u00f3n Superior que dispone que para que una universidad polit\u00e9cnica sea considerada de investigaci\u00f3n, deber\u00e1n contar al menos con un 70% de profesores con doctorado y PhD.\nEn el caso de la ESPOL, se\u00f1al\u00f3 que la instituci\u00f3n deber\u00e1 enviar a sus 200 mag\u00edsteres titulares principales al extranjero para que obtengan sus PhD y, en consecuencia, dijo que habr\u00eda un descalabro acad\u00e9mico porque &quot;no obtendr\u00edamos los 200 mag\u00edsteres de similar valor y experiencias a los maestros que debemos reemplazar&quot;. Pese a las cr\u00edticas y adversidades que mencion\u00f3, Tacle garantiz\u00f3 que la ESPOL asumir\u00e1 el desaf\u00edo de ser una universidad con docencia de investigaci\u00f3n\u201d. -V\u00edctor Hugo Carre\u00f1o\nTomado de:\nhttp:\/\/expreso.ec\/expreso\/plantillas\/nota.aspx?idart=2674052&amp;idcat=19308&amp;tipo=2\nEl contenido del discurso del Rector de la ESPOL se puede apreciar en el siguiente enlace:\nLIII aniversario ESPOL, Discurso de Orden x Mois\u00e9s Tacle -RECTOR, 2011, #38.\n\nDirecto desde YOUTUBE:\nhttp:\/\/youtu.be\/iiKDKA7IB2A\nDiscurso de Orden x Mois\u00e9s Tacle \u2013RECTOR en PDF:\nSesi\u00f3n Solemne ESPOL Discurso_Rector ESPOL Mois\u00e9s Tacle\n\n\nSesi\u00f3n Solemne LIII aniversario ESPOL, Componente Social, 2011, #27.\nAlicia Guerrero (FEN) mejor profesor@ ESPOL 2011.\n\n\nSu enlace directo desde YOUTUBE:\nhttp:\/\/youtu.be\/aHZGZdB2A-I\nCoro ESPOL en Sesi\u00f3n Solemne LIII aniversario, Componente Musical, 2011, #36.\n\nSu enlace directo desde YOUTUBE:\nhttp:\/\/youtu.be\/5sFVxSpMpZc\n\nSesi\u00f3n Solemne LIII aniversario ESPOL, Rondalla ESPOL, 2011, #21.\n\nSu enlace directo desde YOUTUBE:\nhttp:\/\/youtu.be\/UvWS0oa2gGQ\nPremiaci\u00f3n profesores, alumnos, trabajadores x LIII aniversario ESPOL, C. Social, 2011, #4.\nFelicitaciones a Anita y a su familia, ver:\n\n\nSu enlace directo desde YOUTUBE:\nhttp:\/\/youtu.be\/Gox755-Objk\nLIII Aniversario ESPOL Premiaciones y Honorificas, ver fotos con un CLICK:\n\n\n\n\n\n\nhttp:\/\/www.facebook.com\/media\/set\/?set=a.10150511152007004.462828.502772003&amp;type=1&amp;l=bb9bb11c85\n\n\n\n\n\nPor (x +) en:\nhttp:\/\/blog.espol.edu.ec\/vicenteriofrio\/\nhttp:\/\/www.youtube.com\/user\/vart12345\nHoy se resuelve el enigma para novatos, ver:\nhttp:\/\/www.youtube.com\/watch?v=wyfnASxAIXo\n7 HABILIDADES PARA FUTURO por T. WAGNER para NOVATOS, ver:\nhttp:\/\/www.youtube.com\/watch?v=4qEBSY9pg4c\n\nLo que est\u00e1 hecho bien se queda contigo por toda la vida.\n\n\u00bfNos ESCRIBEN?\n\nPREGUNTAS, APORTES, SUGERENCIAS Y COMENTARIOS, POR FAVOR, HACERLOS\u00a0 LLEGAR V\u00cdA COMMENTS A ESTA ENTRADA.\n\" \/><input name=\"lang\" type=\"hidden\" value=\"es\" \/><input name=\"gn\" type=\"hidden\" value=\"ml\" \/><input type=\"hidden\" id=\"interface\" name=\"interface\" value=\"full\" \/>\n\t\t\t<div style=\"margin-left:40%;\">\n\t\t\t\n\t\t\t\t<input style=\"float:left;\" type=\"image\" width=\"40\" height=\"40\" src=\"http:\/\/blog.espol.edu.ec\/vicenteriofrio\/wp-content\/plugins\/vozme\/img\/megaphone40x40w.gif\" alt=\"Escucha este post\" onclick=\"window.open('', 'ba3bf7dce075c80ad1f8671622aa537b', 'width=600,height=370,scrollbars=yes,location=yes,menubar=yes,resizable=yes,status=yes,toolbar=yes');\">\n\t\t\t\t<div style=\"margin-left:48px; text-align:left;\"><a style=\"font-size:12px;\" href=\"javascript:void(0);\" onclick=\"window.open('', 'ba3bf7dce075c80ad1f8671622aa537b', 'width=600,height=370,scrollbars=yes,location=yes,menubar=yes,resizable=yes,status=yes,toolbar=yes'); document.getElementById('vozme_form_ba3bf7dce075c80ad1f8671622aa537b').submit();\">Escucha<br\/>este post<\/a><\/div>\n\t\t\t<\/div><\/form>","protected":false},"excerpt":{"rendered":"<p>ESPOL \u2013 ICQA \u2013 CSECT \u201cLa primera igualdad es la equidad\u201d. - V\u00edctor Hugo \u201cEl \u00e1rbitro considera la equidad, el juez la ley\u201d. - Arist\u00f3teles \u201cSi practicas la equidad, aunque mueras no perecer\u00e1s\u201d. - Lao-Ts\u00e9 \u201cSi hay un hueco en\u00a0tu vida ll\u00e9nalo con amor\". - Amado Nervo Difusi\u00f3n: 2011.11.01 SOPORTES LIII de CREACI\u00d3N de la [&hellip;]<\/p>\n","protected":false},"author":194,"featured_media":0,"comment_status":"open","ping_status":"closed","sticky":false,"template":"","format":"standard","meta":{"_monsterinsights_skip_tracking":false,"_monsterinsights_sitenote_active":false,"_monsterinsights_sitenote_note":"","_monsterinsights_sitenote_category":0,"footnotes":""},"categories":[1196,32622,5065,32524,4692,2994,2430,1007,3238,31174,17207,18702,509,1723,82,1855,1957,1425],"tags":[80161,80164,981,3983,12641,11635,25514,80166,1180,80170,80167,11910,80172,1059,1058,6,2280,980,80171,1032,2537,259,58033,80169,976,80173,80174,80168,80163,80160,11347,12573,80165,11857,4062,1057,31637,80162,1347,80159,12104,3967,80158,1194,6063,330],"class_list":["post-16493","post","type-post","status-publish","format-standard","hentry","category-quien-es-usted-queremos-conocerlo","category-1-bienvenida-a-los-novatos-2010-2009","category-1-camisetazos","category-1-csect-2010-2009","category-1-emprendimiento","category-1-entretenimiento","category-1-entrevistas","category-1-mis-credos","category-1-miscelaneas","category-1-rendicion-social-de-cuentas-espol","category-1-responsabilidad-social","category-1-suenos","category-curiosidades","category-desafios-a-la-lectura","category-emprendimiento","category-fomento-a-la-investigacion","category-heroes-en-la-espol","category-profesores-invitados","tag-alfredo-palacio","tag-alicia-guerrero","tag-aprender-ensenando","tag-aprender-haciendo","tag-armando-altamirano","tag-cecilia-paredes","tag-coro-espol","tag-coro-espol-virginia-lasio","tag-csect","tag-documentos-espol","tag-donald-castillo","tag-download","tag-el-csect-es-bueno-para-todos","tag-emprendimiento-para-aprender","tag-ensenando-a-aprender","tag-espol","tag-facebook","tag-formacion-lideres","tag-francisco-huerta-montalvo","tag-frases-celebres","tag-free","tag-guayaquil","tag-hector-rodriguez","tag-himno-9-de-octubre-discurso-de-orden-rector","tag-icqa","tag-la-espol-es-la-t","tag-la-espol-es-la-tierra-del-csect","tag-la-rondalla","tag-logros-espol","tag-maria-del-pilar-cornejo","tag-miguel-fierro","tag-moises-tacle","tag-oscar-navarrete","tag-paul-carrion","tag-pdf","tag-responsables","tag-senescyt","tag-tierra-del-csect-innovar","tag-twitter","tag-universidad-chile","tag-vart12345","tag-vicente-riofrio","tag-victor-perez-vera","tag-vinculos-con-la-comunidad","tag-xavier-ochoa","tag-youtube"],"_links":{"self":[{"href":"https:\/\/blog.espol.edu.ec\/vicenteriofrio\/wp-json\/wp\/v2\/posts\/16493","targetHints":{"allow":["GET"]}}],"collection":[{"href":"https:\/\/blog.espol.edu.ec\/vicenteriofrio\/wp-json\/wp\/v2\/posts"}],"about":[{"href":"https:\/\/blog.espol.edu.ec\/vicenteriofrio\/wp-json\/wp\/v2\/types\/post"}],"author":[{"embeddable":true,"href":"https:\/\/blog.espol.edu.ec\/vicenteriofrio\/wp-json\/wp\/v2\/users\/194"}],"replies":[{"embeddable":true,"href":"https:\/\/blog.espol.edu.ec\/vicenteriofrio\/wp-json\/wp\/v2\/comments?post=16493"}],"version-history":[{"count":36,"href":"https:\/\/blog.espol.edu.ec\/vicenteriofrio\/wp-json\/wp\/v2\/posts\/16493\/revisions"}],"predecessor-version":[{"id":16533,"href":"https:\/\/blog.espol.edu.ec\/vicenteriofrio\/wp-json\/wp\/v2\/posts\/16493\/revisions\/16533"}],"wp:attachment":[{"href":"https:\/\/blog.espol.edu.ec\/vicenteriofrio\/wp-json\/wp\/v2\/media?parent=16493"}],"wp:term":[{"taxonomy":"category","embeddable":true,"href":"https:\/\/blog.espol.edu.ec\/vicenteriofrio\/wp-json\/wp\/v2\/categories?post=16493"},{"taxonomy":"post_tag","embeddable":true,"href":"https:\/\/blog.espol.edu.ec\/vicenteriofrio\/wp-json\/wp\/v2\/tags?post=16493"}],"curies":[{"name":"wp","href":"https:\/\/api.w.org\/{rel}","templated":true}]}}