{"id":18346,"date":"2012-05-05T16:41:08","date_gmt":"2012-05-05T21:41:08","guid":{"rendered":"http:\/\/blog.espol.edu.ec\/vicenteriofrio\/?p=18346"},"modified":"2012-05-05T17:07:00","modified_gmt":"2012-05-05T22:07:00","slug":"entrevista-con-paul-herrera-samaniego-sobre-facultad-de-investigacion-y-postgrado-espol-2012-05-03","status":"publish","type":"post","link":"https:\/\/blog.espol.edu.ec\/vicenteriofrio\/2012\/05\/05\/entrevista-con-paul-herrera-samaniego-sobre-facultad-de-investigacion-y-postgrado-espol-2012-05-03\/","title":{"rendered":"Entrevista con Paul Herrera Samaniego sobre Facultad de Investigaci\u00f3n y Postgrado, ESPOL, 2012.05.03."},"content":{"rendered":"<p align=\"center\"><span style=\"color: #800000\"><strong><a href=\"http:\/\/www.espol.edu.ec\">ESPOL <\/a>\u2013 <a href=\"http:\/\/www.icqa.espol.edu.ec\">ICQA <\/a>\u2013 <a href=\"http:\/\/www.youtube.com\/user\/vart12345\">CSECT<\/a><\/strong><\/span><\/p>\n<p align=\"right\"><span style=\"color: #003366\">\u201cNunca consideres el estudio como una obligaci\u00f3n, sino como una oportunidad para penetrar en el bello y maravilloso mundo del saber\u201d.<\/span><\/p>\n<p style=\"text-align: right\"><span style=\"color: #333300\">- Albert Einstein<\/span><\/p>\n<p align=\"right\"><span style=\"color: #003366\">\"Es de importancia para quien desee alcanzar una certeza en su investigaci\u00f3n, el saber dudar a tiempo.\"<\/span><\/p>\n<p align=\"right\"><span style=\"color: #333300\">- Arist\u00f3teles<\/span><\/p>\n<p align=\"right\"><span style=\"color: #003366\">\u201cEn la investigaci\u00f3n es incluso mas importante el proceso que el logro mismo\u201d.<\/span><\/p>\n<p align=\"right\"><span style=\"color: #333300\">- Emilio Mu\u00f1oz<\/span><\/p>\n<p align=\"right\"><span style=\"color: #003366\">\"Gracias a la memoria se da en los hombres lo que se llama experiencia.\"<\/span><\/p>\n<p align=\"right\"><span style=\"color: #333300\">- Arist\u00f3teles<\/span><\/p>\n<p align=\"right\"><span style=\"color: #003366\">\u00a0\u201cEn principio la investigaci\u00f3n necesita m\u00e1s cabezas que medios\u201d.<\/span><\/p>\n<p align=\"right\"><span style=\"color: #333300\">- Severo Ochoa<\/span><\/p>\n<p align=\"right\"><span style=\"color: #003366\">\u00a0\u201c\u00a1Estudia! No para saber una cosa m\u00e1s, sino para saberla mejor\u201d.<\/span><\/p>\n<p align=\"right\"><span style=\"color: #333300\">- Lucio Anneo S\u00e9neca<\/span><\/p>\n<p align=\"center\"><a href=\"http:\/\/www.youtube.com\/user\/vart12345\"><span style=\"color: #800000\"><strong>Difusi\u00f3n: 2012.05.06.<\/strong><\/span><\/a><\/p>\n<p style=\"text-align: justify\">Nuestro entrevistado, el jueves 3 de mayo de 2012, trato en singular dialogo sobre el fortalecimiento de la Facultad de Investigaci\u00f3n y Postgrado en la ESPOL (FIP). Record\u00f3 que la FIP formalmente se creo el 11 de marzo 2011 y tomo vida org\u00e1nica el 04 de julio de 2011.<\/p>\n<p style=\"text-align: justify\">Nuestro invitado naci\u00f3 en Riobamba (9 de octubre de 1975), Provincia de Chimborazo, Ecuador y realizo sus estudios primarios y primarios la Escuela Salesianos STAR de la Sultana de los Andes.<\/p>\n<p style=\"text-align: justify\">Paul ingreso a la ESPOL en el 1994, al pre de invierno para seguir luego a la carrera de Econom\u00eda en el entonces ICHE, donde culmino sus estudios de pregrado en el 1998.<\/p>\n<p style=\"text-align: justify\">Para el a\u00f1o 2000 culmino su MBA del ESPAE, coordinando sus tareas en los sectores p\u00fablico y privado.<\/p>\n<p style=\"text-align: justify\">Como docente de la ESPOL se hizo acreedor a una beca dentro del Proyecto VLIR ESPOL, en Ghent culmina al a\u00f1o 2002 su Maestr\u00eda en Econom\u00eda Agr\u00edcola. Para el a\u00f1o 2005, en la misma universidad obtuvo su PhD. en Econom\u00eda Agr\u00edcola.<\/p>\n<p style=\"text-align: justify\">Paul Alejandro es docente de la FIMCP y un activo investigador, quien recientemente (4 de julio 2011) fue nombrado Sub Decano de la Facultad de Investigaci\u00f3n y Postgrado.<\/p>\n<p style=\"text-align: justify\">En la FIMCP tiene a cargo las materias de Formulaci\u00f3n \/ Evaluaci\u00f3n de Proyectos e Introducci\u00f3n a los Sistemas de Informaci\u00f3n Geogr\u00e1fica.<\/p>\n<p style=\"text-align: justify\">El actual decano de la FIP - ESPOL es Jorge Oswaldo Calder\u00f3n Vel\u00e1squez (PhD), 1952. El Sub Decano es Pa\u00fal Alejandro Herrera Samaniego.<\/p>\n<p style=\"text-align: center\"><a href=\"http:\/\/blog.espol.edu.ec\/vicenteriofrio\/files\/2012\/05\/ESPOL-claves.jpg\"><img loading=\"lazy\" decoding=\"async\" class=\"aligncenter size-full wp-image-18366\" src=\"http:\/\/blog.espol.edu.ec\/vicenteriofrio\/files\/2012\/05\/ESPOL-claves.jpg\" alt=\"\" width=\"424\" height=\"339\" srcset=\"https:\/\/blog.espol.edu.ec\/vicenteriofrio\/files\/2012\/05\/ESPOL-claves.jpg 424w, https:\/\/blog.espol.edu.ec\/vicenteriofrio\/files\/2012\/05\/ESPOL-claves-300x239.jpg 300w\" sizes=\"auto, (max-width: 424px) 100vw, 424px\" \/><\/a><\/p>\n<p style=\"text-align: justify\">Se matiz\u00f3 por parte de nuestro invitado que uno de los primeros pasos de la FIP - ESPOL fue impulsar su sociabilizaci\u00f3n al interior de la instituci\u00f3n, en vista de consolidar pol\u00edticas y organizaci\u00f3n din\u00e1mica.<\/p>\n<p style=\"text-align: justify\">Recordamos que la FIP tiende a organizar y fortalecer con pol\u00edticas generales tanto la investigaci\u00f3n como el sistema de post grado en la ESPOL. Uno de sus aportes al sistema est\u00e1 en el nuevo Reglamento de Doctorados en Ecuador, todo en pleno dialogo con el Consejo de Educaci\u00f3n Superior (CES) y SENESCYT.<\/p>\n<p style=\"text-align: justify\">Pa\u00fal Alejandro narro que se est\u00e1 fortaleciendo el r\u00e9gimen acad\u00e9mico tanto para los estudiantes de pre y post-grado.<\/p>\n<p style=\"text-align: justify\">En relaci\u00f3n a los estudiantes de post grado se vislumbra un adecuado sistema de selecci\u00f3n. Paralelamente va un monitoreo evaluativo de los programas en s\u00ed, esto bajo est\u00e1ndares de calidad. Aqu\u00ed se busca un proceso \u00fanico de admisi\u00f3n a los post grados.<\/p>\n<p style=\"text-align: justify\">Herrera Samaniego enfatizo las bondades de la creaci\u00f3n de la carrera de investigadores dentro de la FIP, donde se han impuesto reglas claras y homog\u00e9neas.<\/p>\n<p style=\"text-align: justify\">De la entrevista se aprecia los trabajos de la FIP por Impulsar investigaci\u00f3n y fortalecer los postgrados en la ESPOL, en busca de respaldar con solvencia un los programas doctorales en el Ecuador.<\/p>\n<p style=\"text-align: justify\"><a href=\"http:\/\/blog.espol.edu.ec\/vicenteriofrio\/files\/2012\/05\/PA\u00daL-HERRERA-para-BLOG-11.jpg\"><img loading=\"lazy\" decoding=\"async\" class=\"aligncenter size-full wp-image-18355\" src=\"http:\/\/blog.espol.edu.ec\/vicenteriofrio\/files\/2012\/05\/PA\u00daL-HERRERA-para-BLOG-11.jpg\" alt=\"\" width=\"424\" height=\"425\" srcset=\"https:\/\/blog.espol.edu.ec\/vicenteriofrio\/files\/2012\/05\/PA\u00daL-HERRERA-para-BLOG-11.jpg 424w, https:\/\/blog.espol.edu.ec\/vicenteriofrio\/files\/2012\/05\/PA\u00daL-HERRERA-para-BLOG-11-150x150.jpg 150w, https:\/\/blog.espol.edu.ec\/vicenteriofrio\/files\/2012\/05\/PA\u00daL-HERRERA-para-BLOG-11-300x300.jpg 300w\" sizes=\"auto, (max-width: 424px) 100vw, 424px\" \/><\/a><\/p>\n<p style=\"text-align: justify\">Entre los retos y desaf\u00edos de la FIP est\u00e1n crear pol\u00edticas para propiciar y gestionar ayuda econ\u00f3mica para la investigaci\u00f3n, en paralelo con optimizar los recursos disponibles y con el fin de promover y fortalecer programas de investigaci\u00f3n vinculados con las necesidades del pa\u00eds.<\/p>\n<p style=\"text-align: justify\">\u00a0Nuestro entrevistado dejo el mensaje impl\u00edcito de vincular las actividades de investigaci\u00f3n de la Instituci\u00f3n con otras dependencias e instituciones nacionales y extranjeras, bajo las pol\u00edticas y normas del CES y SENESCYT.<\/p>\n<p style=\"text-align: justify\">Entre otras de las tareas de la FIP se encuentra apoyar la difusi\u00f3n de informaci\u00f3n e intercambio de ideas, as\u00ed como de los resultados y experiencias en t\u00e9rminos de documentos escritos con las m\u00e1s altas normas de calidad.<\/p>\n<p style=\"text-align: justify\">La vivencia con Pa\u00fal Alejandro contempla mucho m\u00e1s informaci\u00f3n que la bosquejada en las l\u00edneas anteriores, contiene un mensaje claro y motivador para los actuales novatos de la ESPOL.<\/p>\n<p style=\"text-align: justify\">La presente producci\u00f3n (entrevista en tres v\u00eddeos) es una pieza vital para la formaci\u00f3n profesional de los investigadores a partir de los novatos de la ESPOL, adem\u00e1s constituye un modelo a tenerse en cuenta. Los 45 minutos en tres segmentos se contienen en su versi\u00f3n original, ver:<\/p>\n<p style=\"text-align: center\">\u00a0<span style=\"color: #ff6600\"><strong>#1\/3 Entrevista Paul Herrera Samaniego sobre Facultad-Investigaci\u00f3n-Postgrado, ESPOL, 2012.05.03.<\/strong><\/span><\/p>\n<p style=\"text-align: center\"><object width=\"420\" height=\"315\" classid=\"d27cdb6e-ae6d-11cf-96b8-444553540000\"><param name=\"allowFullScreen\" value=\"true\" \/><param name=\"allowscriptaccess\" value=\"always\" \/><param name=\"src\" value=\"http:\/\/www.youtube.com\/v\/rXkOhYou8Dw?version=3&amp;hl=es_ES\" \/><param name=\"allowfullscreen\" value=\"true\" \/><embed width=\"420\" height=\"315\" type=\"application\/x-shockwave-flash\" src=\"http:\/\/www.youtube.com\/v\/rXkOhYou8Dw?version=3&amp;hl=es_ES\" allowFullScreen=\"true\" allowscriptaccess=\"always\" allowfullscreen=\"true\" \/><\/object><\/p>\n<p style=\"text-align: center\">\u00a0<a href=\"http:\/\/youtu.be\/rXkOhYou8Dw\">http:\/\/youtu.be\/rXkOhYou8Dw<\/a><\/p>\n<p style=\"text-align: center\"><span style=\"color: #ff6600\"><strong>\u00a0#2\/3 Entrevista Paul Herrera Samaniego sobre Facultad-Investigaci\u00f3n-Postgrado, ESPOL, 2012.05.03.<\/strong><\/span><\/p>\n<p style=\"text-align: center\"><object width=\"420\" height=\"315\" classid=\"d27cdb6e-ae6d-11cf-96b8-444553540000\"><param name=\"allowFullScreen\" value=\"true\" \/><param name=\"allowscriptaccess\" value=\"always\" \/><param name=\"src\" value=\"http:\/\/www.youtube.com\/v\/N08yZ5TDLsA?version=3&amp;hl=es_ES\" \/><param name=\"allowfullscreen\" value=\"true\" \/><embed width=\"420\" height=\"315\" type=\"application\/x-shockwave-flash\" src=\"http:\/\/www.youtube.com\/v\/N08yZ5TDLsA?version=3&amp;hl=es_ES\" allowFullScreen=\"true\" allowscriptaccess=\"always\" allowfullscreen=\"true\" \/><\/object><\/p>\n<p style=\"text-align: center\">\u00a0<a href=\"http:\/\/youtu.be\/N08yZ5TDLsA\">http:\/\/youtu.be\/N08yZ5TDLsA<\/a><\/p>\n<p style=\"text-align: center\"><span style=\"color: #ff6600\"><strong>\u00a0#3\/3 Entrevista Paul Herrera Samaniego sobre Facultad-Investigaci\u00f3n-Postgrado, ESPOL, 2012.05.03.<\/strong><\/span><\/p>\n<p style=\"text-align: center\"><object width=\"420\" height=\"315\" classid=\"d27cdb6e-ae6d-11cf-96b8-444553540000\"><param name=\"allowFullScreen\" value=\"true\" \/><param name=\"allowscriptaccess\" value=\"always\" \/><param name=\"src\" value=\"http:\/\/www.youtube.com\/v\/BdecJ7r3FdM?version=3&amp;hl=es_ES\" \/><param name=\"allowfullscreen\" value=\"true\" \/><embed width=\"420\" height=\"315\" type=\"application\/x-shockwave-flash\" src=\"http:\/\/www.youtube.com\/v\/BdecJ7r3FdM?version=3&amp;hl=es_ES\" allowFullScreen=\"true\" allowscriptaccess=\"always\" allowfullscreen=\"true\" \/><\/object><\/p>\n<p style=\"text-align: center\"><a href=\"http:\/\/youtu.be\/BdecJ7r3FdM\">http:\/\/youtu.be\/BdecJ7r3FdM<\/a><\/p>\n<p align=\"center\">\u00a0\u00a0 <a href=\"http:\/\/blog.espol.edu.ec\/vicenteriofrio\/files\/2012\/05\/Paul-Herrera-para-BLOG-2.jpg\"><img loading=\"lazy\" decoding=\"async\" class=\"aligncenter size-full wp-image-18356\" src=\"http:\/\/blog.espol.edu.ec\/vicenteriofrio\/files\/2012\/05\/Paul-Herrera-para-BLOG-2.jpg\" alt=\"\" width=\"424\" height=\"431\" srcset=\"https:\/\/blog.espol.edu.ec\/vicenteriofrio\/files\/2012\/05\/Paul-Herrera-para-BLOG-2.jpg 424w, https:\/\/blog.espol.edu.ec\/vicenteriofrio\/files\/2012\/05\/Paul-Herrera-para-BLOG-2-295x300.jpg 295w\" sizes=\"auto, (max-width: 424px) 100vw, 424px\" \/><\/a><\/p>\n<p>Felicitamos a los actuales y futuros estudiantes de post grado por darse la oportunidad de crecer. \u00c9xitos en su nuevo proyecto de vida. Van a requerir de imaginaci\u00f3n, visi\u00f3n, disciplina, organizaci\u00f3n, valor y coraje.<\/p>\n<p style=\"text-align: center\"><span style=\"color: #800080\">(Siempre +) en:<\/span><\/p>\n<p style=\"text-align: center\"><a href=\"http:\/\/blog.espol.edu.ec\/vicenteriofrio\">http:\/\/blog.espol.edu.ec\/vicenteriofrio<\/a><\/p>\n<p style=\"text-align: center\"><span style=\"color: #008080\">Por (x +) en:<\/span><\/p>\n<p style=\"text-align: center\"><a href=\"http:\/\/www.youtube.com\/user\/vart12345\">http:\/\/www.youtube.com\/user\/vart12345<\/a><\/p>\n<p style=\"text-align: center\"><span style=\"color: #993366\">Jugar con Pirotecnia es peligroso, ver:<\/span><\/p>\n<p style=\"text-align: center\"><a href=\"http:\/\/youtu.be\/tiPvoVIOK24\">http:\/\/youtu.be\/tiPvoVIOK24<\/a><\/p>\n<p style=\"text-align: center\"><span style=\"color: #333399\">\u00bfNos escribe?<\/span><\/p>\n<p style=\"text-align: center\"><span style=\"color: #ff0000\">\u10e6\u0b87\u06bf\u06b0\u06e3\u10e6\u266b Il mio sorriso \u10e6\u266b \u0b87\u06bf\u06b0\u06e3\u06bf\u10e6 \u2764<\/span><\/p>\n<form id=\"vozme_form_4a1e34b65622c77a20684166ae831860\" method=\"post\" name=\"vozme_form_4a1e34b65622c77a20684166ae831860\" target=\"4a1e34b65622c77a20684166ae831860\" action=\"http:\/\/vozme.com\/text2voice.php\"><input name=\"text\" type=\"hidden\" value=\"Entrevista con Paul Herrera Samaniego sobre Facultad de Investigaci\u00f3n y Postgrado, ESPOL, 2012.05.03.. ESPOL \u2013 ICQA \u2013 CSECT\n\u201cNunca consideres el estudio como una obligaci\u00f3n, sino como una oportunidad para penetrar en el bello y maravilloso mundo del saber\u201d.\n- Albert Einstein\n&quot;Es de importancia para quien desee alcanzar una certeza en su investigaci\u00f3n, el saber dudar a tiempo.&quot;\n- Arist\u00f3teles\n\u201cEn la investigaci\u00f3n es incluso mas importante el proceso que el logro mismo\u201d.\n- Emilio Mu\u00f1oz\n&quot;Gracias a la memoria se da en los hombres lo que se llama experiencia.&quot;\n- Arist\u00f3teles\n\u00a0\u201cEn principio la investigaci\u00f3n necesita m\u00e1s cabezas que medios\u201d.\n- Severo Ochoa\n\u00a0\u201c\u00a1Estudia! No para saber una cosa m\u00e1s, sino para saberla mejor\u201d.\n- Lucio Anneo S\u00e9neca\nDifusi\u00f3n: 2012.05.06.\nNuestro entrevistado, el jueves 3 de mayo de 2012, trato en singular dialogo sobre el fortalecimiento de la Facultad de Investigaci\u00f3n y Postgrado en la ESPOL (FIP). Record\u00f3 que la FIP formalmente se creo el 11 de marzo 2011 y tomo vida org\u00e1nica el 04 de julio de 2011.\nNuestro invitado naci\u00f3 en Riobamba (9 de octubre de 1975), Provincia de Chimborazo, Ecuador y realizo sus estudios primarios y primarios la Escuela Salesianos STAR de la Sultana de los Andes.\nPaul ingreso a la ESPOL en el 1994, al pre de invierno para seguir luego a la carrera de Econom\u00eda en el entonces ICHE, donde culmino sus estudios de pregrado en el 1998.\nPara el a\u00f1o 2000 culmino su MBA del ESPAE, coordinando sus tareas en los sectores p\u00fablico y privado.\nComo docente de la ESPOL se hizo acreedor a una beca dentro del Proyecto VLIR ESPOL, en Ghent culmina al a\u00f1o 2002 su Maestr\u00eda en Econom\u00eda Agr\u00edcola. Para el a\u00f1o 2005, en la misma universidad obtuvo su PhD. en Econom\u00eda Agr\u00edcola.\nPaul Alejandro es docente de la FIMCP y un activo investigador, quien recientemente (4 de julio 2011) fue nombrado Sub Decano de la Facultad de Investigaci\u00f3n y Postgrado.\nEn la FIMCP tiene a cargo las materias de Formulaci\u00f3n \/ Evaluaci\u00f3n de Proyectos e Introducci\u00f3n a los Sistemas de Informaci\u00f3n Geogr\u00e1fica.\nEl actual decano de la FIP - ESPOL es Jorge Oswaldo Calder\u00f3n Vel\u00e1squez (PhD), 1952. El Sub Decano es Pa\u00fal Alejandro Herrera Samaniego.\n\nSe matiz\u00f3 por parte de nuestro invitado que uno de los primeros pasos de la FIP - ESPOL fue impulsar su sociabilizaci\u00f3n al interior de la instituci\u00f3n, en vista de consolidar pol\u00edticas y organizaci\u00f3n din\u00e1mica.\nRecordamos que la FIP tiende a organizar y fortalecer con pol\u00edticas generales tanto la investigaci\u00f3n como el sistema de post grado en la ESPOL. Uno de sus aportes al sistema est\u00e1 en el nuevo Reglamento de Doctorados en Ecuador, todo en pleno dialogo con el Consejo de Educaci\u00f3n Superior (CES) y SENESCYT.\nPa\u00fal Alejandro narro que se est\u00e1 fortaleciendo el r\u00e9gimen acad\u00e9mico tanto para los estudiantes de pre y post-grado.\nEn relaci\u00f3n a los estudiantes de post grado se vislumbra un adecuado sistema de selecci\u00f3n. Paralelamente va un monitoreo evaluativo de los programas en s\u00ed, esto bajo est\u00e1ndares de calidad. Aqu\u00ed se busca un proceso \u00fanico de admisi\u00f3n a los post grados.\nHerrera Samaniego enfatizo las bondades de la creaci\u00f3n de la carrera de investigadores dentro de la FIP, donde se han impuesto reglas claras y homog\u00e9neas.\nDe la entrevista se aprecia los trabajos de la FIP por Impulsar investigaci\u00f3n y fortalecer los postgrados en la ESPOL, en busca de respaldar con solvencia un los programas doctorales en el Ecuador.\n\nEntre los retos y desaf\u00edos de la FIP est\u00e1n crear pol\u00edticas para propiciar y gestionar ayuda econ\u00f3mica para la investigaci\u00f3n, en paralelo con optimizar los recursos disponibles y con el fin de promover y fortalecer programas de investigaci\u00f3n vinculados con las necesidades del pa\u00eds.\n\u00a0Nuestro entrevistado dejo el mensaje impl\u00edcito de vincular las actividades de investigaci\u00f3n de la Instituci\u00f3n con otras dependencias e instituciones nacionales y extranjeras, bajo las pol\u00edticas y normas del CES y SENESCYT.\nEntre otras de las tareas de la FIP se encuentra apoyar la difusi\u00f3n de informaci\u00f3n e intercambio de ideas, as\u00ed como de los resultados y experiencias en t\u00e9rminos de documentos escritos con las m\u00e1s altas normas de calidad.\nLa vivencia con Pa\u00fal Alejandro contempla mucho m\u00e1s informaci\u00f3n que la bosquejada en las l\u00edneas anteriores, contiene un mensaje claro y motivador para los actuales novatos de la ESPOL.\nLa presente producci\u00f3n (entrevista en tres v\u00eddeos) es una pieza vital para la formaci\u00f3n profesional de los investigadores a partir de los novatos de la ESPOL, adem\u00e1s constituye un modelo a tenerse en cuenta. Los 45 minutos en tres segmentos se contienen en su versi\u00f3n original, ver:\n\u00a0#1\/3 Entrevista Paul Herrera Samaniego sobre Facultad-Investigaci\u00f3n-Postgrado, ESPOL, 2012.05.03.\n\n\u00a0http:\/\/youtu.be\/rXkOhYou8Dw\n\u00a0#2\/3 Entrevista Paul Herrera Samaniego sobre Facultad-Investigaci\u00f3n-Postgrado, ESPOL, 2012.05.03.\n\n\u00a0http:\/\/youtu.be\/N08yZ5TDLsA\n\u00a0#3\/3 Entrevista Paul Herrera Samaniego sobre Facultad-Investigaci\u00f3n-Postgrado, ESPOL, 2012.05.03.\n\nhttp:\/\/youtu.be\/BdecJ7r3FdM\n\u00a0\u00a0 \nFelicitamos a los actuales y futuros estudiantes de post grado por darse la oportunidad de crecer. \u00c9xitos en su nuevo proyecto de vida. Van a requerir de imaginaci\u00f3n, visi\u00f3n, disciplina, organizaci\u00f3n, valor y coraje.\n(Siempre +) en:\nhttp:\/\/blog.espol.edu.ec\/vicenteriofrio\nPor (x +) en:\nhttp:\/\/www.youtube.com\/user\/vart12345\nJugar con Pirotecnia es peligroso, ver:\nhttp:\/\/youtu.be\/tiPvoVIOK24\n\u00bfNos escribe?\n\u10e6\u0b87\u06bf\u06b0\u06e3\u10e6\u266b Il mio sorriso \u10e6\u266b \u0b87\u06bf\u06b0\u06e3\u06bf\u10e6 \u2764\n\" \/><input name=\"lang\" type=\"hidden\" value=\"es\" \/><input name=\"gn\" type=\"hidden\" value=\"ml\" \/><input type=\"hidden\" id=\"interface\" name=\"interface\" value=\"full\" \/>\n\t\t\t<div style=\"margin-left:40%;\">\n\t\t\t\n\t\t\t\t<input style=\"float:left;\" type=\"image\" width=\"40\" height=\"40\" src=\"http:\/\/blog.espol.edu.ec\/vicenteriofrio\/wp-content\/plugins\/vozme\/img\/megaphone40x40w.gif\" alt=\"Escucha este post\" onclick=\"window.open('', '4a1e34b65622c77a20684166ae831860', 'width=600,height=370,scrollbars=yes,location=yes,menubar=yes,resizable=yes,status=yes,toolbar=yes');\">\n\t\t\t\t<div style=\"margin-left:48px; text-align:left;\"><a style=\"font-size:12px;\" href=\"javascript:void(0);\" onclick=\"window.open('', '4a1e34b65622c77a20684166ae831860', 'width=600,height=370,scrollbars=yes,location=yes,menubar=yes,resizable=yes,status=yes,toolbar=yes'); document.getElementById('vozme_form_4a1e34b65622c77a20684166ae831860').submit();\">Escucha<br\/>este post<\/a><\/div>\n\t\t\t<\/div><\/form>","protected":false},"excerpt":{"rendered":"<p>ESPOL \u2013 ICQA \u2013 CSECT \u201cNunca consideres el estudio como una obligaci\u00f3n, sino como una oportunidad para penetrar en el bello y maravilloso mundo del saber\u201d. - Albert Einstein \"Es de importancia para quien desee alcanzar una certeza en su investigaci\u00f3n, el saber dudar a tiempo.\" - Arist\u00f3teles \u201cEn la investigaci\u00f3n es incluso mas importante [&hellip;]<\/p>\n","protected":false},"author":194,"featured_media":0,"comment_status":"open","ping_status":"closed","sticky":false,"template":"","format":"standard","meta":{"_monsterinsights_skip_tracking":false,"_monsterinsights_sitenote_active":false,"_monsterinsights_sitenote_note":"","_monsterinsights_sitenote_category":0,"footnotes":""},"categories":[4692,2430,3238,17207,509,1],"tags":[5752,2256,981,3983,7732,15165,45385,1863,11910,144136,1220732,1059,1058,1857,6,40800,980,976,1465,33102,9331,10239,12134,2634,1373,722,40799,40798,22935,5565,144135,1057,31637,21881,32083,38558,3967,1194,330],"class_list":["post-18346","post","type-post","status-publish","format-standard","hentry","category-1-emprendimiento","category-1-entrevistas","category-1-miscelaneas","category-1-responsabilidad-social","category-curiosidades","category-uncategorized","tag-vriofrio","tag-albert-einstein","tag-aprender-ensenando","tag-aprender-haciendo","tag-aristoteles","tag-ces","tag-decano","tag-desafios","tag-download","tag-emilio-munoz","tag-emprendimiento","tag-emprendimiento-para-aprender","tag-ensenando-a-aprender","tag-entrevista","tag-espol","tag-facultad-de-investigacion-y-postgrado","tag-formacion-lideres","tag-icqa","tag-investigacion","tag-jorge-oswaldo-calderon-velasquez","tag-learn-by-doing","tag-lucio-anneo-seneca","tag-maria-jose-molina","tag-novatos","tag-oportunidades","tag-organizacion","tag-paul-alejandro","tag-paul-herrera-samaniego","tag-ph-d","tag-politicas","tag-post-grados","tag-responsables","tag-senescyt","tag-severo-ochoa","tag-sub-decano","tag-universidad-de-gente","tag-vicente-riofrio","tag-vinculos-con-la-comunidad","tag-youtube"],"_links":{"self":[{"href":"https:\/\/blog.espol.edu.ec\/vicenteriofrio\/wp-json\/wp\/v2\/posts\/18346","targetHints":{"allow":["GET"]}}],"collection":[{"href":"https:\/\/blog.espol.edu.ec\/vicenteriofrio\/wp-json\/wp\/v2\/posts"}],"about":[{"href":"https:\/\/blog.espol.edu.ec\/vicenteriofrio\/wp-json\/wp\/v2\/types\/post"}],"author":[{"embeddable":true,"href":"https:\/\/blog.espol.edu.ec\/vicenteriofrio\/wp-json\/wp\/v2\/users\/194"}],"replies":[{"embeddable":true,"href":"https:\/\/blog.espol.edu.ec\/vicenteriofrio\/wp-json\/wp\/v2\/comments?post=18346"}],"version-history":[{"count":18,"href":"https:\/\/blog.espol.edu.ec\/vicenteriofrio\/wp-json\/wp\/v2\/posts\/18346\/revisions"}],"predecessor-version":[{"id":18365,"href":"https:\/\/blog.espol.edu.ec\/vicenteriofrio\/wp-json\/wp\/v2\/posts\/18346\/revisions\/18365"}],"wp:attachment":[{"href":"https:\/\/blog.espol.edu.ec\/vicenteriofrio\/wp-json\/wp\/v2\/media?parent=18346"}],"wp:term":[{"taxonomy":"category","embeddable":true,"href":"https:\/\/blog.espol.edu.ec\/vicenteriofrio\/wp-json\/wp\/v2\/categories?post=18346"},{"taxonomy":"post_tag","embeddable":true,"href":"https:\/\/blog.espol.edu.ec\/vicenteriofrio\/wp-json\/wp\/v2\/tags?post=18346"}],"curies":[{"name":"wp","href":"https:\/\/api.w.org\/{rel}","templated":true}]}}