{"id":18487,"date":"2012-05-21T14:46:00","date_gmt":"2012-05-21T19:46:00","guid":{"rendered":"http:\/\/blog.espol.edu.ec\/vicenteriofrio\/?p=18487"},"modified":"2012-05-21T14:57:29","modified_gmt":"2012-05-21T19:57:29","slug":"18487","status":"publish","type":"post","link":"https:\/\/blog.espol.edu.ec\/vicenteriofrio\/2012\/05\/21\/18487\/","title":{"rendered":"Vivencias en tertulia y en DEVELIZAMIENTO RETRATO POETA ROSARIO SANSORES en Museo Julio Jaramillo, Puerto Santa Ana, Guayaquil,  Ecuador, 2012.05.21."},"content":{"rendered":"<p align=\"center\"><span style=\"color: #800000\">ESPOL \u2013 ICQA \u2013 CSECT<\/span><\/p>\n<p>&nbsp;<\/p>\n<p align=\"right\"><span style=\"color: #808000\"><strong>\u201cNo olvides nunca que el primer beso no se da con la boca, sino con los ojos\u201d.<\/strong><\/span><\/p>\n<p align=\"right\"><em><span style=\"color: #ff9900\"><strong>- O. K. Bernhardt<\/strong><\/span><\/em><\/p>\n<p align=\"right\"><strong><span style=\"color: #808000\">\u201cCuando mi voz calle con la muerte, mi coraz\u00f3n te seguir\u00e1 hablando\u201d.<\/span><\/strong><\/p>\n<p align=\"right\"><em><strong><span style=\"color: #ff9900\">- Rabindranath Tagore<\/span><\/strong><\/em><\/p>\n<p align=\"right\"><span style=\"color: #808000\"><strong>\u00a0\u201c<span style=\"color: #808000\">A<\/span>ma hasta que te duela. Si te duele es buena se\u00f1al\u201d.<\/strong><\/span><\/p>\n<p align=\"right\"><em><span style=\"color: #ff9900\"><strong>- Madre Teresa de Calcuta<\/strong><\/span><\/em><\/p>\n<p align=\"right\"><span style=\"color: #808000\"><strong>\u00a0\u201cEn un beso, sabr\u00e1s todo lo que he callado\u201d.<\/strong><\/span><\/p>\n<p align=\"right\"><span style=\"color: #ff9900\"><strong><em>- Pablo Neruda<\/em><\/strong><\/span><\/p>\n<p>&nbsp;<\/p>\n<p align=\"center\">\u00a0<span style=\"color: #800000\">Difusi\u00f3n: 2012.05.21.<\/span><\/p>\n<p>Breve semblanza publicada por Gilberto Avil\u00e9s (detective del pasado):<\/p>\n<p>\u201cPoeta yucateca nacida en M\u00e9rida el 5 de septiembre de 1889 y muerta en D.F el 7 de enero de 1972. Perteneciente a la burgues\u00eda yucateca, Sansores Pren dijo de s\u00ed misma: \"El rumor popular me ha hecho aparecer como extranjera, siendo que nac\u00ed en la ciudad de M\u00e9rida, un d\u00eda 5 de septiembre. Mis padres eran ricos y mi infancia no conoci\u00f3 por lo tanto, el dolor que amarga el ensue\u00f1o de los ni\u00f1ois pobres...Mi vida fue exactamente igual a la de cualquier ni\u00f1a rica hasta cumplir los trece a\u00f1os en que la muerte de mi padre cambi\u00f3 el panorama de mi existencia\" (\"Mi biograf\u00eda\", Amenidades, M\u00e9xico, diciembre de 1935)\u201d.<\/p>\n<p>Publicado en:<\/p>\n<p style=\"text-align: center\"><a href=\"http:\/\/gilbertoavilez.blogspot.com\/2009\/04\/poeta-invitada.html\">http:\/\/gilbertoavilez.blogspot.com\/2009\/04\/poeta-invitada.html<\/a><\/p>\n<p>&nbsp;<\/p>\n<p>Excelente la coordinaci\u00f3n conmemorativa de Rosario Sansore Pren por parte de Katia Murrieta Wong, \u00a0Antonio Santos Menor y Roberto Mac Swiney, todo esto en el museo Julio Jaramillo que dirige Jenny Estrada Ru\u00edz, lo anterior se ratifica en las producciones a vuestro deleite.<\/p>\n<p>Para los novatos o no se presentan seis producciones educativas sobre la vida po\u00e9tica hecha canci\u00f3n en el ECUADOR. Ver:<\/p>\n<p>&nbsp;<\/p>\n<p style=\"text-align: center\">#1\/6 Rosario Sansores: tertulia y DEVELIZAMIENTO RETRATO en Museo Julio Jaramillo, GYE, 2012.05.20.<\/p>\n<p style=\"text-align: center\"><object width=\"420\" height=\"315\" classid=\"d27cdb6e-ae6d-11cf-96b8-444553540000\"><param name=\"allowFullScreen\" value=\"true\" \/><param name=\"allowscriptaccess\" value=\"always\" \/><param name=\"src\" value=\"http:\/\/www.youtube.com\/v\/7BA05V6a2Vo?version=3&amp;hl=es_ES\" \/><param name=\"allowfullscreen\" value=\"true\" \/><embed width=\"420\" height=\"315\" type=\"application\/x-shockwave-flash\" src=\"http:\/\/www.youtube.com\/v\/7BA05V6a2Vo?version=3&amp;hl=es_ES\" allowFullScreen=\"true\" allowscriptaccess=\"always\" allowfullscreen=\"true\" \/><\/object><\/p>\n<p style=\"text-align: center\"><a href=\"http:\/\/youtu.be\/7BA05V6a2Vo\">http:\/\/youtu.be\/7BA05V6a2Vo<\/a><\/p>\n<p>&nbsp;<\/p>\n<p style=\"text-align: center\">#2\/6 Rosario Sansores: tertulia y DEVELIZAMIENTO RETRATO en Museo Julio Jaramillo, GYE, 2012.05.20.<\/p>\n<p style=\"text-align: center\">\u00a0<object width=\"420\" height=\"315\" classid=\"d27cdb6e-ae6d-11cf-96b8-444553540000\"><param name=\"allowFullScreen\" value=\"true\" \/><param name=\"allowscriptaccess\" value=\"always\" \/><param name=\"src\" value=\"http:\/\/www.youtube.com\/v\/IDnPjBMH-WM?version=3&amp;hl=es_ES\" \/><param name=\"allowfullscreen\" value=\"true\" \/><embed width=\"420\" height=\"315\" type=\"application\/x-shockwave-flash\" src=\"http:\/\/www.youtube.com\/v\/IDnPjBMH-WM?version=3&amp;hl=es_ES\" allowFullScreen=\"true\" allowscriptaccess=\"always\" allowfullscreen=\"true\" \/><\/object><\/p>\n<p style=\"text-align: center\"><a href=\"http:\/\/youtu.be\/IDnPjBMH-WM\">\u00a0http:\/\/youtu.be\/IDnPjBMH-WM<\/a><\/p>\n<p>&nbsp;<\/p>\n<p style=\"text-align: center\">#3\/6 Rosario Sansores: tertulia y DEVELIZAMIENTO RETRATO en Museo Julio Jaramillo, GYE, 2012.05.20.<\/p>\n<p style=\"text-align: center\"><object width=\"420\" height=\"315\" classid=\"d27cdb6e-ae6d-11cf-96b8-444553540000\"><param name=\"allowFullScreen\" value=\"true\" \/><param name=\"allowscriptaccess\" value=\"always\" \/><param name=\"src\" value=\"http:\/\/www.youtube.com\/v\/epagUbwTuO4?version=3&amp;hl=es_ES\" \/><param name=\"allowfullscreen\" value=\"true\" \/><embed width=\"420\" height=\"315\" type=\"application\/x-shockwave-flash\" src=\"http:\/\/www.youtube.com\/v\/epagUbwTuO4?version=3&amp;hl=es_ES\" allowFullScreen=\"true\" allowscriptaccess=\"always\" allowfullscreen=\"true\" \/><\/object><\/p>\n<p style=\"text-align: center\"><a href=\"http:\/\/youtu.be\/epagUbwTuO4\">http:\/\/youtu.be\/epagUbwTuO4<\/a><\/p>\n<p>&nbsp;<\/p>\n<p style=\"text-align: center\">#4\/6 Rosario Sansores: tertulia y DEVELIZAMIENTO RETRATO en Museo Julio Jaramillo, GYE, 2012.05.20.<\/p>\n<p style=\"text-align: center\"><object width=\"420\" height=\"315\" classid=\"d27cdb6e-ae6d-11cf-96b8-444553540000\"><param name=\"allowFullScreen\" value=\"true\" \/><param name=\"allowscriptaccess\" value=\"always\" \/><param name=\"src\" value=\"http:\/\/www.youtube.com\/v\/BYWYqTBEKP0?version=3&amp;hl=es_ES\" \/><param name=\"allowfullscreen\" value=\"true\" \/><embed width=\"420\" height=\"315\" type=\"application\/x-shockwave-flash\" src=\"http:\/\/www.youtube.com\/v\/BYWYqTBEKP0?version=3&amp;hl=es_ES\" allowFullScreen=\"true\" allowscriptaccess=\"always\" allowfullscreen=\"true\" \/><\/object><\/p>\n<p style=\"text-align: center\"><a href=\"http:\/\/youtu.be\/BYWYqTBEKP0\">http:\/\/youtu.be\/BYWYqTBEKP0<\/a><\/p>\n<p>&nbsp;<\/p>\n<p style=\"text-align: center\">#5\/6 Rosario Sansores: tertulia y DEVELIZAMIENTO RETRATO en Museo Julio Jaramillo, GYE, 2012.05.20.<\/p>\n<p style=\"text-align: center\">\u00a0<object width=\"420\" height=\"315\" classid=\"d27cdb6e-ae6d-11cf-96b8-444553540000\"><param name=\"allowFullScreen\" value=\"true\" \/><param name=\"allowscriptaccess\" value=\"always\" \/><param name=\"src\" value=\"http:\/\/www.youtube.com\/v\/h5wWVbXx1Rs?version=3&amp;hl=es_ES\" \/><param name=\"allowfullscreen\" value=\"true\" \/><embed width=\"420\" height=\"315\" type=\"application\/x-shockwave-flash\" src=\"http:\/\/www.youtube.com\/v\/h5wWVbXx1Rs?version=3&amp;hl=es_ES\" allowFullScreen=\"true\" allowscriptaccess=\"always\" allowfullscreen=\"true\" \/><\/object><\/p>\n<p style=\"text-align: center\">\u00a0<a href=\"http:\/\/youtu.be\/h5wWVbXx1Rs\">http:\/\/youtu.be\/h5wWVbXx1Rs<\/a><\/p>\n<p>&nbsp;<\/p>\n<p style=\"text-align: center\">#6\/6 Vivencias DEVELIZAMIENTO RETRATO ROSARIO SANSORES Museo Julio Jaramillo, GYE, EC, 2012.05.20.<\/p>\n<p style=\"text-align: center\"><object width=\"420\" height=\"315\" classid=\"d27cdb6e-ae6d-11cf-96b8-444553540000\"><param name=\"allowFullScreen\" value=\"true\" \/><param name=\"allowscriptaccess\" value=\"always\" \/><param name=\"src\" value=\"http:\/\/www.youtube.com\/v\/6XNlh3CWSpA?version=3&amp;hl=es_ES\" \/><param name=\"allowfullscreen\" value=\"true\" \/><embed width=\"420\" height=\"315\" type=\"application\/x-shockwave-flash\" src=\"http:\/\/www.youtube.com\/v\/6XNlh3CWSpA?version=3&amp;hl=es_ES\" allowFullScreen=\"true\" allowscriptaccess=\"always\" allowfullscreen=\"true\" \/><\/object><\/p>\n<p style=\"text-align: center\"><a href=\"http:\/\/youtu.be\/6XNlh3CWSpA\">http:\/\/youtu.be\/6XNlh3CWSpA<\/a><\/p>\n<p>&nbsp;<\/p>\n<p style=\"text-align: center\">\u00bfQu\u00e9 mismo es el CSECT?<\/p>\n<p style=\"text-align: center\"><a href=\"http:\/\/blog.espol.edu.ec\/vicenteriofrio\/2012\/01\/15\/%c2%bfque-mismo-es-el-csect-%c2%bfpara-que-sirve-%c2%bfcomo-nos-preparamos-%c2%bfalcances-el-csect-es-innovacion-emprendimiento-y-mas\/\">http:\/\/blog.espol.edu.ec\/vicenteriofrio\/2012\/01\/15\/%c2%bfque-mismo-es-el-csect-%c2%bfpara-que-sirve-%c2%bfcomo-nos-preparamos-%c2%bfalcances-el-csect-es-innovacion-emprendimiento-y-mas\/<\/a><\/p>\n<p>&nbsp;<\/p>\n<p style=\"text-align: center\">(Siempre +) en:<\/p>\n<p style=\"text-align: center\"><a href=\"http:\/\/blog.espol.edu.ec\/vicenteriofrio\">http:\/\/blog.espol.edu.ec\/vicenteriofrio<\/a><\/p>\n<p style=\"text-align: center\">Por (x +) en:<\/p>\n<p style=\"text-align: center\"><a href=\"http:\/\/www.youtube.com\/user\/vart12345\">http:\/\/www.youtube.com\/user\/vart12345<\/a><\/p>\n<p>&nbsp;<\/p>\n<p style=\"text-align: center\">Jugar con Pirotecnia es peligroso, ver:<\/p>\n<p style=\"text-align: center\"><object width=\"420\" height=\"315\" classid=\"d27cdb6e-ae6d-11cf-96b8-444553540000\"><param name=\"allowFullScreen\" value=\"true\" \/><param name=\"allowscriptaccess\" value=\"always\" \/><param name=\"src\" value=\"http:\/\/www.youtube.com\/v\/tiPvoVIOK24?version=3&amp;hl=es_ES\" \/><param name=\"allowfullscreen\" value=\"true\" \/><embed width=\"420\" height=\"315\" type=\"application\/x-shockwave-flash\" src=\"http:\/\/www.youtube.com\/v\/tiPvoVIOK24?version=3&amp;hl=es_ES\" allowFullScreen=\"true\" allowscriptaccess=\"always\" allowfullscreen=\"true\" \/><\/object><\/p>\n<p style=\"text-align: center\"><a href=\"http:\/\/youtu.be\/tiPvoVIOK24\">http:\/\/youtu.be\/tiPvoVIOK24<\/a><\/p>\n<form id=\"vozme_form_57d5b8dc2917d48c5743c5441d5e711f\" method=\"post\" name=\"vozme_form_57d5b8dc2917d48c5743c5441d5e711f\" target=\"57d5b8dc2917d48c5743c5441d5e711f\" action=\"http:\/\/vozme.com\/text2voice.php\"><input name=\"text\" type=\"hidden\" value=\"Vivencias en tertulia y en DEVELIZAMIENTO RETRATO POETA ROSARIO SANSORES en Museo Julio Jaramillo, Puerto Santa Ana, Guayaquil,  Ecuador, 2012.05.21.. ESPOL \u2013 ICQA \u2013 CSECT\n&nbsp;\n\u201cNo olvides nunca que el primer beso no se da con la boca, sino con los ojos\u201d.\n- O. K. Bernhardt\n\u201cCuando mi voz calle con la muerte, mi coraz\u00f3n te seguir\u00e1 hablando\u201d.\n- Rabindranath Tagore\n\u00a0\u201cAma hasta que te duela. Si te duele es buena se\u00f1al\u201d.\n- Madre Teresa de Calcuta\n\u00a0\u201cEn un beso, sabr\u00e1s todo lo que he callado\u201d.\n- Pablo Neruda\n&nbsp;\n\u00a0Difusi\u00f3n: 2012.05.21.\nBreve semblanza publicada por Gilberto Avil\u00e9s (detective del pasado):\n\u201cPoeta yucateca nacida en M\u00e9rida el 5 de septiembre de 1889 y muerta en D.F el 7 de enero de 1972. Perteneciente a la burgues\u00eda yucateca, Sansores Pren dijo de s\u00ed misma: &quot;El rumor popular me ha hecho aparecer como extranjera, siendo que nac\u00ed en la ciudad de M\u00e9rida, un d\u00eda 5 de septiembre. Mis padres eran ricos y mi infancia no conoci\u00f3 por lo tanto, el dolor que amarga el ensue\u00f1o de los ni\u00f1ois pobres...Mi vida fue exactamente igual a la de cualquier ni\u00f1a rica hasta cumplir los trece a\u00f1os en que la muerte de mi padre cambi\u00f3 el panorama de mi existencia&quot; (&quot;Mi biograf\u00eda&quot;, Amenidades, M\u00e9xico, diciembre de 1935)\u201d.\nPublicado en:\nhttp:\/\/gilbertoavilez.blogspot.com\/2009\/04\/poeta-invitada.html\n&nbsp;\nExcelente la coordinaci\u00f3n conmemorativa de Rosario Sansore Pren por parte de Katia Murrieta Wong, \u00a0Antonio Santos Menor y Roberto Mac Swiney, todo esto en el museo Julio Jaramillo que dirige Jenny Estrada Ru\u00edz, lo anterior se ratifica en las producciones a vuestro deleite.\nPara los novatos o no se presentan seis producciones educativas sobre la vida po\u00e9tica hecha canci\u00f3n en el ECUADOR. Ver:\n&nbsp;\n#1\/6 Rosario Sansores: tertulia y DEVELIZAMIENTO RETRATO en Museo Julio Jaramillo, GYE, 2012.05.20.\n\nhttp:\/\/youtu.be\/7BA05V6a2Vo\n&nbsp;\n#2\/6 Rosario Sansores: tertulia y DEVELIZAMIENTO RETRATO en Museo Julio Jaramillo, GYE, 2012.05.20.\n\u00a0\n\u00a0http:\/\/youtu.be\/IDnPjBMH-WM\n&nbsp;\n#3\/6 Rosario Sansores: tertulia y DEVELIZAMIENTO RETRATO en Museo Julio Jaramillo, GYE, 2012.05.20.\n\nhttp:\/\/youtu.be\/epagUbwTuO4\n&nbsp;\n#4\/6 Rosario Sansores: tertulia y DEVELIZAMIENTO RETRATO en Museo Julio Jaramillo, GYE, 2012.05.20.\n\nhttp:\/\/youtu.be\/BYWYqTBEKP0\n&nbsp;\n#5\/6 Rosario Sansores: tertulia y DEVELIZAMIENTO RETRATO en Museo Julio Jaramillo, GYE, 2012.05.20.\n\u00a0\n\u00a0http:\/\/youtu.be\/h5wWVbXx1Rs\n&nbsp;\n#6\/6 Vivencias DEVELIZAMIENTO RETRATO ROSARIO SANSORES Museo Julio Jaramillo, GYE, EC, 2012.05.20.\n\nhttp:\/\/youtu.be\/6XNlh3CWSpA\n&nbsp;\n\u00bfQu\u00e9 mismo es el CSECT?\nhttp:\/\/blog.espol.edu.ec\/vicenteriofrio\/2012\/01\/15\/%c2%bfque-mismo-es-el-csect-%c2%bfpara-que-sirve-%c2%bfcomo-nos-preparamos-%c2%bfalcances-el-csect-es-innovacion-emprendimiento-y-mas\/\n&nbsp;\n(Siempre +) en:\nhttp:\/\/blog.espol.edu.ec\/vicenteriofrio\nPor (x +) en:\nhttp:\/\/www.youtube.com\/user\/vart12345\n&nbsp;\nJugar con Pirotecnia es peligroso, ver:\n\nhttp:\/\/youtu.be\/tiPvoVIOK24\n\" \/><input name=\"lang\" type=\"hidden\" value=\"es\" \/><input name=\"gn\" type=\"hidden\" value=\"ml\" \/><input type=\"hidden\" id=\"interface\" name=\"interface\" value=\"full\" \/>\n\t\t\t<div style=\"margin-left:40%;\">\n\t\t\t\n\t\t\t\t<input style=\"float:left;\" type=\"image\" width=\"40\" height=\"40\" src=\"http:\/\/blog.espol.edu.ec\/vicenteriofrio\/wp-content\/plugins\/vozme\/img\/megaphone40x40w.gif\" alt=\"Escucha este post\" onclick=\"window.open('', '57d5b8dc2917d48c5743c5441d5e711f', 'width=600,height=370,scrollbars=yes,location=yes,menubar=yes,resizable=yes,status=yes,toolbar=yes');\">\n\t\t\t\t<div style=\"margin-left:48px; text-align:left;\"><a style=\"font-size:12px;\" href=\"javascript:void(0);\" onclick=\"window.open('', '57d5b8dc2917d48c5743c5441d5e711f', 'width=600,height=370,scrollbars=yes,location=yes,menubar=yes,resizable=yes,status=yes,toolbar=yes'); document.getElementById('vozme_form_57d5b8dc2917d48c5743c5441d5e711f').submit();\">Escucha<br\/>este post<\/a><\/div>\n\t\t\t<\/div><\/form>","protected":false},"excerpt":{"rendered":"<p>ESPOL \u2013 ICQA \u2013 CSECT &nbsp; \u201cNo olvides nunca que el primer beso no se da con la boca, sino con los ojos\u201d. - O. K. Bernhardt \u201cCuando mi voz calle con la muerte, mi coraz\u00f3n te seguir\u00e1 hablando\u201d. - Rabindranath Tagore \u00a0\u201cAma hasta que te duela. Si te duele es buena se\u00f1al\u201d. - Madre [&hellip;]<\/p>\n","protected":false},"author":194,"featured_media":0,"comment_status":"open","ping_status":"closed","sticky":false,"template":"","format":"standard","meta":{"_monsterinsights_skip_tracking":false,"_monsterinsights_sitenote_active":false,"_monsterinsights_sitenote_note":"","_monsterinsights_sitenote_category":0,"footnotes":""},"categories":[32622,32524,4692,2994,2430,3238,31174,17207,82,1855,1],"tags":[144188,97468,144194,981,3983,144197,144201,144190,15959,70,1059,1058,980,144200,144196,15958,86696,14028,16394,144193,144198,6771,16353,1057,144191,144195,144192,12104,1194,10136,144199],"class_list":["post-18487","post","type-post","status-publish","format-standard","hentry","category-1-bienvenida-a-los-novatos-2010-2009","category-1-csect-2010-2009","category-1-emprendimiento","category-1-entretenimiento","category-1-entrevistas","category-1-miscelaneas","category-1-rendicion-social-de-cuentas-espol","category-1-responsabilidad-social","category-emprendimiento","category-fomento-a-la-investigacion","category-uncategorized","tag-riofriodocespol","tag-vriofrioespol","tag-antonio-santos","tag-aprender-ensenando","tag-aprender-haciendo","tag-carlos-aurelio-rubira-infante","tag-detective-del-pasado","tag-develizamiento","tag-ec","tag-ecuador","tag-emprendimiento-para-aprender","tag-ensenando-a-aprender","tag-formacion-lideres","tag-gilberto-aviles","tag-gloria-ruiz-castaneda","tag-gye","tag-hugo-delgado-cepeda","tag-jenny-estrada-ruiz","tag-julio-jaramillo","tag-katia-murrieta","tag-merida","tag-mexico","tag-museo-julio-jaramillo","tag-responsables","tag-retrato","tag-roberto-mac-swiney","tag-rosario-sansores","tag-vart12345","tag-vinculos-con-la-comunidad","tag-vivencias","tag-yucatan"],"_links":{"self":[{"href":"https:\/\/blog.espol.edu.ec\/vicenteriofrio\/wp-json\/wp\/v2\/posts\/18487","targetHints":{"allow":["GET"]}}],"collection":[{"href":"https:\/\/blog.espol.edu.ec\/vicenteriofrio\/wp-json\/wp\/v2\/posts"}],"about":[{"href":"https:\/\/blog.espol.edu.ec\/vicenteriofrio\/wp-json\/wp\/v2\/types\/post"}],"author":[{"embeddable":true,"href":"https:\/\/blog.espol.edu.ec\/vicenteriofrio\/wp-json\/wp\/v2\/users\/194"}],"replies":[{"embeddable":true,"href":"https:\/\/blog.espol.edu.ec\/vicenteriofrio\/wp-json\/wp\/v2\/comments?post=18487"}],"version-history":[{"count":41,"href":"https:\/\/blog.espol.edu.ec\/vicenteriofrio\/wp-json\/wp\/v2\/posts\/18487\/revisions"}],"predecessor-version":[{"id":18525,"href":"https:\/\/blog.espol.edu.ec\/vicenteriofrio\/wp-json\/wp\/v2\/posts\/18487\/revisions\/18525"}],"wp:attachment":[{"href":"https:\/\/blog.espol.edu.ec\/vicenteriofrio\/wp-json\/wp\/v2\/media?parent=18487"}],"wp:term":[{"taxonomy":"category","embeddable":true,"href":"https:\/\/blog.espol.edu.ec\/vicenteriofrio\/wp-json\/wp\/v2\/categories?post=18487"},{"taxonomy":"post_tag","embeddable":true,"href":"https:\/\/blog.espol.edu.ec\/vicenteriofrio\/wp-json\/wp\/v2\/tags?post=18487"}],"curies":[{"name":"wp","href":"https:\/\/api.w.org\/{rel}","templated":true}]}}