{"id":19077,"date":"2012-07-08T06:51:54","date_gmt":"2012-07-08T11:51:54","guid":{"rendered":"http:\/\/blog.espol.edu.ec\/vicenteriofrio\/?p=19077"},"modified":"2012-07-08T07:32:45","modified_gmt":"2012-07-08T12:32:45","slug":"19077","status":"publish","type":"post","link":"https:\/\/blog.espol.edu.ec\/vicenteriofrio\/2012\/07\/08\/19077\/","title":{"rendered":"Entrevista con Jorge Marcos Pinos a favor novatos dentro y fuera ESPOL, 2012.07.07."},"content":{"rendered":"<p style=\"text-align: center\"><a href=\"http:\/\/www.espol.edu.ec\">\u00a0ESPOL<\/a> \u2013 <a href=\"http:\/\/www.icqa.espol.edu.ec\">ICQA<\/a> \u2013 <a href=\"http:\/\/www.youtube.com\/user\/vart12345\">CSECT<\/a><\/p>\n<p>&nbsp;<\/p>\n<p style=\"text-align: right\">\u201c<span style=\"color: #808000\"><strong>Si das la luz para encender la vida de tu hermano, en ti brillar\u00e1 m\u00e1s esplendorosa<\/strong><\/span>\u201d.<br \/>\n- <span style=\"color: #993366\">Albert Schweitzer<\/span><\/p>\n<p style=\"text-align: right\">\u201c<strong><span style=\"color: #808000\">A veces sentimos que lo que hacemos es tan solo una gota en el mar, pero el mar ser\u00eda menos si le faltara una gota.<\/span><\/strong>\u201d.<br \/>\n- <span style=\"color: #993366\">Madre Teresa de Calcuta<\/span><\/p>\n<p style=\"text-align: center\"><a href=\"http:\/\/www.youtube.com\/user\/vart12345\">Difusi\u00f3n: 2012.07.08<\/a><\/p>\n<p style=\"text-align: center\"><a href=\"http:\/\/blog.espol.edu.ec\/vicenteriofrio\/files\/2012\/07\/blog0.jpg\"><img loading=\"lazy\" decoding=\"async\" class=\"aligncenter size-full wp-image-19080\" src=\"http:\/\/blog.espol.edu.ec\/vicenteriofrio\/files\/2012\/07\/blog0.jpg\" alt=\"\" width=\"419\" height=\"424\" srcset=\"https:\/\/blog.espol.edu.ec\/vicenteriofrio\/files\/2012\/07\/blog0.jpg 419w, https:\/\/blog.espol.edu.ec\/vicenteriofrio\/files\/2012\/07\/blog0-296x300.jpg 296w\" sizes=\"auto, (max-width: 419px) 100vw, 419px\" \/><\/a><\/p>\n<p><span style=\"color: #808000\"><strong>JORGE MARCOS PINO<\/strong><\/span> es ARQUE\u00d3LOGO, naci\u00f3 en Guayaquil, el 25 de junio de 1.932.<\/p>\n<p>Nuestro entrevistado responde a un conjunto de aristas que surgieron de la siguiente matriz y sus respuestas se enfocaron a capacitar a los novatos universitarios de todo el pa\u00eds, a lo largo de los componentes de nuestra nacionalidad e identidad, ver:<\/p>\n<p>1.- \u00bfQu\u00e9 es arqueolog\u00eda?<\/p>\n<p>2.- Podr\u00eda indicarnos \u00bfcuantas escuelas de arqueolog\u00eda hay en Ecuador?<\/p>\n<p>3.- \u00bfQu\u00e9 importancia tiene la arqueolog\u00eda en nuestro pa\u00eds con relaci\u00f3n al resto del continente?<\/p>\n<p>4.-\u00bfDesde cu\u00e1ndo estamos haciendo una arqueolog\u00eda acad\u00e9mica en el Ecuador?<\/p>\n<p>5.- \u00bfComo director fundador de la Escuela de Arqueolog\u00eda, cuales han sido los logros m\u00e1s significativos en este campo?<\/p>\n<p>6.- \u00bfCu\u00e1l ser\u00eda el marco ideal para tener un desarrollo perenne en la arqueolog\u00eda del pa\u00eds, como un aporte basado en la investigaci\u00f3n y no en supuestos?<\/p>\n<p style=\"text-align: center\"><a href=\"http:\/\/blog.espol.edu.ec\/vicenteriofrio\/files\/2012\/07\/blog1.jpg\"><img loading=\"lazy\" decoding=\"async\" class=\"aligncenter size-full wp-image-19084\" src=\"http:\/\/blog.espol.edu.ec\/vicenteriofrio\/files\/2012\/07\/blog1.jpg\" alt=\"\" width=\"424\" height=\"424\" srcset=\"https:\/\/blog.espol.edu.ec\/vicenteriofrio\/files\/2012\/07\/blog1.jpg 424w, https:\/\/blog.espol.edu.ec\/vicenteriofrio\/files\/2012\/07\/blog1-150x150.jpg 150w, https:\/\/blog.espol.edu.ec\/vicenteriofrio\/files\/2012\/07\/blog1-300x300.jpg 300w\" sizes=\"auto, (max-width: 424px) 100vw, 424px\" \/><\/a><\/p>\n<p>\u201cJorge estudi\u00f3 con Hans Micaelson en 1.940 y en Quito con Lloyd Wulf el 44. En 1.941 pas\u00f3 a la Escuela de los Hermanos Cristianos y realiz\u00f3 la secundaria en el Colegio Americano gradu\u00e1ndose de Bachiller en enero de 1.951.<\/p>\n<p>Fue alumno de historia del Francisco Huerta Rend\u00f3n, quien comenz\u00f3 a interesarlo en cuestiones de Arqueolog\u00eda \u201cLe llev\u00e9 unos torteros o cuentas de hilar y \u00e9l me explic\u00f3 de qu\u00e9 \u00e9poca eran.<\/p>\n<p>Despu\u00e9s del bachillerato fue llevado por su padre a una escuela de Boston que le preparar\u00eda al curso de Ingenier\u00eda del Massachusset Institute of tecnology (M.I.T.) y qued\u00f3 recomendado a su amigo Federico Stagg Caama\u00f1o, investigador ecuatoriano asociado en Antropolog\u00eda F\u00edsica en el Peabody Museum de la Universidad de Harvard en Cambridge; pero a \u00faltima hora decidi\u00f3 seguir el aprendizaje de artes pl\u00e1sticas en la prestigiosa escuela \u201cArts Students League\u201d<\/p>\n<p>En 1.955 obtuvo la Licenciatura, regres\u00f3 a Guayaquil y comenz\u00f3 a trabajar en las oficinas de \u201cPlantaciones Ecuatorianas\u201d', propietaria de varias hacienda bananeras en la zona de Balao Chico.<\/p>\n<p>En 1.967 un grupo de aficionados compuesto por Carlos Pino Plaza, Guillermo de Rubira Orellana, Vicente Matovelle y Adolfo Santistevan Amador le invitaron a realizar excavaciones y juntos encontraron un cementerio mante\u00f1o temprano del siglo XI D.C. en el sitio \u201cLa Loma de los Cangrejitos\u201d del valle de Chanduy y all\u00ed trabajaron varios meses bajo la supervisi\u00f3n t\u00e9cnica del prof. Carlos Zevallos Men\u00e9ndez\u201d.<\/p>\n<p>En 1.972 viaj\u00f3 a estudiar a la Universidad de Illinois en goce de una beca concedida por Lathrap que consist\u00eda en libros y 128 d\u00f3lares mensuales para gastos menores y como s\u00f3lo contaba con un peque\u00f1o capital de $700, fueron \u00e9pocas pobres y duras.<\/p>\n<p>&nbsp;<\/p>\n<p style=\"text-align: center\"><a href=\"http:\/\/blog.espol.edu.ec\/vicenteriofrio\/files\/2012\/07\/blog2.jpg\"><img loading=\"lazy\" decoding=\"async\" class=\"aligncenter size-full wp-image-19094\" src=\"http:\/\/blog.espol.edu.ec\/vicenteriofrio\/files\/2012\/07\/blog2.jpg\" alt=\"\" width=\"424\" height=\"424\" srcset=\"https:\/\/blog.espol.edu.ec\/vicenteriofrio\/files\/2012\/07\/blog2.jpg 424w, https:\/\/blog.espol.edu.ec\/vicenteriofrio\/files\/2012\/07\/blog2-150x150.jpg 150w, https:\/\/blog.espol.edu.ec\/vicenteriofrio\/files\/2012\/07\/blog2-300x300.jpg 300w\" sizes=\"auto, (max-width: 424px) 100vw, 424px\" \/><\/a><\/p>\n<p>\u00a0Su car\u00e1cter franco, sonrisa f\u00e1cil y agradable, su trato sencillo y al mismo tiempo digna; pero, la m\u00e1s importante faceta de su personalidad es la erudicci\u00f3n que sabe poner en los temas que trata y las consecuencias que obtiene en la explicaci\u00f3n de cada uno de ellos.<\/p>\n<p>En 1.990 recibi\u00f3 la cooperaci\u00f3n del especialista argentino Alberto Rex Gonz\u00e1lez en la asesor\u00eda del Pensum de estudios en la Polit\u00e9cnica y colabor\u00f3 con un art\u00edculo sobre la cultura Valdivia para la obra en ruso titulada \u201cLa Problem\u00e1tica de la Arqueolog\u00eda e Historia antigua en los pueblos de Am\u00e9rica Latina\u201d trabajo de recopilaci\u00f3n de Vladimir A. Bashilov.<\/p>\n<p>En 1.991 sali\u00f3 electo 1er vocal del directorio del N\u00facleo del Guayas de la C.C.E. y poco despu\u00e9s viaj\u00f3 a trabajar por un a\u00f1o a la Universidad de Barcelona seg\u00fan convenio con la Escuela Superior Polit\u00e9cnica del Litoral de Guayaquil.<\/p>\n<p style=\"text-align: justify\">El 2.002 fue condecorado con la Orden Nacional al M\u00e9rito. El 2.003 recibi\u00f3 el Premio Nacional de Cultura Eugenio Espejo para la investigaci\u00f3n. El 2.005 ingres\u00f3 a la Academia Nacional de Historia\u201d. Extractos del trabajo de Rodolfo P\u00e9rez Pimentel, espec\u00edficamente de:<\/p>\n<p style=\"text-align: center\">(<a href=\"http:\/\/www.diccionariobiograficoecuador.com\/tomos\/tomo4\/m3.htm\">http:\/\/www.diccionariobiograficoecuador.com\/tomos\/tomo4\/m3.htm<\/a>)<\/p>\n<p>\u201cEn el Gobierno de la Revoluci\u00f3n Ciudadana de Rafael Correa Delgado, ha sido Subsecretario de Patrimonio en el Ministerio de Cultura, Gerente General de Ciudad Alfaro y en la actualidad se desempe\u00f1a como Gerente del Proyecto los Cerros Hojas-Jaboncillo en Corporaci\u00f3n Ciudad Alfaro, en Montecristi, Manab\u00ed\u201d. Tomado de:<\/p>\n<p style=\"text-align: center\"><a href=\"http:\/\/ministeriopatrimonio.ezn.ec\/es\/el-ministerio\/consejo-consultivo-ciudadano-de-patrimonio\/1598-jorge-gabriel-marcos-pino\">(http:\/\/ministeriopatrimonio.ezn.ec\/es\/el-ministerio\/consejo-consultivo-ciudadano-de-patrimonio\/1598-jorge-gabriel-marcos-pino<\/a>)<\/p>\n<p>&nbsp;<\/p>\n<p>Jorge en su entrevista destaca algunos de los alcances y logros en sus trabajos,\u00a0 a la fecha, en la zona de Montecristi, en el Museo de Sitio Cerros de Hojas y Jaboncillo y Real Alto en Chanduy.<\/p>\n<p>La vivencia con <span style=\"color: #808000\"><strong>Jorge Marcos Pinos<\/strong><\/span> a favor de los novatos se plasm\u00f3 en siete v\u00eddeos, cuyos contenidos son fuente de enriquecimiento intelectual y cultural, adem\u00e1s retoman temas que se escapan del presupuesto an\u00edmicos de los estudiantes en general, ver:<\/p>\n<p style=\"text-align: center\"><span style=\"color: #808000\"><strong>#1<\/strong><\/span> Entrevista con <span style=\"color: #808000\"><strong>Jorge Marcos Pinos<\/strong><\/span> a favor novatos dentro y fuera ESPOL, 2012.07.07.<\/p>\n<p style=\"text-align: center\"><object width=\"420\" height=\"315\" classid=\"d27cdb6e-ae6d-11cf-96b8-444553540000\"><param name=\"allowFullScreen\" value=\"true\" \/><param name=\"allowscriptaccess\" value=\"always\" \/><param name=\"src\" value=\"http:\/\/www.youtube.com\/v\/CGNLcMhIqOM?version=3&amp;hl=es_ES\" \/><param name=\"allowfullscreen\" value=\"true\" \/><embed width=\"420\" height=\"315\" type=\"application\/x-shockwave-flash\" src=\"http:\/\/www.youtube.com\/v\/CGNLcMhIqOM?version=3&amp;hl=es_ES\" allowFullScreen=\"true\" allowscriptaccess=\"always\" allowfullscreen=\"true\" \/><\/object><\/p>\n<p style=\"text-align: center\"><a href=\"http:\/\/youtu.be\/CGNLcMhIqOM\">http:\/\/youtu.be\/CGNLcMhIqOM<\/a><\/p>\n<p style=\"text-align: center\"><span style=\"color: #808000\">#2<\/span> Entrevista con <span style=\"color: #808000\"><strong>Jorge Marcos Pinos<\/strong><\/span> a favor novatos dentro y fuera ESPOL, 2012.07.07.<\/p>\n<p style=\"text-align: center\"><object width=\"420\" height=\"315\" classid=\"d27cdb6e-ae6d-11cf-96b8-444553540000\"><param name=\"allowFullScreen\" value=\"true\" \/><param name=\"allowscriptaccess\" value=\"always\" \/><param name=\"src\" value=\"http:\/\/www.youtube.com\/v\/G3cXn2LMZ5c?version=3&amp;hl=es_ES\" \/><param name=\"allowfullscreen\" value=\"true\" \/><embed width=\"420\" height=\"315\" type=\"application\/x-shockwave-flash\" src=\"http:\/\/www.youtube.com\/v\/G3cXn2LMZ5c?version=3&amp;hl=es_ES\" allowFullScreen=\"true\" allowscriptaccess=\"always\" allowfullscreen=\"true\" \/><\/object><br \/>\n<a href=\"http:\/\/youtu.be\/G3cXn2LMZ5c\">http:\/\/youtu.be\/G3cXn2LMZ5c<\/a><\/p>\n<p style=\"text-align: center\"><span style=\"color: #808000\"><strong>#3<\/strong><\/span> Entrevista con <span style=\"color: #808000\"><strong>Jorge Marcos Pinos<\/strong><\/span> a favor novatos dentro y fuera ESPOL, 2012.07.07.<\/p>\n<p style=\"text-align: center\"><object width=\"420\" height=\"315\" classid=\"d27cdb6e-ae6d-11cf-96b8-444553540000\"><param name=\"allowFullScreen\" value=\"true\" \/><param name=\"allowscriptaccess\" value=\"always\" \/><param name=\"src\" value=\"http:\/\/www.youtube.com\/v\/b7XcZ7TfvnE?version=3&amp;hl=es_ES\" \/><param name=\"allowfullscreen\" value=\"true\" \/><embed width=\"420\" height=\"315\" type=\"application\/x-shockwave-flash\" src=\"http:\/\/www.youtube.com\/v\/b7XcZ7TfvnE?version=3&amp;hl=es_ES\" allowFullScreen=\"true\" allowscriptaccess=\"always\" allowfullscreen=\"true\" \/><\/object><\/p>\n<p style=\"text-align: center\"><a href=\"http:\/\/youtu.be\/b7XcZ7TfvnE\">http:\/\/youtu.be\/b7XcZ7TfvnE<\/a><\/p>\n<p style=\"text-align: center\">\u00a0<span style=\"color: #808000\"><strong>#4<\/strong><\/span> Entrevista con <span style=\"color: #808000\"><strong>Jorge Marcos Pinos<\/strong><\/span> a favor novatos dentro y fuera ESPOL, 2012.07.07.<\/p>\n<p style=\"text-align: center\"><object width=\"420\" height=\"315\" classid=\"d27cdb6e-ae6d-11cf-96b8-444553540000\"><param name=\"allowFullScreen\" value=\"true\" \/><param name=\"allowscriptaccess\" value=\"always\" \/><param name=\"src\" value=\"http:\/\/www.youtube.com\/v\/-3tzohPqtCI?version=3&amp;hl=es_ES\" \/><param name=\"allowfullscreen\" value=\"true\" \/><embed width=\"420\" height=\"315\" type=\"application\/x-shockwave-flash\" src=\"http:\/\/www.youtube.com\/v\/-3tzohPqtCI?version=3&amp;hl=es_ES\" allowFullScreen=\"true\" allowscriptaccess=\"always\" allowfullscreen=\"true\" \/><\/object><\/p>\n<p style=\"text-align: center\"><a href=\"http:\/\/youtu.be\/-3tzohPqtCI\">http:\/\/youtu.be\/-3tzohPqtCI<\/a><\/p>\n<p style=\"text-align: center\"><strong><span style=\"color: #808000\">#5<\/span><\/strong> Entrevista con <span style=\"color: #808000\"><strong>Jorge Marcos Pinos<\/strong><\/span> a favor novatos dentro y fuera ESPOL, 2012.07.07.<\/p>\n<p style=\"text-align: center\"><object width=\"420\" height=\"315\" classid=\"d27cdb6e-ae6d-11cf-96b8-444553540000\"><param name=\"allowFullScreen\" value=\"true\" \/><param name=\"allowscriptaccess\" value=\"always\" \/><param name=\"src\" value=\"http:\/\/www.youtube.com\/v\/yUKbLxDgaQI?version=3&amp;hl=es_ES\" \/><param name=\"allowfullscreen\" value=\"true\" \/><embed width=\"420\" height=\"315\" type=\"application\/x-shockwave-flash\" src=\"http:\/\/www.youtube.com\/v\/yUKbLxDgaQI?version=3&amp;hl=es_ES\" allowFullScreen=\"true\" allowscriptaccess=\"always\" allowfullscreen=\"true\" \/><\/object><\/p>\n<p style=\"text-align: center\"><a href=\"http:\/\/youtu.be\/yUKbLxDgaQI\">http:\/\/youtu.be\/yUKbLxDgaQI<\/a><\/p>\n<p style=\"text-align: center\"><strong><span style=\"color: #808000\">#6<\/span><\/strong> Entrevista con <span style=\"color: #808000\"><strong>Jorge Marcos Pinos<\/strong><\/span> a favor novatos dentro y fuera ESPOL, 2012.07.07.<\/p>\n<p style=\"text-align: center\"><object width=\"420\" height=\"315\" classid=\"d27cdb6e-ae6d-11cf-96b8-444553540000\"><param name=\"allowFullScreen\" value=\"true\" \/><param name=\"allowscriptaccess\" value=\"always\" \/><param name=\"src\" value=\"http:\/\/www.youtube.com\/v\/YWzQ6-VVL5Q?version=3&amp;hl=es_ES\" \/><param name=\"allowfullscreen\" value=\"true\" \/><embed width=\"420\" height=\"315\" type=\"application\/x-shockwave-flash\" src=\"http:\/\/www.youtube.com\/v\/YWzQ6-VVL5Q?version=3&amp;hl=es_ES\" allowFullScreen=\"true\" allowscriptaccess=\"always\" allowfullscreen=\"true\" \/><\/object><\/p>\n<p style=\"text-align: center\"><a href=\"http:\/\/youtu.be\/YWzQ6-VVL5Q\">http:\/\/youtu.be\/YWzQ6-VVL5Q<\/a><\/p>\n<p style=\"text-align: center\">\u00a0<span style=\"color: #808000\"><strong> #7<\/strong><\/span> Vivencias en entrevista con <span style=\"color: #808000\"><strong>Jorge Marcos Pinos<\/strong><\/span> a favor novatos ESPOL, 2012.07.07.<\/p>\n<p style=\"text-align: center\"><object width=\"420\" height=\"315\" classid=\"d27cdb6e-ae6d-11cf-96b8-444553540000\"><param name=\"allowFullScreen\" value=\"true\" \/><param name=\"allowscriptaccess\" value=\"always\" \/><param name=\"src\" value=\"http:\/\/www.youtube.com\/v\/HNDzQMXSYKA?version=3&amp;hl=es_ES\" \/><param name=\"allowfullscreen\" value=\"true\" \/><embed width=\"420\" height=\"315\" type=\"application\/x-shockwave-flash\" src=\"http:\/\/www.youtube.com\/v\/HNDzQMXSYKA?version=3&amp;hl=es_ES\" allowFullScreen=\"true\" allowscriptaccess=\"always\" allowfullscreen=\"true\" \/><\/object><\/p>\n<p style=\"text-align: center\"><a href=\"http:\/\/youtu.be\/HNDzQMXSYKA\">http:\/\/youtu.be\/HNDzQMXSYKA<\/a><\/p>\n<p style=\"text-align: center\"><span style=\"color: #808000\"><strong>Gracias Jorge por tiempo, esfuerzo y tutor\u00eda a favor novatos dentro y fuera ESPOL.<\/strong><\/span><\/p>\n<p style=\"text-align: center\"><a href=\"http:\/\/blog.espol.edu.ec\/vicenteriofrio\/files\/2012\/07\/blog4.jpg\"><img loading=\"lazy\" decoding=\"async\" class=\"aligncenter size-full wp-image-19081\" src=\"http:\/\/blog.espol.edu.ec\/vicenteriofrio\/files\/2012\/07\/blog4.jpg\" alt=\"\" width=\"424\" height=\"424\" srcset=\"https:\/\/blog.espol.edu.ec\/vicenteriofrio\/files\/2012\/07\/blog4.jpg 424w, https:\/\/blog.espol.edu.ec\/vicenteriofrio\/files\/2012\/07\/blog4-150x150.jpg 150w, https:\/\/blog.espol.edu.ec\/vicenteriofrio\/files\/2012\/07\/blog4-300x300.jpg 300w\" sizes=\"auto, (max-width: 424px) 100vw, 424px\" \/><\/a><\/p>\n<p style=\"text-align: center\">\u00bfQu\u00e9 mismo es el CSECT?<br \/>\nPor favor, acceder a:<a href=\"http:\/\/blog.espol.edu.ec\/vicenteriofrio\/2012\/01\/15\/\">http:\/\/blog.espol.edu.ec\/vicenteriofrio\/2012\/01\/15\/<\/a><\/p>\n<p style=\"text-align: center\">(Siempre +) en:<br \/>\n<a href=\"http:\/\/blog.espol.edu.ec\/vicenteriofrio\">http:\/\/blog.espol.edu.ec\/vicenteriofrio<\/a><\/p>\n<p style=\"text-align: center\">Por (x +) en:<br \/>\n<a href=\"http:\/\/www.youtube.com\/user\/vart12345\">http:\/\/www.youtube.com\/user\/vart12345<\/a><\/p>\n<form id=\"vozme_form_e1d398e37bba19925500ea78923988ba\" method=\"post\" name=\"vozme_form_e1d398e37bba19925500ea78923988ba\" target=\"e1d398e37bba19925500ea78923988ba\" action=\"http:\/\/vozme.com\/text2voice.php\"><input name=\"text\" type=\"hidden\" value=\"Entrevista con Jorge Marcos Pinos a favor novatos dentro y fuera ESPOL, 2012.07.07.. \u00a0ESPOL \u2013 ICQA \u2013 CSECT\n&nbsp;\n\u201cSi das la luz para encender la vida de tu hermano, en ti brillar\u00e1 m\u00e1s esplendorosa\u201d.\n- Albert Schweitzer\n\u201cA veces sentimos que lo que hacemos es tan solo una gota en el mar, pero el mar ser\u00eda menos si le faltara una gota.\u201d.\n- Madre Teresa de Calcuta\nDifusi\u00f3n: 2012.07.08\n\nJORGE MARCOS PINO es ARQUE\u00d3LOGO, naci\u00f3 en Guayaquil, el 25 de junio de 1.932.\nNuestro entrevistado responde a un conjunto de aristas que surgieron de la siguiente matriz y sus respuestas se enfocaron a capacitar a los novatos universitarios de todo el pa\u00eds, a lo largo de los componentes de nuestra nacionalidad e identidad, ver:\n1.- \u00bfQu\u00e9 es arqueolog\u00eda?\n2.- Podr\u00eda indicarnos \u00bfcuantas escuelas de arqueolog\u00eda hay en Ecuador?\n3.- \u00bfQu\u00e9 importancia tiene la arqueolog\u00eda en nuestro pa\u00eds con relaci\u00f3n al resto del continente?\n4.-\u00bfDesde cu\u00e1ndo estamos haciendo una arqueolog\u00eda acad\u00e9mica en el Ecuador?\n5.- \u00bfComo director fundador de la Escuela de Arqueolog\u00eda, cuales han sido los logros m\u00e1s significativos en este campo?\n6.- \u00bfCu\u00e1l ser\u00eda el marco ideal para tener un desarrollo perenne en la arqueolog\u00eda del pa\u00eds, como un aporte basado en la investigaci\u00f3n y no en supuestos?\n\n\u201cJorge estudi\u00f3 con Hans Micaelson en 1.940 y en Quito con Lloyd Wulf el 44. En 1.941 pas\u00f3 a la Escuela de los Hermanos Cristianos y realiz\u00f3 la secundaria en el Colegio Americano gradu\u00e1ndose de Bachiller en enero de 1.951.\nFue alumno de historia del Francisco Huerta Rend\u00f3n, quien comenz\u00f3 a interesarlo en cuestiones de Arqueolog\u00eda \u201cLe llev\u00e9 unos torteros o cuentas de hilar y \u00e9l me explic\u00f3 de qu\u00e9 \u00e9poca eran.\nDespu\u00e9s del bachillerato fue llevado por su padre a una escuela de Boston que le preparar\u00eda al curso de Ingenier\u00eda del Massachusset Institute of tecnology (M.I.T.) y qued\u00f3 recomendado a su amigo Federico Stagg Caama\u00f1o, investigador ecuatoriano asociado en Antropolog\u00eda F\u00edsica en el Peabody Museum de la Universidad de Harvard en Cambridge; pero a \u00faltima hora decidi\u00f3 seguir el aprendizaje de artes pl\u00e1sticas en la prestigiosa escuela \u201cArts Students League\u201d\nEn 1.955 obtuvo la Licenciatura, regres\u00f3 a Guayaquil y comenz\u00f3 a trabajar en las oficinas de \u201cPlantaciones Ecuatorianas\u201d&quot;, propietaria de varias hacienda bananeras en la zona de Balao Chico.\nEn 1.967 un grupo de aficionados compuesto por Carlos Pino Plaza, Guillermo de Rubira Orellana, Vicente Matovelle y Adolfo Santistevan Amador le invitaron a realizar excavaciones y juntos encontraron un cementerio mante\u00f1o temprano del siglo XI D.C. en el sitio \u201cLa Loma de los Cangrejitos\u201d del valle de Chanduy y all\u00ed trabajaron varios meses bajo la supervisi\u00f3n t\u00e9cnica del prof. Carlos Zevallos Men\u00e9ndez\u201d.\nEn 1.972 viaj\u00f3 a estudiar a la Universidad de Illinois en goce de una beca concedida por Lathrap que consist\u00eda en libros y 128 d\u00f3lares mensuales para gastos menores y como s\u00f3lo contaba con un peque\u00f1o capital de $700, fueron \u00e9pocas pobres y duras.\n&nbsp;\n\n\u00a0Su car\u00e1cter franco, sonrisa f\u00e1cil y agradable, su trato sencillo y al mismo tiempo digna; pero, la m\u00e1s importante faceta de su personalidad es la erudicci\u00f3n que sabe poner en los temas que trata y las consecuencias que obtiene en la explicaci\u00f3n de cada uno de ellos.\nEn 1.990 recibi\u00f3 la cooperaci\u00f3n del especialista argentino Alberto Rex Gonz\u00e1lez en la asesor\u00eda del Pensum de estudios en la Polit\u00e9cnica y colabor\u00f3 con un art\u00edculo sobre la cultura Valdivia para la obra en ruso titulada \u201cLa Problem\u00e1tica de la Arqueolog\u00eda e Historia antigua en los pueblos de Am\u00e9rica Latina\u201d trabajo de recopilaci\u00f3n de Vladimir A. Bashilov.\nEn 1.991 sali\u00f3 electo 1er vocal del directorio del N\u00facleo del Guayas de la C.C.E. y poco despu\u00e9s viaj\u00f3 a trabajar por un a\u00f1o a la Universidad de Barcelona seg\u00fan convenio con la Escuela Superior Polit\u00e9cnica del Litoral de Guayaquil.\nEl 2.002 fue condecorado con la Orden Nacional al M\u00e9rito. El 2.003 recibi\u00f3 el Premio Nacional de Cultura Eugenio Espejo para la investigaci\u00f3n. El 2.005 ingres\u00f3 a la Academia Nacional de Historia\u201d. Extractos del trabajo de Rodolfo P\u00e9rez Pimentel, espec\u00edficamente de:\n(http:\/\/www.diccionariobiograficoecuador.com\/tomos\/tomo4\/m3.htm)\n\u201cEn el Gobierno de la Revoluci\u00f3n Ciudadana de Rafael Correa Delgado, ha sido Subsecretario de Patrimonio en el Ministerio de Cultura, Gerente General de Ciudad Alfaro y en la actualidad se desempe\u00f1a como Gerente del Proyecto los Cerros Hojas-Jaboncillo en Corporaci\u00f3n Ciudad Alfaro, en Montecristi, Manab\u00ed\u201d. Tomado de:\n(http:\/\/ministeriopatrimonio.ezn.ec\/es\/el-ministerio\/consejo-consultivo-ciudadano-de-patrimonio\/1598-jorge-gabriel-marcos-pino)\n&nbsp;\nJorge en su entrevista destaca algunos de los alcances y logros en sus trabajos,\u00a0 a la fecha, en la zona de Montecristi, en el Museo de Sitio Cerros de Hojas y Jaboncillo y Real Alto en Chanduy.\nLa vivencia con Jorge Marcos Pinos a favor de los novatos se plasm\u00f3 en siete v\u00eddeos, cuyos contenidos son fuente de enriquecimiento intelectual y cultural, adem\u00e1s retoman temas que se escapan del presupuesto an\u00edmicos de los estudiantes en general, ver:\n#1 Entrevista con Jorge Marcos Pinos a favor novatos dentro y fuera ESPOL, 2012.07.07.\n\nhttp:\/\/youtu.be\/CGNLcMhIqOM\n#2 Entrevista con Jorge Marcos Pinos a favor novatos dentro y fuera ESPOL, 2012.07.07.\n\nhttp:\/\/youtu.be\/G3cXn2LMZ5c\n#3 Entrevista con Jorge Marcos Pinos a favor novatos dentro y fuera ESPOL, 2012.07.07.\n\nhttp:\/\/youtu.be\/b7XcZ7TfvnE\n\u00a0#4 Entrevista con Jorge Marcos Pinos a favor novatos dentro y fuera ESPOL, 2012.07.07.\n\nhttp:\/\/youtu.be\/-3tzohPqtCI\n#5 Entrevista con Jorge Marcos Pinos a favor novatos dentro y fuera ESPOL, 2012.07.07.\n\nhttp:\/\/youtu.be\/yUKbLxDgaQI\n#6 Entrevista con Jorge Marcos Pinos a favor novatos dentro y fuera ESPOL, 2012.07.07.\n\nhttp:\/\/youtu.be\/YWzQ6-VVL5Q\n\u00a0 #7 Vivencias en entrevista con Jorge Marcos Pinos a favor novatos ESPOL, 2012.07.07.\n\nhttp:\/\/youtu.be\/HNDzQMXSYKA\nGracias Jorge por tiempo, esfuerzo y tutor\u00eda a favor novatos dentro y fuera ESPOL.\n\n\u00bfQu\u00e9 mismo es el CSECT?\nPor favor, acceder a:http:\/\/blog.espol.edu.ec\/vicenteriofrio\/2012\/01\/15\/\n(Siempre +) en:\nhttp:\/\/blog.espol.edu.ec\/vicenteriofrio\nPor (x +) en:\nhttp:\/\/www.youtube.com\/user\/vart12345\n\" \/><input name=\"lang\" type=\"hidden\" value=\"es\" \/><input name=\"gn\" type=\"hidden\" value=\"ml\" \/><input type=\"hidden\" id=\"interface\" name=\"interface\" value=\"full\" \/>\n\t\t\t<div style=\"margin-left:40%;\">\n\t\t\t\n\t\t\t\t<input style=\"float:left;\" type=\"image\" width=\"40\" height=\"40\" src=\"http:\/\/blog.espol.edu.ec\/vicenteriofrio\/wp-content\/plugins\/vozme\/img\/megaphone40x40w.gif\" alt=\"Escucha este post\" onclick=\"window.open('', 'e1d398e37bba19925500ea78923988ba', 'width=600,height=370,scrollbars=yes,location=yes,menubar=yes,resizable=yes,status=yes,toolbar=yes');\">\n\t\t\t\t<div style=\"margin-left:48px; text-align:left;\"><a style=\"font-size:12px;\" href=\"javascript:void(0);\" onclick=\"window.open('', 'e1d398e37bba19925500ea78923988ba', 'width=600,height=370,scrollbars=yes,location=yes,menubar=yes,resizable=yes,status=yes,toolbar=yes'); document.getElementById('vozme_form_e1d398e37bba19925500ea78923988ba').submit();\">Escucha<br\/>este post<\/a><\/div>\n\t\t\t<\/div><\/form>","protected":false},"excerpt":{"rendered":"<p>\u00a0ESPOL \u2013 ICQA \u2013 CSECT &nbsp; \u201cSi das la luz para encender la vida de tu hermano, en ti brillar\u00e1 m\u00e1s esplendorosa\u201d. - Albert Schweitzer \u201cA veces sentimos que lo que hacemos es tan solo una gota en el mar, pero el mar ser\u00eda menos si le faltara una gota.\u201d. - Madre Teresa de Calcuta [&hellip;]<\/p>\n","protected":false},"author":194,"featured_media":0,"comment_status":"open","ping_status":"closed","sticky":false,"template":"","format":"standard","meta":{"_monsterinsights_skip_tracking":false,"_monsterinsights_sitenote_active":false,"_monsterinsights_sitenote_note":"","_monsterinsights_sitenote_category":0,"footnotes":""},"categories":[1196,14920,32622,5065,32524,4692,2994,2430,1007,23087,31174,17207,1238,82,1855,1496],"tags":[418420,418418,981,3983,418396,418413,25674,418424,418423,418425,70,1857,6,2280,980,418412,1032,16534,259,418414,481,418411,7571,1373,418419,9432,1057,418421,1347,418416,12104,418415,3967,418417,1194,330],"class_list":["post-19077","post","type-post","status-publish","format-standard","hentry","category-quien-es-usted-queremos-conocerlo","category-1-anecdota","category-1-bienvenida-a-los-novatos-2010-2009","category-1-camisetazos","category-1-csect-2010-2009","category-1-emprendimiento","category-1-entretenimiento","category-1-entrevistas","category-1-mis-credos","category-1-museos","category-1-rendicion-social-de-cuentas-espol","category-1-responsabilidad-social","category-colaboradores-dentro-y-fuera-espol","category-emprendimiento","category-fomento-a-la-investigacion","category-profesores-de-la-espol","tag-academia-nacional","tag-alberto-rex-gonzalez","tag-aprender-ensenando","tag-aprender-haciendo","tag-arqueologo","tag-carlos-pino-plaza","tag-carlos-zevallos-menendez","tag-cerros-hojas-jaboncillo","tag-ciudad-alfaro","tag-corporacion-ciudad-alfaro","tag-ecuador","tag-entrevista","tag-espol","tag-facebook","tag-formacion-lideres","tag-francisco-huerta-rendon","tag-frases-celebres","tag-gerente","tag-guayaquil","tag-guillermo-de-rubira-orellana","tag-historia","tag-jorge-marcos-pinos","tag-montecristi","tag-oportunidades","tag-orden-al-merito","tag-patrimonio","tag-responsables","tag-rodolfo-perez-pimentel","tag-twitter","tag-valle-de-chanduy","tag-vart12345","tag-vicente-matovelle-y-adolfo-santistevan-amador","tag-vicente-riofrio","tag-victor-emilio-estrada","tag-vinculos-con-la-comunidad","tag-youtube"],"_links":{"self":[{"href":"https:\/\/blog.espol.edu.ec\/vicenteriofrio\/wp-json\/wp\/v2\/posts\/19077","targetHints":{"allow":["GET"]}}],"collection":[{"href":"https:\/\/blog.espol.edu.ec\/vicenteriofrio\/wp-json\/wp\/v2\/posts"}],"about":[{"href":"https:\/\/blog.espol.edu.ec\/vicenteriofrio\/wp-json\/wp\/v2\/types\/post"}],"author":[{"embeddable":true,"href":"https:\/\/blog.espol.edu.ec\/vicenteriofrio\/wp-json\/wp\/v2\/users\/194"}],"replies":[{"embeddable":true,"href":"https:\/\/blog.espol.edu.ec\/vicenteriofrio\/wp-json\/wp\/v2\/comments?post=19077"}],"version-history":[{"count":22,"href":"https:\/\/blog.espol.edu.ec\/vicenteriofrio\/wp-json\/wp\/v2\/posts\/19077\/revisions"}],"predecessor-version":[{"id":19103,"href":"https:\/\/blog.espol.edu.ec\/vicenteriofrio\/wp-json\/wp\/v2\/posts\/19077\/revisions\/19103"}],"wp:attachment":[{"href":"https:\/\/blog.espol.edu.ec\/vicenteriofrio\/wp-json\/wp\/v2\/media?parent=19077"}],"wp:term":[{"taxonomy":"category","embeddable":true,"href":"https:\/\/blog.espol.edu.ec\/vicenteriofrio\/wp-json\/wp\/v2\/categories?post=19077"},{"taxonomy":"post_tag","embeddable":true,"href":"https:\/\/blog.espol.edu.ec\/vicenteriofrio\/wp-json\/wp\/v2\/tags?post=19077"}],"curies":[{"name":"wp","href":"https:\/\/api.w.org\/{rel}","templated":true}]}}