{"id":19688,"date":"2012-08-28T10:15:34","date_gmt":"2012-08-28T15:15:34","guid":{"rendered":"http:\/\/blog.espol.edu.ec\/vicenteriofrio\/?p=19688"},"modified":"2012-08-28T10:34:34","modified_gmt":"2012-08-28T15:34:34","slug":"nebot","status":"publish","type":"post","link":"https:\/\/blog.espol.edu.ec\/vicenteriofrio\/2012\/08\/28\/nebot\/","title":{"rendered":"Conversatorio Jaime Nebot Saadi, Alcalde, \u00bfGuayaquil y su Desarrollo? CSECT, ICQA, ESPOL, 2012.08.27."},"content":{"rendered":"<p align=\"center\"><strong>\u00a0<a href=\"http:\/\/www.espol.edu.ec\">ESPOL<\/a> \u2013 <a href=\"http:\/\/www.icqa.espol.edu.ec\">ICQA <\/a>\u2013 <a href=\"http:\/\/www.youtube.com\/user\/vart12345\">CSECT<\/a><\/strong><\/p>\n<p>&nbsp;<\/p>\n<p align=\"right\"><span style=\"color: #993300\"><em><strong>\u201cDonde con toda seguridad encontrar\u00e1s una mano que te ayude, ser\u00e1 en el extremo de tu propio brazo\u201d.<\/strong><\/em><\/span><\/p>\n<p align=\"right\"><span style=\"color: #808000\"><em><strong>- Napole\u00f3n Bonaparte<\/strong><\/em><\/span><\/p>\n<p align=\"right\"><em><strong><span style=\"color: #993300\">\u201cCualquier sociedad que renuncie a un poco de libertad para ganar un poco de seguridad, no merecen ninguna de las dos cosas\u201d<\/span>.<\/strong><\/em><\/p>\n<p align=\"right\"><span style=\"color: #808000\"><em><strong>- Benjamin Franklin<\/strong><\/em><\/span><\/p>\n<p align=\"right\"><span style=\"color: #993300\"><em><strong>\u201cNo hace falta un gobierno perfecto; se necesita uno que sea pr\u00e1ctico\u201d<\/strong><\/em><\/span><\/p>\n<p align=\"right\"><span style=\"color: #808000\"><em><strong>-Arist\u00f3tele<\/strong><strong>s<\/strong><\/em><\/span><\/p>\n<p>\u00a0<em><strong><\/strong><\/em><\/p>\n<p style=\"text-align: center\"><em><strong><a href=\"http:\/\/www.youtube.com\/user\/vart12345\">Difusi\u00f3n: 2012.08.28<\/a><\/strong><\/em><\/p>\n<p style=\"text-align: center\"><a href=\"http:\/\/blog.espol.edu.ec\/vicenteriofrio\/files\/2012\/08\/f11.jpg\"><img loading=\"lazy\" decoding=\"async\" class=\"aligncenter size-full wp-image-19699\" src=\"http:\/\/blog.espol.edu.ec\/vicenteriofrio\/files\/2012\/08\/f11.jpg\" alt=\"\" width=\"420\" height=\"420\" srcset=\"https:\/\/blog.espol.edu.ec\/vicenteriofrio\/files\/2012\/08\/f11.jpg 420w, https:\/\/blog.espol.edu.ec\/vicenteriofrio\/files\/2012\/08\/f11-150x150.jpg 150w, https:\/\/blog.espol.edu.ec\/vicenteriofrio\/files\/2012\/08\/f11-300x300.jpg 300w\" sizes=\"auto, (max-width: 420px) 100vw, 420px\" \/><\/a><\/p>\n<p>Las C\u00e1maras de Comercio Alemana, Brit\u00e1nica, Canadiense y Espa\u00f1ola de Guayaquil invitaron a participar en el evento Almuerzo Conversatorio con el Alcalde de la M.I. Municipalidad de Guayaquil\", Abg. Jaime Nebot Saadi, con el tema, \u00bfGuayaquil y su Desarrollo?<\/p>\n<p>&nbsp;<\/p>\n<p>Esta fue una excelente oportunidad para informarse y obtener respuestas a inquietudes, esto de\u00a0 forma directa durante un conversatorio con el\u00a0 Alcalde de la ciudad de Guayaquil, Jaime Nebot (115 minutos).<\/p>\n<p>&nbsp;<\/p>\n<p>Se abordaron diversos t\u00f3picos ligados al multifac\u00e9tico desarrollo de la hidalga ciudad de Guayaquil.<\/p>\n<p>&nbsp;<\/p>\n<p>Esta difusi\u00f3n pretende hacer llegar a toda la ciudadan\u00eda una visi\u00f3n global de los procesos de desarrollo en relaci\u00f3n a nuestra ciudad.<\/p>\n<p>&nbsp;<\/p>\n<p>Dentro de una impecable log\u00edstica el evento de m\u00e1s de 2 horas tuvo lugar en la ciudad de Guayaquil en el Hotel Hilton Colon, Sal\u00f3n Isabela, el lunes 27 de agosto de 2012.<\/p>\n<p>&nbsp;<\/p>\n<p>La vivencia se difunde en varios videos, ver:<\/p>\n<p>&nbsp;<\/p>\n<p align=\"center\"><span style=\"color: #808000\">#10<\/span> Momentos conversatorio con <strong><span style=\"color: #808000\">Jaime Nebot Saadi Alcalde<\/span><\/strong> \u00bfGuayaquil y su desarrollo? 2012.08.27<\/p>\n<p align=\"center\"><object width=\"420\" height=\"315\" classid=\"d27cdb6e-ae6d-11cf-96b8-444553540000\"><param name=\"allowFullScreen\" value=\"true\" \/><param name=\"allowscriptaccess\" value=\"always\" \/><param name=\"src\" value=\"http:\/\/www.youtube.com\/v\/uEqZvPxjcrM?version=3&amp;hl=es_ES\" \/><param name=\"allowfullscreen\" value=\"true\" \/><embed width=\"420\" height=\"315\" type=\"application\/x-shockwave-flash\" src=\"http:\/\/www.youtube.com\/v\/uEqZvPxjcrM?version=3&amp;hl=es_ES\" allowFullScreen=\"true\" allowscriptaccess=\"always\" allowfullscreen=\"true\" \/><\/object><\/p>\n<p align=\"center\"><a href=\"http:\/\/youtu.be\/uEqZvPxjcrM\">http:\/\/youtu.be\/uEqZvPxjcrM<\/a><\/p>\n<p align=\"center\"><span style=\"color: #808000\">#1<\/span> Conversatorio <strong><span style=\"color: #808000\">Jaime Nebot Saadi Alcalde<\/span><\/strong> \u00bfGuayaquil y su Desarrollo? CSECT, ESPOL, 2012.08.27<\/p>\n<p align=\"center\"><object width=\"420\" height=\"315\" classid=\"d27cdb6e-ae6d-11cf-96b8-444553540000\"><param name=\"allowFullScreen\" value=\"true\" \/><param name=\"allowscriptaccess\" value=\"always\" \/><param name=\"src\" value=\"http:\/\/www.youtube.com\/v\/iIB6ActhP_U?version=3&amp;hl=es_ES\" \/><param name=\"allowfullscreen\" value=\"true\" \/><embed width=\"420\" height=\"315\" type=\"application\/x-shockwave-flash\" src=\"http:\/\/www.youtube.com\/v\/iIB6ActhP_U?version=3&amp;hl=es_ES\" allowFullScreen=\"true\" allowscriptaccess=\"always\" allowfullscreen=\"true\" \/><\/object><\/p>\n<p align=\"center\"><a href=\"http:\/\/youtu.be\/iIB6ActhP_U\">http:\/\/youtu.be\/iIB6ActhP_U<\/a><\/p>\n<p align=\"center\"><span style=\"color: #808000\">#2<\/span> Conversatorio <strong><span style=\"color: #808000\">Jaime Nebot Saadi Alcalde<\/span><\/strong> \u00bfGuayaquil y su Desarrollo? CSECT, ESPOL, 2012.08.27<\/p>\n<p align=\"center\"><object width=\"420\" height=\"315\" classid=\"d27cdb6e-ae6d-11cf-96b8-444553540000\"><param name=\"allowFullScreen\" value=\"true\" \/><param name=\"allowscriptaccess\" value=\"always\" \/><param name=\"src\" value=\"http:\/\/www.youtube.com\/v\/3nCP4wmIOdc?version=3&amp;hl=es_ES\" \/><param name=\"allowfullscreen\" value=\"true\" \/><embed width=\"420\" height=\"315\" type=\"application\/x-shockwave-flash\" src=\"http:\/\/www.youtube.com\/v\/3nCP4wmIOdc?version=3&amp;hl=es_ES\" allowFullScreen=\"true\" allowscriptaccess=\"always\" allowfullscreen=\"true\" \/><\/object><\/p>\n<p align=\"center\"><a href=\"http:\/\/youtu.be\/3nCP4wmIOdc\">http:\/\/youtu.be\/3nCP4wmIOdc<\/a><\/p>\n<p align=\"center\"><span style=\"color: #808000\">#3<\/span> Conversatorio<span style=\"color: #808000\"><strong> Jaime Nebot Saadi Alcalde<\/strong><\/span> \u00bfGuayaquil y su Desarrollo? CSECT, ESPOL, 2012.08.27<\/p>\n<p align=\"center\"><object width=\"420\" height=\"315\" classid=\"d27cdb6e-ae6d-11cf-96b8-444553540000\"><param name=\"allowFullScreen\" value=\"true\" \/><param name=\"allowscriptaccess\" value=\"always\" \/><param name=\"src\" value=\"http:\/\/www.youtube.com\/v\/Q7DHcyDbpjA?version=3&amp;hl=es_ES\" \/><param name=\"allowfullscreen\" value=\"true\" \/><embed width=\"420\" height=\"315\" type=\"application\/x-shockwave-flash\" src=\"http:\/\/www.youtube.com\/v\/Q7DHcyDbpjA?version=3&amp;hl=es_ES\" allowFullScreen=\"true\" allowscriptaccess=\"always\" allowfullscreen=\"true\" \/><\/object><\/p>\n<p align=\"center\"><a href=\"http:\/\/youtu.be\/Q7DHcyDbpjA\">http:\/\/youtu.be\/Q7DHcyDbpjA<\/a><\/p>\n<p align=\"center\"><span style=\"color: #808000\">#4<\/span> Extracto Conversatorio <strong><span style=\"color: #808000\">Jaime Nebot Saadi Alcalde<\/span><\/strong> \u00bfGuayaquil y su Desarrollo?, 2012.08.27<\/p>\n<p align=\"center\"><object width=\"420\" height=\"315\" classid=\"d27cdb6e-ae6d-11cf-96b8-444553540000\"><param name=\"allowFullScreen\" value=\"true\" \/><param name=\"allowscriptaccess\" value=\"always\" \/><param name=\"src\" value=\"http:\/\/www.youtube.com\/v\/xNkr9pKBFzw?version=3&amp;hl=es_ES\" \/><param name=\"allowfullscreen\" value=\"true\" \/><embed width=\"420\" height=\"315\" type=\"application\/x-shockwave-flash\" src=\"http:\/\/www.youtube.com\/v\/xNkr9pKBFzw?version=3&amp;hl=es_ES\" allowFullScreen=\"true\" allowscriptaccess=\"always\" allowfullscreen=\"true\" \/><\/object><\/p>\n<p align=\"center\"><a href=\"http:\/\/youtu.be\/xNkr9pKBFzw\">http:\/\/youtu.be\/xNkr9pKBFzw<\/a><\/p>\n<p align=\"center\"><span style=\"color: #808000\">#5<\/span> Extracto Conversatorio <strong><span style=\"color: #808000\">Jaime Nebot Saadi Alcalde<\/span><\/strong> \u00bfGuayaquil y su Desarrollo?, 2012.08.27<\/p>\n<p align=\"center\"><object width=\"420\" height=\"315\" classid=\"d27cdb6e-ae6d-11cf-96b8-444553540000\"><param name=\"allowFullScreen\" value=\"true\" \/><param name=\"allowscriptaccess\" value=\"always\" \/><param name=\"src\" value=\"http:\/\/www.youtube.com\/v\/nT5pCivgarY?version=3&amp;hl=es_ES\" \/><param name=\"allowfullscreen\" value=\"true\" \/><embed width=\"420\" height=\"315\" type=\"application\/x-shockwave-flash\" src=\"http:\/\/www.youtube.com\/v\/nT5pCivgarY?version=3&amp;hl=es_ES\" allowFullScreen=\"true\" allowscriptaccess=\"always\" allowfullscreen=\"true\" \/><\/object><\/p>\n<p align=\"center\"><a href=\"http:\/\/youtu.be\/nT5pCivgarY\">http:\/\/youtu.be\/nT5pCivgarY<\/a><\/p>\n<p align=\"center\"><span style=\"color: #808000\">#6<\/span> Extracto Conversatorio <strong><span style=\"color: #808000\">Jaime Nebot Saadi Alcalde<\/span><\/strong> \u00bfGuayaquil y su Desarrollo?, 2012.08.27<\/p>\n<p align=\"center\"><object width=\"420\" height=\"315\" classid=\"d27cdb6e-ae6d-11cf-96b8-444553540000\"><param name=\"allowFullScreen\" value=\"true\" \/><param name=\"allowscriptaccess\" value=\"always\" \/><param name=\"src\" value=\"http:\/\/www.youtube.com\/v\/lcApDVyjpvI?version=3&amp;hl=es_ES\" \/><param name=\"allowfullscreen\" value=\"true\" \/><embed width=\"420\" height=\"315\" type=\"application\/x-shockwave-flash\" src=\"http:\/\/www.youtube.com\/v\/lcApDVyjpvI?version=3&amp;hl=es_ES\" allowFullScreen=\"true\" allowscriptaccess=\"always\" allowfullscreen=\"true\" \/><\/object><\/p>\n<p align=\"center\"><a href=\"http:\/\/youtu.be\/lcApDVyjpvI\">http:\/\/youtu.be\/lcApDVyjpvI<\/a><\/p>\n<p align=\"center\"><span style=\"color: #808000\">#7<\/span> Extracto Conversatorio <strong><span style=\"color: #808000\">Jaime Nebot Saadi Alcalde<\/span><\/strong> \u00bfGuayaquil y su Desarrollo?, 2012.08.27<\/p>\n<p align=\"center\"><object width=\"420\" height=\"315\" classid=\"d27cdb6e-ae6d-11cf-96b8-444553540000\"><param name=\"allowFullScreen\" value=\"true\" \/><param name=\"allowscriptaccess\" value=\"always\" \/><param name=\"src\" value=\"http:\/\/www.youtube.com\/v\/CbNWzRyxvd8?version=3&amp;hl=es_ES\" \/><param name=\"allowfullscreen\" value=\"true\" \/><embed width=\"420\" height=\"315\" type=\"application\/x-shockwave-flash\" src=\"http:\/\/www.youtube.com\/v\/CbNWzRyxvd8?version=3&amp;hl=es_ES\" allowFullScreen=\"true\" allowscriptaccess=\"always\" allowfullscreen=\"true\" \/><\/object><\/p>\n<p align=\"center\"><a href=\"http:\/\/youtu.be\/CbNWzRyxvd8\">http:\/\/youtu.be\/CbNWzRyxvd8<\/a><\/p>\n<p align=\"center\"><span style=\"color: #808000\">#8<\/span> Conversatorio<strong><span style=\"color: #808000\"> Jaime Nebot,<\/span><\/strong> Alcalde (Momentos previos) \u00bfGuayaquil y su Desarrollo? 2012.08.27<\/p>\n<p align=\"center\"><object width=\"420\" height=\"315\" classid=\"d27cdb6e-ae6d-11cf-96b8-444553540000\"><param name=\"allowFullScreen\" value=\"true\" \/><param name=\"allowscriptaccess\" value=\"always\" \/><param name=\"src\" value=\"http:\/\/www.youtube.com\/v\/OcIvRxfOdtQ?version=3&amp;hl=es_ES\" \/><param name=\"allowfullscreen\" value=\"true\" \/><embed width=\"420\" height=\"315\" type=\"application\/x-shockwave-flash\" src=\"http:\/\/www.youtube.com\/v\/OcIvRxfOdtQ?version=3&amp;hl=es_ES\" allowFullScreen=\"true\" allowscriptaccess=\"always\" allowfullscreen=\"true\" \/><\/object><\/p>\n<p align=\"center\"><a href=\"http:\/\/youtu.be\/OcIvRxfOdtQ\">http:\/\/youtu.be\/OcIvRxfOdtQ<\/a><\/p>\n<p style=\"text-align: center\"><strong><span style=\"color: #808000\">\u00a0Gracias Alcalde por conversar<br \/>\n<\/span><\/strong><\/p>\n<p style=\"text-align: center\"><a href=\"http:\/\/blog.espol.edu.ec\/vicenteriofrio\/files\/2012\/08\/f22.jpg\"><img loading=\"lazy\" decoding=\"async\" class=\"aligncenter size-full wp-image-19707\" src=\"http:\/\/blog.espol.edu.ec\/vicenteriofrio\/files\/2012\/08\/f22.jpg\" alt=\"\" width=\"420\" height=\"420\" srcset=\"https:\/\/blog.espol.edu.ec\/vicenteriofrio\/files\/2012\/08\/f22.jpg 420w, https:\/\/blog.espol.edu.ec\/vicenteriofrio\/files\/2012\/08\/f22-150x150.jpg 150w, https:\/\/blog.espol.edu.ec\/vicenteriofrio\/files\/2012\/08\/f22-300x300.jpg 300w\" sizes=\"auto, (max-width: 420px) 100vw, 420px\" \/><\/a><\/p>\n<p style=\"text-align: center\"><span style=\"color: #993300\"><strong>\u00bfQu\u00e9 mismo es el CSECT?<\/strong><\/span><\/p>\n<p align=\"center\"><span style=\"color: #993300\">Por favor, <strong>acceder<\/strong> a:<\/span><\/p>\n<p align=\"center\"><a href=\"http:\/\/blog.espol.edu.ec\/vicenteriofrio\/2012\/01\/15\/\">http:\/\/blog.espol.edu.ec\/vicenteriofrio\/2012\/01\/15\/<\/a><\/p>\n<p align=\"center\"><span style=\"color: #993300\">(Siempre +) <strong>en<\/strong>:<\/span><\/p>\n<p align=\"center\"><a href=\"http:\/\/blog.espol.edu.ec\/vicenteriofrio\">http:\/\/blog.espol.edu.ec\/vicenteriofrio<\/a><\/p>\n<p align=\"center\"><span style=\"color: #993300\">Por <strong>m\u00e1s<\/strong> (x +) :<\/span><\/p>\n<p align=\"center\"><a href=\"http:\/\/www.youtube.com\/user\/vart12345\">http:\/\/www.youtube.com\/user\/vart12345<\/a><\/p>\n<p align=\"center\"><span style=\"color: #993300\"><strong>Jugar con Pirotecnia es peligroso, ver:<\/strong><\/span><\/p>\n<p align=\"center\"><object width=\"420\" height=\"315\" classid=\"d27cdb6e-ae6d-11cf-96b8-444553540000\"><param name=\"allowFullScreen\" value=\"true\" \/><param name=\"allowscriptaccess\" value=\"always\" \/><param name=\"src\" value=\"http:\/\/www.youtube.com\/v\/tiPvoVIOK24?version=3&amp;hl=es_ES\" \/><param name=\"allowfullscreen\" value=\"true\" \/><embed width=\"420\" height=\"315\" type=\"application\/x-shockwave-flash\" src=\"http:\/\/www.youtube.com\/v\/tiPvoVIOK24?version=3&amp;hl=es_ES\" allowFullScreen=\"true\" allowscriptaccess=\"always\" allowfullscreen=\"true\" \/><\/object><\/p>\n<p align=\"center\"><a href=\"http:\/\/youtu.be\/tiPvoVIOK24\">http:\/\/youtu.be\/tiPvoVIOK24<\/a><\/p>\n<p align=\"center\"><span style=\"color: #993300\"><strong>\u00bfNos escribe?<\/strong><\/span><\/p>\n<form id=\"vozme_form_c8e4676ffcccae4911fd95e6b71ba47b\" method=\"post\" name=\"vozme_form_c8e4676ffcccae4911fd95e6b71ba47b\" target=\"c8e4676ffcccae4911fd95e6b71ba47b\" action=\"http:\/\/vozme.com\/text2voice.php\"><input name=\"text\" type=\"hidden\" value=\"Conversatorio Jaime Nebot Saadi, Alcalde, \u00bfGuayaquil y su Desarrollo? CSECT, ICQA, ESPOL, 2012.08.27.. \u00a0ESPOL \u2013 ICQA \u2013 CSECT\n&nbsp;\n\u201cDonde con toda seguridad encontrar\u00e1s una mano que te ayude, ser\u00e1 en el extremo de tu propio brazo\u201d.\n- Napole\u00f3n Bonaparte\n\u201cCualquier sociedad que renuncie a un poco de libertad para ganar un poco de seguridad, no merecen ninguna de las dos cosas\u201d.\n- Benjamin Franklin\n\u201cNo hace falta un gobierno perfecto; se necesita uno que sea pr\u00e1ctico\u201d\n-Arist\u00f3teles\n\u00a0\nDifusi\u00f3n: 2012.08.28\n\nLas C\u00e1maras de Comercio Alemana, Brit\u00e1nica, Canadiense y Espa\u00f1ola de Guayaquil invitaron a participar en el evento Almuerzo Conversatorio con el Alcalde de la M.I. Municipalidad de Guayaquil&quot;, Abg. Jaime Nebot Saadi, con el tema, \u00bfGuayaquil y su Desarrollo?\n&nbsp;\nEsta fue una excelente oportunidad para informarse y obtener respuestas a inquietudes, esto de\u00a0 forma directa durante un conversatorio con el\u00a0 Alcalde de la ciudad de Guayaquil, Jaime Nebot (115 minutos).\n&nbsp;\nSe abordaron diversos t\u00f3picos ligados al multifac\u00e9tico desarrollo de la hidalga ciudad de Guayaquil.\n&nbsp;\nEsta difusi\u00f3n pretende hacer llegar a toda la ciudadan\u00eda una visi\u00f3n global de los procesos de desarrollo en relaci\u00f3n a nuestra ciudad.\n&nbsp;\nDentro de una impecable log\u00edstica el evento de m\u00e1s de 2 horas tuvo lugar en la ciudad de Guayaquil en el Hotel Hilton Colon, Sal\u00f3n Isabela, el lunes 27 de agosto de 2012.\n&nbsp;\nLa vivencia se difunde en varios videos, ver:\n&nbsp;\n#10 Momentos conversatorio con Jaime Nebot Saadi Alcalde \u00bfGuayaquil y su desarrollo? 2012.08.27\n\nhttp:\/\/youtu.be\/uEqZvPxjcrM\n#1 Conversatorio Jaime Nebot Saadi Alcalde \u00bfGuayaquil y su Desarrollo? CSECT, ESPOL, 2012.08.27\n\nhttp:\/\/youtu.be\/iIB6ActhP_U\n#2 Conversatorio Jaime Nebot Saadi Alcalde \u00bfGuayaquil y su Desarrollo? CSECT, ESPOL, 2012.08.27\n\nhttp:\/\/youtu.be\/3nCP4wmIOdc\n#3 Conversatorio Jaime Nebot Saadi Alcalde \u00bfGuayaquil y su Desarrollo? CSECT, ESPOL, 2012.08.27\n\nhttp:\/\/youtu.be\/Q7DHcyDbpjA\n#4 Extracto Conversatorio Jaime Nebot Saadi Alcalde \u00bfGuayaquil y su Desarrollo?, 2012.08.27\n\nhttp:\/\/youtu.be\/xNkr9pKBFzw\n#5 Extracto Conversatorio Jaime Nebot Saadi Alcalde \u00bfGuayaquil y su Desarrollo?, 2012.08.27\n\nhttp:\/\/youtu.be\/nT5pCivgarY\n#6 Extracto Conversatorio Jaime Nebot Saadi Alcalde \u00bfGuayaquil y su Desarrollo?, 2012.08.27\n\nhttp:\/\/youtu.be\/lcApDVyjpvI\n#7 Extracto Conversatorio Jaime Nebot Saadi Alcalde \u00bfGuayaquil y su Desarrollo?, 2012.08.27\n\nhttp:\/\/youtu.be\/CbNWzRyxvd8\n#8 Conversatorio Jaime Nebot, Alcalde (Momentos previos) \u00bfGuayaquil y su Desarrollo? 2012.08.27\n\nhttp:\/\/youtu.be\/OcIvRxfOdtQ\n\u00a0Gracias Alcalde por conversar\n\n\n\u00bfQu\u00e9 mismo es el CSECT?\nPor favor, acceder a:\nhttp:\/\/blog.espol.edu.ec\/vicenteriofrio\/2012\/01\/15\/\n(Siempre +) en:\nhttp:\/\/blog.espol.edu.ec\/vicenteriofrio\nPor m\u00e1s (x +) :\nhttp:\/\/www.youtube.com\/user\/vart12345\nJugar con Pirotecnia es peligroso, ver:\n\nhttp:\/\/youtu.be\/tiPvoVIOK24\n\u00bfNos escribe?\n\" \/><input name=\"lang\" type=\"hidden\" value=\"es\" \/><input name=\"gn\" type=\"hidden\" value=\"ml\" \/><input type=\"hidden\" id=\"interface\" name=\"interface\" value=\"full\" \/>\n\t\t\t<div style=\"margin-left:40%;\">\n\t\t\t\n\t\t\t\t<input style=\"float:left;\" type=\"image\" width=\"40\" height=\"40\" src=\"http:\/\/blog.espol.edu.ec\/vicenteriofrio\/wp-content\/plugins\/vozme\/img\/megaphone40x40w.gif\" alt=\"Escucha este post\" onclick=\"window.open('', 'c8e4676ffcccae4911fd95e6b71ba47b', 'width=600,height=370,scrollbars=yes,location=yes,menubar=yes,resizable=yes,status=yes,toolbar=yes');\">\n\t\t\t\t<div style=\"margin-left:48px; text-align:left;\"><a style=\"font-size:12px;\" href=\"javascript:void(0);\" onclick=\"window.open('', 'c8e4676ffcccae4911fd95e6b71ba47b', 'width=600,height=370,scrollbars=yes,location=yes,menubar=yes,resizable=yes,status=yes,toolbar=yes'); document.getElementById('vozme_form_c8e4676ffcccae4911fd95e6b71ba47b').submit();\">Escucha<br\/>este post<\/a><\/div>\n\t\t\t<\/div><\/form>","protected":false},"excerpt":{"rendered":"<p>\u00a0ESPOL \u2013 ICQA \u2013 CSECT &nbsp; \u201cDonde con toda seguridad encontrar\u00e1s una mano que te ayude, ser\u00e1 en el extremo de tu propio brazo\u201d. - Napole\u00f3n Bonaparte \u201cCualquier sociedad que renuncie a un poco de libertad para ganar un poco de seguridad, no merecen ninguna de las dos cosas\u201d. - Benjamin Franklin \u201cNo hace falta [&hellip;]<\/p>\n","protected":false},"author":194,"featured_media":0,"comment_status":"open","ping_status":"closed","sticky":false,"template":"","format":"standard","meta":{"_monsterinsights_skip_tracking":false,"_monsterinsights_sitenote_active":false,"_monsterinsights_sitenote_note":"","_monsterinsights_sitenote_category":0,"footnotes":""},"categories":[14683,32524,2430,3238,31174,17207,7156,1238,922,585,917,1],"tags":[423763,144188,5752,97468,423764,13270,158690,423770,423772,981,3983,7732,1374,423766,423767,423768,423769,423765,977,940,1180,945,70,852,1059,1058,6,16637,4305,1486,980,259,15957,976,2219,1760,2112,423761,418575,9331,423760,27352,11362,1373,1057,12104,3967,9115,1194],"class_list":["post-19688","post","type-post","status-publish","format-standard","hentry","category-1-columna-de-opinion","category-1-csect-2010-2009","category-1-entrevistas","category-1-miscelaneas","category-1-rendicion-social-de-cuentas-espol","category-1-responsabilidad-social","category-1-seguridad","category-colaboradores-dentro-y-fuera-espol","category-conferencias-magistrales-espol-ecuador","category-encuentro-2008","category-mesas-de-dialogo-2008-ii-termino","category-uncategorized","tag-guayaquil-y-su-desarrollo","tag-riofriodocespol","tag-vriofrio","tag-vriofrioespol","tag-2012-08-27","tag-alcalde","tag-alejandra-lopez","tag-almuerzo-conversatorio","tag-andrea-cruzzatti","tag-aprender-ensenando","tag-aprender-haciendo","tag-aristoteles","tag-benjamin-franklin","tag-camara-alemana","tag-camara-britanica","tag-camara-canadiense","tag-camara-espanola","tag-camaras-de-comercio","tag-consultas","tag-conversatorio","tag-csect","tag-desarrollo","tag-ecuador","tag-educacion","tag-emprendimiento-para-aprender","tag-ensenando-a-aprender","tag-espol","tag-estudiantes-novatos","tag-extracto","tag-formacion","tag-formacion-lideres","tag-guayaquil","tag-hotel-sheraton","tag-icqa","tag-innovacion","tag-interactuar","tag-interesante","tag-jaime-nebot-saadi","tag-joy-of-entrepreneurship","tag-learn-by-doing","tag-magisto","tag-mayor","tag-napoleon-bonaparte","tag-oportunidades","tag-responsables","tag-vart12345","tag-vicente-riofrio","tag-videos-educativos","tag-vinculos-con-la-comunidad"],"_links":{"self":[{"href":"https:\/\/blog.espol.edu.ec\/vicenteriofrio\/wp-json\/wp\/v2\/posts\/19688","targetHints":{"allow":["GET"]}}],"collection":[{"href":"https:\/\/blog.espol.edu.ec\/vicenteriofrio\/wp-json\/wp\/v2\/posts"}],"about":[{"href":"https:\/\/blog.espol.edu.ec\/vicenteriofrio\/wp-json\/wp\/v2\/types\/post"}],"author":[{"embeddable":true,"href":"https:\/\/blog.espol.edu.ec\/vicenteriofrio\/wp-json\/wp\/v2\/users\/194"}],"replies":[{"embeddable":true,"href":"https:\/\/blog.espol.edu.ec\/vicenteriofrio\/wp-json\/wp\/v2\/comments?post=19688"}],"version-history":[{"count":27,"href":"https:\/\/blog.espol.edu.ec\/vicenteriofrio\/wp-json\/wp\/v2\/posts\/19688\/revisions"}],"predecessor-version":[{"id":19718,"href":"https:\/\/blog.espol.edu.ec\/vicenteriofrio\/wp-json\/wp\/v2\/posts\/19688\/revisions\/19718"}],"wp:attachment":[{"href":"https:\/\/blog.espol.edu.ec\/vicenteriofrio\/wp-json\/wp\/v2\/media?parent=19688"}],"wp:term":[{"taxonomy":"category","embeddable":true,"href":"https:\/\/blog.espol.edu.ec\/vicenteriofrio\/wp-json\/wp\/v2\/categories?post=19688"},{"taxonomy":"post_tag","embeddable":true,"href":"https:\/\/blog.espol.edu.ec\/vicenteriofrio\/wp-json\/wp\/v2\/tags?post=19688"}],"curies":[{"name":"wp","href":"https:\/\/api.w.org\/{rel}","templated":true}]}}