{"id":21744,"date":"2013-05-11T14:21:35","date_gmt":"2013-05-11T19:21:35","guid":{"rendered":"http:\/\/blog.espol.edu.ec\/vicenteriofrio\/?p=21744"},"modified":"2013-05-11T14:21:35","modified_gmt":"2013-05-11T19:21:35","slug":"apespol-feliz-dia-de-la-madre-es-un-arte-ser-mama-celebracion-2013-05-10","status":"publish","type":"post","link":"https:\/\/blog.espol.edu.ec\/vicenteriofrio\/2013\/05\/11\/apespol-feliz-dia-de-la-madre-es-un-arte-ser-mama-celebracion-2013-05-10\/","title":{"rendered":"APESPOL: Feliz D\u00eda de La Madre: Es un arte ser Mam\u00e1 - Celebraci\u00f3n - 2013.05.10."},"content":{"rendered":"<p style=\"text-align: center\"><a href=\"http:\/\/www.youtube.com\/user\/vart12345\"><strong>ESPOL<\/strong><\/a><\/p>\n<p style=\"text-align: right\"><strong><span style=\"color: #808000\">\u201cNo malgaste\u00a0 su tiempo, pues de ese material est\u00e1 formada la vida\u201d.<\/span> <\/strong><\/p>\n<p style=\"text-align: right\"><span style=\"color: #993366\">- Benjam\u00edn Franklin<\/span><\/p>\n<p style=\"text-align: right\"><span style=\"color: #808000\"><strong>\u201cLa m\u00e1s bella palabra en labios de un hombre es la palabra madre, y la llamada m\u00e1s dulce: madre m\u00eda\u201d.<\/strong> <\/span><\/p>\n<p style=\"text-align: right\"><span style=\"color: #993366\">- Khalil Gibran<\/span><\/p>\n<p>&nbsp;<\/p>\n<p style=\"text-align: center\"><a href=\"http:\/\/www.youtube.com\/user\/vart12345\"><strong>Difusi\u00f3n 2013.05.11<\/strong><\/a><\/p>\n<h2 style=\"text-align: center\"><strong><span style=\"color: #ff6600\">Like<\/span> \u2714 <span style=\"color: #339966\">Comment<\/span> \u2714 <span style=\"color: #3366ff\">Share<\/span> \u2714 <span style=\"color: #ff00ff\">Subscribe<\/span> \u2714<\/strong><\/h2>\n<div id=\"attachment_21751\" style=\"width: 410px\" class=\"wp-caption aligncenter\"><a href=\"http:\/\/blog.espol.edu.ec\/vicenteriofrio\/files\/2013\/05\/page11.jpg\"><img loading=\"lazy\" decoding=\"async\" aria-describedby=\"caption-attachment-21751\" class=\"size-full wp-image-21751\" src=\"http:\/\/blog.espol.edu.ec\/vicenteriofrio\/files\/2013\/05\/page11.jpg\" alt=\"\" width=\"400\" height=\"400\" srcset=\"https:\/\/blog.espol.edu.ec\/vicenteriofrio\/files\/2013\/05\/page11.jpg 400w, https:\/\/blog.espol.edu.ec\/vicenteriofrio\/files\/2013\/05\/page11-150x150.jpg 150w, https:\/\/blog.espol.edu.ec\/vicenteriofrio\/files\/2013\/05\/page11-300x300.jpg 300w\" sizes=\"auto, (max-width: 400px) 100vw, 400px\" \/><\/a><p id=\"caption-attachment-21751\" class=\"wp-caption-text\">apespol vicente riofr\u00edo<\/p><\/div>\n<p>\u201cTus brazos siempre se abr\u00edan cuando quer\u00eda un abrazo. Tu coraz\u00f3n comprend\u00eda cuando necesitaba una amiga. Tus ojos tiernos se endurec\u00edan cuando me hac\u00eda falta una lecci\u00f3n. Tu fuerza y tu amor me guiaron y me dieron alas para volar\u201d.<\/p>\n<p>&nbsp;<\/p>\n<p>La APESPOL celebr\u00f3 el D\u00eda de la Madre, en el sal\u00f3n Principal del Guayaquil Tennis Club el d\u00eda 10 de Mayo de 2013, desde las 17H 30 hasta las 10H 00.<\/p>\n<p style=\"text-align: center\">\u00a0<a href=\"http:\/\/blog.espol.edu.ec\/vicenteriofrio\/files\/2013\/05\/page2.jpg\"><img loading=\"lazy\" decoding=\"async\" class=\"aligncenter size-full wp-image-21752\" src=\"http:\/\/blog.espol.edu.ec\/vicenteriofrio\/files\/2013\/05\/page2.jpg\" alt=\"\" width=\"400\" height=\"400\" srcset=\"https:\/\/blog.espol.edu.ec\/vicenteriofrio\/files\/2013\/05\/page2.jpg 400w, https:\/\/blog.espol.edu.ec\/vicenteriofrio\/files\/2013\/05\/page2-150x150.jpg 150w, https:\/\/blog.espol.edu.ec\/vicenteriofrio\/files\/2013\/05\/page2-300x300.jpg 300w\" sizes=\"auto, (max-width: 400px) 100vw, 400px\" \/><\/a><\/p>\n<p>Toda la vivencia se resume en forma completa en los v\u00eddeos contenidos en\u00a0 la siguiente lista de YOUTUBE:<\/p>\n<p style=\"text-align: center\"><strong><span style=\"color: #ff00ff\">APESPOL: Feliz D\u00eda de La Madre: Es un arte ser Mam\u00e1 - Celebraci\u00f3n- 2013.05.10.<\/span> <\/strong><\/p>\n<p style=\"text-align: center\">\u00a0<iframe loading=\"lazy\" src=\"http:\/\/www.youtube.com\/embed\/CKKagpZENhY?list=PLOKExMK5Px4k68_90Ce0imR-ANvhxpGDZ\" frameborder=\"0\" width=\"420\" height=\"315\"><\/iframe><\/p>\n<p style=\"text-align: center\"><a href=\"http:\/\/www.youtube.com\/watch?v=CKKagpZENhY&amp;feature=share&amp;list=PLOKExMK5Px4k68_90Ce0imR-ANvhxpGDZ\">http:\/\/www.youtube.com\/watch?v=CKKagpZENhY&amp;feature=share&amp;list=PLOKExMK5Px4k68_90Ce0imR-ANvhxpGDZ<\/a><\/p>\n<p>Los registros gr\u00e1ficos en:<\/p>\n<p style=\"text-align: center\">\u00a0 <a href=\"https:\/\/www.facebook.com\/media\/set\/?set=a.10151891805682004.1073741887.502772003&amp;type=3\">https:\/\/www.facebook.com\/media\/set\/?set=a.10151891805682004.1073741887.502772003&amp;type=3<\/a><\/p>\n<p style=\"text-align: center\">\u00a0<a href=\"http:\/\/blog.espol.edu.ec\/vicenteriofrio\/files\/2013\/05\/page31.jpg\"><img loading=\"lazy\" decoding=\"async\" class=\"aligncenter size-full wp-image-21753\" src=\"http:\/\/blog.espol.edu.ec\/vicenteriofrio\/files\/2013\/05\/page31.jpg\" alt=\"\" width=\"400\" height=\"400\" srcset=\"https:\/\/blog.espol.edu.ec\/vicenteriofrio\/files\/2013\/05\/page31.jpg 400w, https:\/\/blog.espol.edu.ec\/vicenteriofrio\/files\/2013\/05\/page31-150x150.jpg 150w, https:\/\/blog.espol.edu.ec\/vicenteriofrio\/files\/2013\/05\/page31-300x300.jpg 300w\" sizes=\"auto, (max-width: 400px) 100vw, 400px\" \/><\/a><\/p>\n<h2 style=\"text-align: center\">\u00a0<span style=\"color: #993366\">Like<\/span> \u2714 <span style=\"color: #666699\">Comment<\/span> \u2714 <span style=\"color: #ff00ff\">Share<\/span> \u2714 <span style=\"color: #339966\">Subscribe<\/span> \u2714<\/h2>\n<p>&nbsp;<\/p>\n<p>&nbsp;<\/p>\n<form id=\"vozme_form_bde514db4e5c3424fd1e60dbabd49110\" method=\"post\" name=\"vozme_form_bde514db4e5c3424fd1e60dbabd49110\" target=\"bde514db4e5c3424fd1e60dbabd49110\" action=\"http:\/\/vozme.com\/text2voice.php\"><input name=\"text\" type=\"hidden\" value=\"APESPOL: Feliz D\u00eda de La Madre: Es un arte ser Mam\u00e1 - Celebraci\u00f3n - 2013.05.10.. ESPOL\n\u201cNo malgaste\u00a0 su tiempo, pues de ese material est\u00e1 formada la vida\u201d. \n- Benjam\u00edn Franklin\n\u201cLa m\u00e1s bella palabra en labios de un hombre es la palabra madre, y la llamada m\u00e1s dulce: madre m\u00eda\u201d. \n- Khalil Gibran\n&nbsp;\nDifusi\u00f3n 2013.05.11\nLike \u2714 Comment \u2714 Share \u2714 Subscribe \u2714\n[caption id=&quot;attachment_21751&quot; align=&quot;aligncenter&quot; width=&quot;400&quot;] apespol vicente riofr\u00edo[\/caption]\n\u201cTus brazos siempre se abr\u00edan cuando quer\u00eda un abrazo. Tu coraz\u00f3n comprend\u00eda cuando necesitaba una amiga. Tus ojos tiernos se endurec\u00edan cuando me hac\u00eda falta una lecci\u00f3n. Tu fuerza y tu amor me guiaron y me dieron alas para volar\u201d.\n&nbsp;\nLa APESPOL celebr\u00f3 el D\u00eda de la Madre, en el sal\u00f3n Principal del Guayaquil Tennis Club el d\u00eda 10 de Mayo de 2013, desde las 17H 30 hasta las 10H 00.\n\u00a0\nToda la vivencia se resume en forma completa en los v\u00eddeos contenidos en\u00a0 la siguiente lista de YOUTUBE:\nAPESPOL: Feliz D\u00eda de La Madre: Es un arte ser Mam\u00e1 - Celebraci\u00f3n- 2013.05.10. \n\u00a0\nhttp:\/\/www.youtube.com\/watch?v=CKKagpZENhY&amp;feature=share&amp;list=PLOKExMK5Px4k68_90Ce0imR-ANvhxpGDZ\nLos registros gr\u00e1ficos en:\n\u00a0 https:\/\/www.facebook.com\/media\/set\/?set=a.10151891805682004.1073741887.502772003&amp;type=3\n\u00a0\n\u00a0Like \u2714 Comment \u2714 Share \u2714 Subscribe \u2714\n&nbsp;\n&nbsp;\n\" \/><input name=\"lang\" type=\"hidden\" value=\"es\" \/><input name=\"gn\" type=\"hidden\" value=\"ml\" \/><input type=\"hidden\" id=\"interface\" name=\"interface\" value=\"full\" \/>\n\t\t\t<div style=\"margin-left:40%;\">\n\t\t\t\n\t\t\t\t<input style=\"float:left;\" type=\"image\" width=\"40\" height=\"40\" src=\"http:\/\/blog.espol.edu.ec\/vicenteriofrio\/wp-content\/plugins\/vozme\/img\/megaphone40x40w.gif\" alt=\"Escucha este post\" onclick=\"window.open('', 'bde514db4e5c3424fd1e60dbabd49110', 'width=600,height=370,scrollbars=yes,location=yes,menubar=yes,resizable=yes,status=yes,toolbar=yes');\">\n\t\t\t\t<div style=\"margin-left:48px; text-align:left;\"><a style=\"font-size:12px;\" href=\"javascript:void(0);\" onclick=\"window.open('', 'bde514db4e5c3424fd1e60dbabd49110', 'width=600,height=370,scrollbars=yes,location=yes,menubar=yes,resizable=yes,status=yes,toolbar=yes'); document.getElementById('vozme_form_bde514db4e5c3424fd1e60dbabd49110').submit();\">Escucha<br\/>este post<\/a><\/div>\n\t\t\t<\/div><\/form>","protected":false},"excerpt":{"rendered":"<p>ESPOL \u201cNo malgaste\u00a0 su tiempo, pues de ese material est\u00e1 formada la vida\u201d. - Benjam\u00edn Franklin \u201cLa m\u00e1s bella palabra en labios de un hombre es la palabra madre, y la llamada m\u00e1s dulce: madre m\u00eda\u201d. - Khalil Gibran &nbsp; Difusi\u00f3n 2013.05.11 Like \u2714 Comment \u2714 Share \u2714 Subscribe \u2714 \u201cTus brazos siempre se abr\u00edan [&hellip;]<\/p>\n","protected":false},"author":194,"featured_media":0,"comment_status":"open","ping_status":"closed","sticky":false,"template":"","format":"standard","meta":{"_monsterinsights_skip_tracking":false,"_monsterinsights_sitenote_active":false,"_monsterinsights_sitenote_note":"","_monsterinsights_sitenote_category":0,"footnotes":""},"categories":[4692,1007,3238,31174,17207,1238,1957,1496,1425,1175],"tags":[668,144188,5752,97468,563021,3543,981,5841,563026,1044,563020,11910,70,1220732,1059,1058,6,144313,42,980,259,22726,5843,9331,563019,13345,542,12104,3967,1194],"class_list":["post-21744","post","type-post","status-publish","format-standard","hentry","category-1-emprendimiento","category-1-mis-credos","category-1-miscelaneas","category-1-rendicion-social-de-cuentas-espol","category-1-responsabilidad-social","category-colaboradores-dentro-y-fuera-espol","category-heroes-en-la-espol","category-profesores-de-la-espol","category-profesores-invitados","category-visitas-al-entorno","tag-padre","tag-riofriodocespol","tag-vriofrio","tag-vriofrioespol","tag-2013-05-10","tag-apespol","tag-aprender-ensenando","tag-asociacion","tag-benjamin-franklin-khalil-gibran","tag-creatividad","tag-digna-celebracion","tag-download","tag-ecuador","tag-emprendimiento","tag-emprendimiento-para-aprender","tag-ensenando-a-aprender","tag-espol","tag-feliz-dia","tag-fiesta","tag-formacion-lideres","tag-guayaquil","tag-hijos","tag-instituto","tag-learn-by-doing","tag-madre","tag-miguel","tag-profesores","tag-vart12345","tag-vicente-riofrio","tag-vinculos-con-la-comunidad"],"_links":{"self":[{"href":"https:\/\/blog.espol.edu.ec\/vicenteriofrio\/wp-json\/wp\/v2\/posts\/21744","targetHints":{"allow":["GET"]}}],"collection":[{"href":"https:\/\/blog.espol.edu.ec\/vicenteriofrio\/wp-json\/wp\/v2\/posts"}],"about":[{"href":"https:\/\/blog.espol.edu.ec\/vicenteriofrio\/wp-json\/wp\/v2\/types\/post"}],"author":[{"embeddable":true,"href":"https:\/\/blog.espol.edu.ec\/vicenteriofrio\/wp-json\/wp\/v2\/users\/194"}],"replies":[{"embeddable":true,"href":"https:\/\/blog.espol.edu.ec\/vicenteriofrio\/wp-json\/wp\/v2\/comments?post=21744"}],"version-history":[{"count":10,"href":"https:\/\/blog.espol.edu.ec\/vicenteriofrio\/wp-json\/wp\/v2\/posts\/21744\/revisions"}],"predecessor-version":[{"id":21757,"href":"https:\/\/blog.espol.edu.ec\/vicenteriofrio\/wp-json\/wp\/v2\/posts\/21744\/revisions\/21757"}],"wp:attachment":[{"href":"https:\/\/blog.espol.edu.ec\/vicenteriofrio\/wp-json\/wp\/v2\/media?parent=21744"}],"wp:term":[{"taxonomy":"category","embeddable":true,"href":"https:\/\/blog.espol.edu.ec\/vicenteriofrio\/wp-json\/wp\/v2\/categories?post=21744"},{"taxonomy":"post_tag","embeddable":true,"href":"https:\/\/blog.espol.edu.ec\/vicenteriofrio\/wp-json\/wp\/v2\/tags?post=21744"}],"curies":[{"name":"wp","href":"https:\/\/api.w.org\/{rel}","templated":true}]}}