{"id":2260,"date":"2009-03-25T11:09:28","date_gmt":"2009-03-25T16:09:28","guid":{"rendered":"http:\/\/blog.espol.edu.ec\/vicenteriofrio\/?p=2260"},"modified":"2009-03-25T11:09:28","modified_gmt":"2009-03-25T16:09:28","slug":"barcamp-quito-2009-algunos-expositores-en-imagenes","status":"publish","type":"post","link":"https:\/\/blog.espol.edu.ec\/vicenteriofrio\/2009\/03\/25\/barcamp-quito-2009-algunos-expositores-en-imagenes\/","title":{"rendered":"BARCAMP QUITO 2009: algunos expositores en im\u00e1genes"},"content":{"rendered":"<p align=\"center\">BARCAMP QUITO 2009: im\u00e1genes de algunos de los expositores 2009.03.21<\/p>\n<p align=\"center\">\u00bfQu\u00e9 es BarCamp?<\/p>\n<p style=\"text-align: justify\">\"BarCamp es un evento que se desarrolla en varios pa\u00edses del mundo, donde se\u00a0 re\u00fanen (en un ambiente abierto)\u00a0 personas de diferentes or\u00edgenes para compartir e instruirse unos de otros.\"<\/p>\n<p align=\"center\">BarCamp solo exige pocas reglas:<\/p>\n<p style=\"text-align: justify\">Una de ellas: no dejarse intimidar por el\u00a0 presente, s\u00f3lo pensar en lo que est\u00e1s apasionado\u00a0 y dar una charla sobre vuestra pasi\u00f3n navegando en la plataforma WEB 2.0\u00a0 y en cualquier otra que te puedas imaginar.<\/p>\n<p style=\"text-align: center\">\n<div id=\"attachment_2261\" style=\"width: 426px\" class=\"wp-caption aligncenter\"><a href=\"http:\/\/blog.espol.edu.ec\/vicenteriofrio\/files\/2009\/03\/expositores-uno.jpg\"><img loading=\"lazy\" decoding=\"async\" aria-describedby=\"caption-attachment-2261\" class=\"size-full wp-image-2261\" src=\"http:\/\/blog.espol.edu.ec\/vicenteriofrio\/files\/2009\/03\/expositores-uno.jpg\" alt=\"ESPOSITORES BARCAMPQUITO 2009 03 21\" width=\"416\" height=\"416\" srcset=\"https:\/\/blog.espol.edu.ec\/vicenteriofrio\/files\/2009\/03\/expositores-uno.jpg 416w, https:\/\/blog.espol.edu.ec\/vicenteriofrio\/files\/2009\/03\/expositores-uno-150x150.jpg 150w, https:\/\/blog.espol.edu.ec\/vicenteriofrio\/files\/2009\/03\/expositores-uno-300x300.jpg 300w\" sizes=\"auto, (max-width: 416px) 100vw, 416px\" \/><\/a><p id=\"caption-attachment-2261\" class=\"wp-caption-text\">ESPOSITORES BARCAMPQUITO 2009 03 21<\/p><\/div>\n<p style=\"text-align: justify\">En la imagen anterior se registra momentos de las exposiciones de Nelson Piedra, Jacobo Moreno, Carlos Correa y Manolo Sangoquiza, bajo la tutela de Edgar S\u00e1nchez en el auditorio #2.<\/p>\n<div id=\"attachment_2262\" style=\"width: 426px\" class=\"wp-caption aligncenter\"><a href=\"http:\/\/blog.espol.edu.ec\/vicenteriofrio\/files\/2009\/03\/expositores-dos.jpg\"><img loading=\"lazy\" decoding=\"async\" aria-describedby=\"caption-attachment-2262\" class=\"size-full wp-image-2262\" src=\"http:\/\/blog.espol.edu.ec\/vicenteriofrio\/files\/2009\/03\/expositores-dos.jpg\" alt=\"EXPOSITORES BARCAMPQUITO 2009 03 21\" width=\"416\" height=\"418\" srcset=\"https:\/\/blog.espol.edu.ec\/vicenteriofrio\/files\/2009\/03\/expositores-dos.jpg 416w, https:\/\/blog.espol.edu.ec\/vicenteriofrio\/files\/2009\/03\/expositores-dos-150x150.jpg 150w, https:\/\/blog.espol.edu.ec\/vicenteriofrio\/files\/2009\/03\/expositores-dos-298x300.jpg 298w\" sizes=\"auto, (max-width: 416px) 100vw, 416px\" \/><\/a><p id=\"caption-attachment-2262\" class=\"wp-caption-text\">EXPOSITORES BARCAMPQUITO 2009 03 21<\/p><\/div>\n<p style=\"text-align: justify\">Se aprecia instantes de las exposiciones de Vicente Ord\u00f3\u00f1ez y Vicente Riofr\u00edo en el auditorio #2.<\/p>\n<p style=\"text-align: justify\">La exposici\u00f3n de Vicente Riofr\u00edo y la de los dem\u00e1s expositores se las puede ubicar en SlideShare, ejemplo:<\/p>\n<p style=\"text-align: center\"><a href=\"http:\/\/www.slideshare.net\/barcampquito\/cmo-dar-vida-a-un-blog\">\u00bfC\u00f3mo dar vida a un blog?<\/a><\/p>\n<p style=\"text-align: center\">Para bajar el documento acceder a:<\/p>\n<p style=\"text-align: center\"><a href=\"http:\/\/blog.espol.edu.ec\/vicenteriofrio\/files\/2009\/03\/como-dar-vida-a-un-blog-vicente-riofrio-2009-03-21.pptx\">\u00bfC\u00f3mo dar vida a un blog?<\/a><\/p>\n<p style=\"text-align: center\">\n<div id=\"attachment_2263\" style=\"width: 426px\" class=\"wp-caption aligncenter\"><a href=\"http:\/\/blog.espol.edu.ec\/vicenteriofrio\/files\/2009\/03\/expositores-tres.jpg\"><img loading=\"lazy\" decoding=\"async\" aria-describedby=\"caption-attachment-2263\" class=\"size-full wp-image-2263\" src=\"http:\/\/blog.espol.edu.ec\/vicenteriofrio\/files\/2009\/03\/expositores-tres.jpg\" alt=\"EXPOSITORES BARCAMPQUITO 2009 03 21\" width=\"416\" height=\"416\" srcset=\"https:\/\/blog.espol.edu.ec\/vicenteriofrio\/files\/2009\/03\/expositores-tres.jpg 416w, https:\/\/blog.espol.edu.ec\/vicenteriofrio\/files\/2009\/03\/expositores-tres-150x150.jpg 150w, https:\/\/blog.espol.edu.ec\/vicenteriofrio\/files\/2009\/03\/expositores-tres-300x300.jpg 300w\" sizes=\"auto, (max-width: 416px) 100vw, 416px\" \/><\/a><p id=\"caption-attachment-2263\" class=\"wp-caption-text\">EXPOSITORES BARCAMPQUITO 2009 03 21<\/p><\/div>\n<p style=\"text-align: justify\">Se aprecia en la imagen anterior a Iv\u00e1n Lasso y Leonardo Gavidia Guerra con la pasi\u00f3n que los caracteriza y el seguimiento de los participantes en el auditorio #1<\/p>\n<p style=\"text-align: justify\">\n<p style=\"text-align: justify\">AGRADECEMOS A LOS ORGANIZADORES DE BARCAMPQUITO Y A TODOS QUIENES HICIERON POSIBLE EL EVENTO POR EL LOGRO CULTURAL A SERVICIO DE LOS MEJORES INTERESES DEL PA\u00cdS.<\/p>\n<p align=\"center\">0-0-0-0-0-0-0-0-0-0-0-0<\/p>\n<p align=\"center\">POR FAVOR, SEGUIRME EN<strong>:<\/strong><\/p>\n<p align=\"center\"><a href=\"http:\/\/twitter.com\/vriofriodoc\">http:\/\/twitter.com\/vriofriodoc<\/a><\/p>\n<p align=\"center\"><a href=\"http:\/\/twitter.com\/vriofrio\">http:\/\/twitter.com\/vriofrio<\/a><\/p>\n<form id=\"vozme_form_f2da74592821a96f8cf5ad4ecd81c30e\" method=\"post\" name=\"vozme_form_f2da74592821a96f8cf5ad4ecd81c30e\" target=\"f2da74592821a96f8cf5ad4ecd81c30e\" action=\"http:\/\/vozme.com\/text2voice.php\"><input name=\"text\" type=\"hidden\" value=\"BARCAMP QUITO 2009: algunos expositores en im\u00e1genes. BARCAMP QUITO 2009: im\u00e1genes de algunos de los expositores 2009.03.21\n\u00bfQu\u00e9 es BarCamp?\n&quot;BarCamp es un evento que se desarrolla en varios pa\u00edses del mundo, donde se\u00a0 re\u00fanen (en un ambiente abierto)\u00a0 personas de diferentes or\u00edgenes para compartir e instruirse unos de otros.&quot;\nBarCamp solo exige pocas reglas:\nUna de ellas: no dejarse intimidar por el\u00a0 presente, s\u00f3lo pensar en lo que est\u00e1s apasionado\u00a0 y dar una charla sobre vuestra pasi\u00f3n navegando en la plataforma WEB 2.0\u00a0 y en cualquier otra que te puedas imaginar.\n\n[caption id=&quot;attachment_2261&quot; align=&quot;aligncenter&quot; width=&quot;416&quot; caption=&quot;ESPOSITORES BARCAMPQUITO 2009 03 21&quot;][\/caption]\nEn la imagen anterior se registra momentos de las exposiciones de Nelson Piedra, Jacobo Moreno, Carlos Correa y Manolo Sangoquiza, bajo la tutela de Edgar S\u00e1nchez en el auditorio #2.\n[caption id=&quot;attachment_2262&quot; align=&quot;aligncenter&quot; width=&quot;416&quot; caption=&quot;EXPOSITORES BARCAMPQUITO 2009 03 21&quot;][\/caption]\nSe aprecia instantes de las exposiciones de Vicente Ord\u00f3\u00f1ez y Vicente Riofr\u00edo en el auditorio #2.\nLa exposici\u00f3n de Vicente Riofr\u00edo y la de los dem\u00e1s expositores se las puede ubicar en SlideShare, ejemplo:\n\u00bfC\u00f3mo dar vida a un blog?\nPara bajar el documento acceder a:\n\u00bfC\u00f3mo dar vida a un blog?\n\n[caption id=&quot;attachment_2263&quot; align=&quot;aligncenter&quot; width=&quot;416&quot; caption=&quot;EXPOSITORES BARCAMPQUITO 2009 03 21&quot;][\/caption]\nSe aprecia en la imagen anterior a Iv\u00e1n Lasso y Leonardo Gavidia Guerra con la pasi\u00f3n que los caracteriza y el seguimiento de los participantes en el auditorio #1\n\nAGRADECEMOS A LOS ORGANIZADORES DE BARCAMPQUITO Y A TODOS QUIENES HICIERON POSIBLE EL EVENTO POR EL LOGRO CULTURAL A SERVICIO DE LOS MEJORES INTERESES DEL PA\u00cdS.\n0-0-0-0-0-0-0-0-0-0-0-0\nPOR FAVOR, SEGUIRME EN:\nhttp:\/\/twitter.com\/vriofriodoc\nhttp:\/\/twitter.com\/vriofrio\n\" \/><input name=\"lang\" type=\"hidden\" value=\"es\" \/><input name=\"gn\" type=\"hidden\" value=\"ml\" \/><input type=\"hidden\" id=\"interface\" name=\"interface\" value=\"full\" \/>\n\t\t\t<div style=\"margin-left:40%;\">\n\t\t\t\n\t\t\t\t<input style=\"float:left;\" type=\"image\" width=\"40\" height=\"40\" src=\"http:\/\/blog.espol.edu.ec\/vicenteriofrio\/wp-content\/plugins\/vozme\/img\/megaphone40x40w.gif\" alt=\"Escucha este post\" onclick=\"window.open('', 'f2da74592821a96f8cf5ad4ecd81c30e', 'width=600,height=370,scrollbars=yes,location=yes,menubar=yes,resizable=yes,status=yes,toolbar=yes');\">\n\t\t\t\t<div style=\"margin-left:48px; text-align:left;\"><a style=\"font-size:12px;\" href=\"javascript:void(0);\" onclick=\"window.open('', 'f2da74592821a96f8cf5ad4ecd81c30e', 'width=600,height=370,scrollbars=yes,location=yes,menubar=yes,resizable=yes,status=yes,toolbar=yes'); document.getElementById('vozme_form_f2da74592821a96f8cf5ad4ecd81c30e').submit();\">Escucha<br\/>este post<\/a><\/div>\n\t\t\t<\/div><\/form>","protected":false},"excerpt":{"rendered":"<p>BARCAMP QUITO 2009: im\u00e1genes de algunos de los expositores 2009.03.21 \u00bfQu\u00e9 es BarCamp? \"BarCamp es un evento que se desarrolla en varios pa\u00edses del mundo, donde se\u00a0 re\u00fanen (en un ambiente abierto)\u00a0 personas de diferentes or\u00edgenes para compartir e instruirse unos de otros.\" BarCamp solo exige pocas reglas: Una de ellas: no dejarse intimidar por [&hellip;]<\/p>\n","protected":false},"author":194,"featured_media":0,"comment_status":"open","ping_status":"open","sticky":false,"template":"","format":"standard","meta":{"_monsterinsights_skip_tracking":false,"_monsterinsights_sitenote_active":false,"_monsterinsights_sitenote_note":"","_monsterinsights_sitenote_category":0,"footnotes":""},"categories":[4484,4987],"tags":[2398,981,5286,7,5297,3987,5287,1044,1220739,5299,1220732,1059,1058,5288,6,980,976,2086,5300,5296,4235,5298,5295,1456,5289,2413,4211,5290,2612,4983,3967,194,1194],"class_list":["post-2260","post","type-post","status-publish","format-standard","hentry","category-1-club-de-bloggers","category-cultura-digital","tag-aprender","tag-aprender-ensenando","tag-barcamp","tag-blog","tag-carlos-correa","tag-como-dar-vida-a-un-blog","tag-cooperar","tag-creatividad","tag-cultura-digital","tag-edgar-sanchez","tag-emprendimiento","tag-emprendimiento-para-aprender","tag-ensenando-a-aprender","tag-ensenar","tag-espol","tag-formacion-lideres","tag-icqa","tag-instituto-de-ciencias-quimicas-y-ambientales","tag-ivan-lasso","tag-jacobo-moreno","tag-leonardo-gavidia-guerra","tag-manolo-sangoquiza","tag-nelson-piedra","tag-pasion","tag-puce","tag-quito","tag-servir","tag-talento-nacional","tag-trabajo-independiente","tag-vicente-ordonez","tag-vicente-riofrio","tag-vida","tag-vinculos-con-la-comunidad"],"_links":{"self":[{"href":"https:\/\/blog.espol.edu.ec\/vicenteriofrio\/wp-json\/wp\/v2\/posts\/2260","targetHints":{"allow":["GET"]}}],"collection":[{"href":"https:\/\/blog.espol.edu.ec\/vicenteriofrio\/wp-json\/wp\/v2\/posts"}],"about":[{"href":"https:\/\/blog.espol.edu.ec\/vicenteriofrio\/wp-json\/wp\/v2\/types\/post"}],"author":[{"embeddable":true,"href":"https:\/\/blog.espol.edu.ec\/vicenteriofrio\/wp-json\/wp\/v2\/users\/194"}],"replies":[{"embeddable":true,"href":"https:\/\/blog.espol.edu.ec\/vicenteriofrio\/wp-json\/wp\/v2\/comments?post=2260"}],"version-history":[{"count":8,"href":"https:\/\/blog.espol.edu.ec\/vicenteriofrio\/wp-json\/wp\/v2\/posts\/2260\/revisions"}],"predecessor-version":[{"id":2271,"href":"https:\/\/blog.espol.edu.ec\/vicenteriofrio\/wp-json\/wp\/v2\/posts\/2260\/revisions\/2271"}],"wp:attachment":[{"href":"https:\/\/blog.espol.edu.ec\/vicenteriofrio\/wp-json\/wp\/v2\/media?parent=2260"}],"wp:term":[{"taxonomy":"category","embeddable":true,"href":"https:\/\/blog.espol.edu.ec\/vicenteriofrio\/wp-json\/wp\/v2\/categories?post=2260"},{"taxonomy":"post_tag","embeddable":true,"href":"https:\/\/blog.espol.edu.ec\/vicenteriofrio\/wp-json\/wp\/v2\/tags?post=2260"}],"curies":[{"name":"wp","href":"https:\/\/api.w.org\/{rel}","templated":true}]}}