{"id":22620,"date":"2013-07-16T09:34:57","date_gmt":"2013-07-16T14:34:57","guid":{"rendered":"http:\/\/blog.espol.edu.ec\/vicenteriofrio\/?p=22620"},"modified":"2013-07-16T09:34:57","modified_gmt":"2013-07-16T14:34:57","slug":"como-hacer-una-carta-de-protesta-escribe-marisa-y-contestan-sofia-y-juan-francisco","status":"publish","type":"post","link":"https:\/\/blog.espol.edu.ec\/vicenteriofrio\/2013\/07\/16\/como-hacer-una-carta-de-protesta-escribe-marisa-y-contestan-sofia-y-juan-francisco\/","title":{"rendered":"\u00bfC\u00f3mo hacer una carta de protesta? Escribe Marisa y contestan Sof\u00eda y Juan Francisco."},"content":{"rendered":"<p style=\"text-align: center\"><a href=\"http:\/\/www.youtube.com\/user\/vart12345\"><strong>ESPOL<\/strong><\/a><\/p>\n<p style=\"text-align: right\"><span style=\"color: #808000\"><strong>\u201cNo malgaste\u00a0 su tiempo, pues de ese material est\u00e1 formada la vida\u201d.<\/strong><\/span><\/p>\n<p style=\"text-align: right\"><span style=\"color: #993366\">- Benjamin Franklin<\/span><\/p>\n<p style=\"text-align: right\"><span style=\"color: #808000\"><strong>\"A veces cuando no tienes tiempo, tienes que tomarlo prestado\".<\/strong><\/span><\/p>\n<p style=\"text-align: right\"><span style=\"color: #993366\">- Steve Jobs<\/span><\/p>\n<p style=\"text-align: center\"><strong><a href=\"http:\/\/www.youtube.com\/user\/vart12345\">Difusi\u00f3n 2013.07.16<\/a><\/strong><\/p>\n<p style=\"text-align: center\"><a href=\"http:\/\/blog.espol.edu.ec\/vicenteriofrio\/files\/2013\/07\/196-Mario-Benedetti-1920-2009.jpg\"><img loading=\"lazy\" decoding=\"async\" class=\"aligncenter size-full wp-image-22625\" src=\"http:\/\/blog.espol.edu.ec\/vicenteriofrio\/files\/2013\/07\/196-Mario-Benedetti-1920-2009.jpg\" alt=\"\" width=\"400\" height=\"400\" srcset=\"https:\/\/blog.espol.edu.ec\/vicenteriofrio\/files\/2013\/07\/196-Mario-Benedetti-1920-2009.jpg 400w, https:\/\/blog.espol.edu.ec\/vicenteriofrio\/files\/2013\/07\/196-Mario-Benedetti-1920-2009-150x150.jpg 150w, https:\/\/blog.espol.edu.ec\/vicenteriofrio\/files\/2013\/07\/196-Mario-Benedetti-1920-2009-300x300.jpg 300w\" sizes=\"auto, (max-width: 400px) 100vw, 400px\" \/><\/a><\/p>\n<h2 style=\"text-align: center\"><span style=\"color: #ff6600\">Like<\/span> \u2714 <span style=\"color: #3366ff\">Comment<\/span> \u2714 <span style=\"color: #008000\">Share<\/span> \u2714 <span style=\"color: #ff00ff\">Subscribe<\/span> \u2714<\/h2>\n<p>&nbsp;<\/p>\n<p>Constantemente los j\u00f3venes reciben mi invitaci\u00f3n de escribir -Una Carta de Lectores- a cualquier diario del Pa\u00eds. En paralelo, los adolescentes quieren expresar sus <strong><span style=\"color: #ff0000\">PROTESTAS<\/span><\/strong>.<\/p>\n<p>&nbsp;<\/p>\n<p>Con lo anterior como referencia, \u00a0me permito tomar las opiniones de otros j\u00f3venes latinoamericanos dando respuesta a la inquietud \u00bfC\u00f3mo hacer una carta de protesta?<\/p>\n<p>&nbsp;<\/p>\n<p>\u00bfC\u00f3mo hacer una carta de protesta? Escribe <strong>Marisa<\/strong> y resalta:<\/p>\n<p>&nbsp;<\/p>\n<p>\u201cNecesito ideas para hacer una carta de protesta para el peri\u00f3dico ya que en mi instituto hay una plaga de garrapatas y no solucionan el problema ocultando toda la verdad por favor ayudarme.<\/p>\n<p>&nbsp;<\/p>\n<p>Muy pronto llego a la WWW la respuesta de <strong><span style=\"color: #808000\">Sof\u00eda<\/span><\/strong>, ver:<\/p>\n<p>&nbsp;<\/p>\n<p><em>De <strong><span style=\"color: #808000\">Sof\u00eda<\/span> <\/strong>para <strong><span style=\"color: #808000\">Marisa<\/span><\/strong>:<\/em><\/p>\n<p>&nbsp;<\/p>\n<p>La carta ser\u00eda algo as\u00ed:<\/p>\n<p>&nbsp;<\/p>\n<p>Lugar (donde est\u00e1s) y fecha.<\/p>\n<p>&nbsp;<\/p>\n<p>A quien corresponda.<\/p>\n<p>&nbsp;<\/p>\n<p>En mi escuela, (nombre de la escuela), tenemos una plaga de garrapatas y pese a habernos quejado de esta situaci\u00f3n con nuestros maestr@s no se han tomado las medidas sanitarias conducentes a resolver este problema.<\/p>\n<p>&nbsp;<\/p>\n<p>Sabemos que las garrapatas pueden transmitir otro tipo de enfermedades y los alumnos estamos preocupados por nuestra salud.<\/p>\n<p>&nbsp;<\/p>\n<p>Les pedimos, por favor, su apoyo para encontrar una soluci\u00f3n.<\/p>\n<p>&nbsp;<\/p>\n<p>Sin otro particular, les agradecer\u00edamos su intervenci\u00f3n.<\/p>\n<p>&nbsp;<\/p>\n<p>Los alumnos de la escuela (nombre de la escuela) y firmas.<\/p>\n<p>&nbsp;<\/p>\n<p>Sof\u00eda hacer notar el contenido anterior surtir\u00eda m\u00e1s efecto si la env\u00edan a las autoridades de salud de su comunidad o Ayuntamiento. Enfatiza que publicarla en un peri\u00f3dico s\u00f3lo har\u00eda p\u00fablico el problema, pero no garantiza soluci\u00f3n.<\/p>\n<p>&nbsp;<\/p>\n<p>Suerte y saludos. - <span style=\"color: #808000\"><strong>Sof\u00eda<\/strong><\/span><\/p>\n<p>&nbsp;<\/p>\n<p>Otro participante (<strong><span style=\"color: #808000\">Juan Francisco F<\/span><\/strong>) formula a <span style=\"color: #808000\"><strong>Marisa estas preguntas<\/strong><\/span>:<\/p>\n<p>&nbsp;<\/p>\n<p><span style=\"color: #ff6600\">(A)<\/span> \u00bfNo s\u00e9 cuanto hiciste Marisa para remediar la situaci\u00f3n? Y aprovecha para \u201crogarle que no se sienta juzgada\u201d. Sus inquietudes son para brindar orientaci\u00f3n en el caso que nos ocupa.<\/p>\n<p>&nbsp;<\/p>\n<p><span style=\"color: #ff6600\">(B)<\/span> \u00bfHablaste con las autoridades?<\/p>\n<p>&nbsp;<\/p>\n<p><span style=\"color: #ff6600\">(C)<\/span> \u00bfHizo alguna denuncia?<\/p>\n<p><span style=\"color: #ff6600\">\u00a0<\/span><\/p>\n<p><span style=\"color: #ff6600\">(D)<\/span> \u00bfEl problema est\u00e1 documentado?<\/p>\n<p>&nbsp;<\/p>\n<p><span style=\"color: #ff6600\">(E)<\/span> \u00bfCu\u00e1ndo fue la \u00faltima desinfecci\u00f3n en el establecimiento?<\/p>\n<p>&nbsp;<\/p>\n<p>Las interrogantes de las interrogantes de<span style=\"color: #ff6600\"> (A) <span style=\"color: #000000\">la<\/span> (E)<\/span> se \u201cdeber\u00edan\u201d \u00a0escribir en la carta PROTESTA contra las garrapatas.<\/p>\n<p>&nbsp;<\/p>\n<p>Adem\u00e1s se pregunta el joven consejero:<\/p>\n<p>&nbsp;<\/p>\n<p><span style=\"color: #339966\"><strong>\u00bfHacia quien es tu reclamo concretamente?<\/strong><\/span><\/p>\n<p><strong><span style=\"color: #008000\">\u00bfHacia las autoridades del instituto?<\/span><\/strong><\/p>\n<p><span style=\"color: #008080\"><strong>\u00bfHacia alg\u00fan organismo controlador que est\u00e9 por encima de este?<\/strong><\/span><\/p>\n<p><span style=\"color: #666699\"><strong>\u00bfO bien, simplemente se quiere difundir el problema para que tenga repercusi\u00f3n?<\/strong><\/span><\/p>\n<p>&nbsp;<\/p>\n<p>Juan Francisco cree que todo lo anterior se deber\u00eda tener en cuenta al momento de escribir una carta de lectores.\u00a0\u00a0\u00a0 Su recomendaci\u00f3n final es conseguir el n\u00famero de tel\u00e9fono del peri\u00f3dico y ponerte en contacto con ellos all\u00ed te informar\u00e1n mejor que en ning\u00fan sitio. - \u00a0<span style=\"color: #808000\"><strong>Juan Francisco F<\/strong><\/span><\/p>\n<p>&nbsp;<\/p>\n<p><em><span style=\"color: #800080\">Tomado y adaptado de:<\/span><\/em><\/p>\n<p style=\"text-align: center\"><a href=\"http:\/\/es.answers.yahoo.com\/question\/index?qid=20090508071600AAmmTWC\">http:\/\/es.answers.yahoo.com\/question\/index?qid=20090508071600AAmmTWC<\/a><\/p>\n<p>&nbsp;<\/p>\n<p>Aprovechamos para traer las definiciones de opinar en los diccionarios de la WWW m\u00e1s populares:<\/p>\n<p>&nbsp;<\/p>\n<p>1\u00a0 \u00a0Formar o tener opini\u00f3n.<\/p>\n<p>2\u00a0\u00a0 Expresar una opini\u00f3n de palabra o por escrito.<\/p>\n<p>3\u00a0\u00a0 Tener una opini\u00f3n: es necesario conocer los hechos antes de opinar.<\/p>\n<p>4 \u00a0\u00a0Hacer conjeturas acerca de una cosa.<\/p>\n<p>&nbsp;<\/p>\n<p>Finalmente, puedo asegurar que todos los diarios y revistas del mundo tienen un espacio para que sus lectores opinen.<\/p>\n<p>&nbsp;<\/p>\n<p>Creo que se puede opinar con altura sobre cualquier asunto y levantar la protesta del caso, cuando lo amerite, sin descuidar nuestro grado de participaci\u00f3n al atacar la problem\u00e1tica que nos concierne y en el caso de los j\u00f3venes: TODO.<\/p>\n<p>&nbsp;<\/p>\n<p>Un ejemplo al d\u00eda de HOY:<\/p>\n<p style=\"text-align: center\"><a href=\"http:\/\/blog.espol.edu.ec\/vicenteriofrio\/files\/2013\/07\/34.jpg\"><img loading=\"lazy\" decoding=\"async\" class=\"aligncenter size-full wp-image-22626\" src=\"http:\/\/blog.espol.edu.ec\/vicenteriofrio\/files\/2013\/07\/34.jpg\" alt=\"\" width=\"400\" height=\"400\" srcset=\"https:\/\/blog.espol.edu.ec\/vicenteriofrio\/files\/2013\/07\/34.jpg 400w, https:\/\/blog.espol.edu.ec\/vicenteriofrio\/files\/2013\/07\/34-150x150.jpg 150w, https:\/\/blog.espol.edu.ec\/vicenteriofrio\/files\/2013\/07\/34-300x300.jpg 300w\" sizes=\"auto, (max-width: 400px) 100vw, 400px\" \/><\/a><\/p>\n<p style=\"text-align: right\"><span style=\"color: #808000\"><strong>\u201cEl acabado siempre completa la hermosura de la obra\u201d.<\/strong><\/span><\/p>\n<p style=\"text-align: right\"><span style=\"color: #808000\"><strong>\u201cLos tornillos tambi\u00e9n cuentan en la construcci\u00f3n de un puente. A cuidar los peque\u00f1os detalles para culminar su obra\u201d.<\/strong><\/span><\/p>\n<h2 style=\"text-align: center\">\u00a0<span style=\"color: #800080\">Like<\/span> \u2714 <span style=\"color: #666699\">Comment<\/span> \u2714 <span style=\"color: #99cc00\">Share<\/span> \u2714 <span style=\"color: #ff00ff\">Subscribe<\/span> \u2714<\/h2>\n<form id=\"vozme_form_c3903f3618b4bf4022a26d268253d09b\" method=\"post\" name=\"vozme_form_c3903f3618b4bf4022a26d268253d09b\" target=\"c3903f3618b4bf4022a26d268253d09b\" action=\"http:\/\/vozme.com\/text2voice.php\"><input name=\"text\" type=\"hidden\" value=\"\u00bfC\u00f3mo hacer una carta de protesta? Escribe Marisa y contestan Sof\u00eda y Juan Francisco.. ESPOL\n\u201cNo malgaste\u00a0 su tiempo, pues de ese material est\u00e1 formada la vida\u201d.\n- Benjamin Franklin\n&quot;A veces cuando no tienes tiempo, tienes que tomarlo prestado&quot;.\n- Steve Jobs\nDifusi\u00f3n 2013.07.16\n\nLike \u2714 Comment \u2714 Share \u2714 Subscribe \u2714\n&nbsp;\nConstantemente los j\u00f3venes reciben mi invitaci\u00f3n de escribir -Una Carta de Lectores- a cualquier diario del Pa\u00eds. En paralelo, los adolescentes quieren expresar sus PROTESTAS.\n&nbsp;\nCon lo anterior como referencia, \u00a0me permito tomar las opiniones de otros j\u00f3venes latinoamericanos dando respuesta a la inquietud \u00bfC\u00f3mo hacer una carta de protesta?\n&nbsp;\n\u00bfC\u00f3mo hacer una carta de protesta? Escribe Marisa y resalta:\n&nbsp;\n\u201cNecesito ideas para hacer una carta de protesta para el peri\u00f3dico ya que en mi instituto hay una plaga de garrapatas y no solucionan el problema ocultando toda la verdad por favor ayudarme.\n&nbsp;\nMuy pronto llego a la WWW la respuesta de Sof\u00eda, ver:\n&nbsp;\nDe Sof\u00eda para Marisa:\n&nbsp;\nLa carta ser\u00eda algo as\u00ed:\n&nbsp;\nLugar (donde est\u00e1s) y fecha.\n&nbsp;\nA quien corresponda.\n&nbsp;\nEn mi escuela, (nombre de la escuela), tenemos una plaga de garrapatas y pese a habernos quejado de esta situaci\u00f3n con nuestros maestr@s no se han tomado las medidas sanitarias conducentes a resolver este problema.\n&nbsp;\nSabemos que las garrapatas pueden transmitir otro tipo de enfermedades y los alumnos estamos preocupados por nuestra salud.\n&nbsp;\nLes pedimos, por favor, su apoyo para encontrar una soluci\u00f3n.\n&nbsp;\nSin otro particular, les agradecer\u00edamos su intervenci\u00f3n.\n&nbsp;\nLos alumnos de la escuela (nombre de la escuela) y firmas.\n&nbsp;\nSof\u00eda hacer notar el contenido anterior surtir\u00eda m\u00e1s efecto si la env\u00edan a las autoridades de salud de su comunidad o Ayuntamiento. Enfatiza que publicarla en un peri\u00f3dico s\u00f3lo har\u00eda p\u00fablico el problema, pero no garantiza soluci\u00f3n.\n&nbsp;\nSuerte y saludos. - Sof\u00eda\n&nbsp;\nOtro participante (Juan Francisco F) formula a Marisa estas preguntas:\n&nbsp;\n(A) \u00bfNo s\u00e9 cuanto hiciste Marisa para remediar la situaci\u00f3n? Y aprovecha para \u201crogarle que no se sienta juzgada\u201d. Sus inquietudes son para brindar orientaci\u00f3n en el caso que nos ocupa.\n&nbsp;\n(B) \u00bfHablaste con las autoridades?\n&nbsp;\n(C) \u00bfHizo alguna denuncia?\n\u00a0\n(D) \u00bfEl problema est\u00e1 documentado?\n&nbsp;\n(E) \u00bfCu\u00e1ndo fue la \u00faltima desinfecci\u00f3n en el establecimiento?\n&nbsp;\nLas interrogantes de las interrogantes de (A) la (E) se \u201cdeber\u00edan\u201d \u00a0escribir en la carta PROTESTA contra las garrapatas.\n&nbsp;\nAdem\u00e1s se pregunta el joven consejero:\n&nbsp;\n\u00bfHacia quien es tu reclamo concretamente?\n\u00bfHacia las autoridades del instituto?\n\u00bfHacia alg\u00fan organismo controlador que est\u00e9 por encima de este?\n\u00bfO bien, simplemente se quiere difundir el problema para que tenga repercusi\u00f3n?\n&nbsp;\nJuan Francisco cree que todo lo anterior se deber\u00eda tener en cuenta al momento de escribir una carta de lectores.\u00a0\u00a0\u00a0 Su recomendaci\u00f3n final es conseguir el n\u00famero de tel\u00e9fono del peri\u00f3dico y ponerte en contacto con ellos all\u00ed te informar\u00e1n mejor que en ning\u00fan sitio. - \u00a0Juan Francisco F\n&nbsp;\nTomado y adaptado de:\nhttp:\/\/es.answers.yahoo.com\/question\/index?qid=20090508071600AAmmTWC\n&nbsp;\nAprovechamos para traer las definiciones de opinar en los diccionarios de la WWW m\u00e1s populares:\n&nbsp;\n1\u00a0 \u00a0Formar o tener opini\u00f3n.\n2\u00a0\u00a0 Expresar una opini\u00f3n de palabra o por escrito.\n3\u00a0\u00a0 Tener una opini\u00f3n: es necesario conocer los hechos antes de opinar.\n4 \u00a0\u00a0Hacer conjeturas acerca de una cosa.\n&nbsp;\nFinalmente, puedo asegurar que todos los diarios y revistas del mundo tienen un espacio para que sus lectores opinen.\n&nbsp;\nCreo que se puede opinar con altura sobre cualquier asunto y levantar la protesta del caso, cuando lo amerite, sin descuidar nuestro grado de participaci\u00f3n al atacar la problem\u00e1tica que nos concierne y en el caso de los j\u00f3venes: TODO.\n&nbsp;\nUn ejemplo al d\u00eda de HOY:\n\n\u201cEl acabado siempre completa la hermosura de la obra\u201d.\n\u201cLos tornillos tambi\u00e9n cuentan en la construcci\u00f3n de un puente. A cuidar los peque\u00f1os detalles para culminar su obra\u201d.\n\u00a0Like \u2714 Comment \u2714 Share \u2714 Subscribe \u2714\n\" \/><input name=\"lang\" type=\"hidden\" value=\"es\" \/><input name=\"gn\" type=\"hidden\" value=\"ml\" \/><input type=\"hidden\" id=\"interface\" name=\"interface\" value=\"full\" \/>\n\t\t\t<div style=\"margin-left:40%;\">\n\t\t\t\n\t\t\t\t<input style=\"float:left;\" type=\"image\" width=\"40\" height=\"40\" src=\"http:\/\/blog.espol.edu.ec\/vicenteriofrio\/wp-content\/plugins\/vozme\/img\/megaphone40x40w.gif\" alt=\"Escucha este post\" onclick=\"window.open('', 'c3903f3618b4bf4022a26d268253d09b', 'width=600,height=370,scrollbars=yes,location=yes,menubar=yes,resizable=yes,status=yes,toolbar=yes');\">\n\t\t\t\t<div style=\"margin-left:48px; text-align:left;\"><a style=\"font-size:12px;\" href=\"javascript:void(0);\" onclick=\"window.open('', 'c3903f3618b4bf4022a26d268253d09b', 'width=600,height=370,scrollbars=yes,location=yes,menubar=yes,resizable=yes,status=yes,toolbar=yes'); document.getElementById('vozme_form_c3903f3618b4bf4022a26d268253d09b').submit();\">Escucha<br\/>este post<\/a><\/div>\n\t\t\t<\/div><\/form>","protected":false},"excerpt":{"rendered":"<p>ESPOL \u201cNo malgaste\u00a0 su tiempo, pues de ese material est\u00e1 formada la vida\u201d. - Benjamin Franklin \"A veces cuando no tienes tiempo, tienes que tomarlo prestado\". - Steve Jobs Difusi\u00f3n 2013.07.16 Like \u2714 Comment \u2714 Share \u2714 Subscribe \u2714 &nbsp; Constantemente los j\u00f3venes reciben mi invitaci\u00f3n de escribir -Una Carta de Lectores- a cualquier diario [&hellip;]<\/p>\n","protected":false},"author":194,"featured_media":0,"comment_status":"open","ping_status":"closed","sticky":false,"template":"","format":"standard","meta":{"_monsterinsights_skip_tracking":false,"_monsterinsights_sitenote_active":false,"_monsterinsights_sitenote_note":"","_monsterinsights_sitenote_category":0,"footnotes":""},"categories":[1196,14920,32622,5065,24752,4692,2994,31174,17207,82,1855,97292,1425,1175],"tags":[563241,751736,15948,563248,981,3983,1374,2321,563243,562829,6846,563250,563251,97359,563252,563254,563255,563256,4827,563257,3712,9510,563258,28006,563259,563260,563262,563263,563264,563265,563266,563267,563268,1731,563244,9516,563269,563270,563272,563273,563276,4170,1059,1058,1207,6,980,34819,259,15027,594,563274,25212,2088,751737,563282,563261,9331,18512,7079,3211,563275,3823,563277,4459,1373,7083,6643,7084,751627,563279,563280,563281,563283,563271,563287,563246,2413,2499,22455,6437,562831,7086,563249,11002,1194,751738],"class_list":["post-22620","post","type-post","status-publish","format-standard","hentry","category-quien-es-usted-queremos-conocerlo","category-1-anecdota","category-1-bienvenida-a-los-novatos-2010-2009","category-1-camisetazos","category-1-copol","category-1-emprendimiento","category-1-entretenimiento","category-1-rendicion-social-de-cuentas-espol","category-1-responsabilidad-social","category-emprendimiento","category-fomento-a-la-investigacion","category-medio-ambiente-2","category-profesores-invitados","category-visitas-al-entorno","tag-a-que-no-escribe","tag-se-atreve-sofia","tag-ambato","tag-aportar","tag-aprender-ensenando","tag-aprender-haciendo","tag-benjamin-franklin","tag-cartas","tag-cartas-de-opinion","tag-comment","tag-cuenca","tag-diario-correo","tag-diario-cronica","tag-diario-el-comercio","tag-diario-el-heraldo","tag-diario-el-mercurio","tag-diario-el-mercurio-de-manta","tag-diario-el-norte","tag-diario-el-telegrafo","tag-diario-el-tiempo","tag-diario-el-universo","tag-diario-expreso","tag-diario-extra","tag-diario-hoy","tag-diario-la-calle","tag-diario-la-gaceta","tag-diario-la-hora","tag-diario-la-prensa","tag-diario-la-razon","tag-diario-la-tarde","tag-diario-la-verdad","tag-diario-los-andes","tag-diario-portada","tag-diarios","tag-diarios-del-mundo","tag-difusion","tag-ecuadorinmediato","tag-el-diario","tag-el-morlaco-digital","tag-el-observador","tag-el-primer-diario-digital-orense","tag-el-universo","tag-emprendimiento-para-aprender","tag-ensenando-a-aprender","tag-escribir","tag-espol","tag-formacion-lideres","tag-global","tag-guayaquil","tag-ibarra","tag-imagenes","tag-informate-y-punto","tag-institucion","tag-invitacion","tag-juan-franciscom-marisa","tag-lago-agrio","tag-latacunga","tag-learn-by-doing","tag-like","tag-loja","tag-machala","tag-machala-global","tag-manabi","tag-metro-hoy","tag-milagro","tag-oportunidades","tag-orellana","tag-pais","tag-pastaza","tag-periodico-el-chaski","tag-periodico-el-financiero","tag-periodico-el-migrante-ecuatoriano","tag-periodico-independiente","tag-periodico-independiente-de-la-amazonia-en-napo","tag-portoviejo","tag-prensa-la-verdad","tag-proposito-entrada","tag-quito","tag-riobamba","tag-salida","tag-share","tag-subscribe","tag-sucumbios","tag-trincheras","tag-ultimas-noticias","tag-vinculos-con-la-comunidad","tag-yahoo-respuestas"],"_links":{"self":[{"href":"https:\/\/blog.espol.edu.ec\/vicenteriofrio\/wp-json\/wp\/v2\/posts\/22620","targetHints":{"allow":["GET"]}}],"collection":[{"href":"https:\/\/blog.espol.edu.ec\/vicenteriofrio\/wp-json\/wp\/v2\/posts"}],"about":[{"href":"https:\/\/blog.espol.edu.ec\/vicenteriofrio\/wp-json\/wp\/v2\/types\/post"}],"author":[{"embeddable":true,"href":"https:\/\/blog.espol.edu.ec\/vicenteriofrio\/wp-json\/wp\/v2\/users\/194"}],"replies":[{"embeddable":true,"href":"https:\/\/blog.espol.edu.ec\/vicenteriofrio\/wp-json\/wp\/v2\/comments?post=22620"}],"version-history":[{"count":6,"href":"https:\/\/blog.espol.edu.ec\/vicenteriofrio\/wp-json\/wp\/v2\/posts\/22620\/revisions"}],"predecessor-version":[{"id":22628,"href":"https:\/\/blog.espol.edu.ec\/vicenteriofrio\/wp-json\/wp\/v2\/posts\/22620\/revisions\/22628"}],"wp:attachment":[{"href":"https:\/\/blog.espol.edu.ec\/vicenteriofrio\/wp-json\/wp\/v2\/media?parent=22620"}],"wp:term":[{"taxonomy":"category","embeddable":true,"href":"https:\/\/blog.espol.edu.ec\/vicenteriofrio\/wp-json\/wp\/v2\/categories?post=22620"},{"taxonomy":"post_tag","embeddable":true,"href":"https:\/\/blog.espol.edu.ec\/vicenteriofrio\/wp-json\/wp\/v2\/tags?post=22620"}],"curies":[{"name":"wp","href":"https:\/\/api.w.org\/{rel}","templated":true}]}}