{"id":3881,"date":"2009-07-31T12:23:10","date_gmt":"2009-07-31T17:23:10","guid":{"rendered":"http:\/\/blog.espol.edu.ec\/vicenteriofrio\/?p=3881"},"modified":"2009-07-31T14:45:18","modified_gmt":"2009-07-31T19:45:18","slug":"quimica-general-ip008-viernes-31-de-julio-de-2009","status":"publish","type":"post","link":"https:\/\/blog.espol.edu.ec\/vicenteriofrio\/2009\/07\/31\/quimica-general-ip008-viernes-31-de-julio-de-2009\/","title":{"rendered":"QU\u00cdMICA GENERAL I,P008, viernes 31 de julio de 2009"},"content":{"rendered":"<p style=\"text-align: center\">QU\u00cdMICA GENERAL I,P008, viernes 31 de julio de 2009<\/p>\n<p align=\"center\">\\@\/|@#\u20ac\u00ac[{..........LEARN BY DOING...........}]\u00ac\u20ac#@|\\@\/<\/p>\n<p align=\"center\">Temas Tratados:<\/p>\n<p>Equilibrio Qu\u00edmico<\/p>\n<p>Lecci\u00f3n\u00a0 #5 sobre: Velocidad Media y Acci\u00f3n de Reacci\u00f3n<\/p>\n<p align=\"center\">TEMA PR\u00d3XIMA CLASE:<\/p>\n<p>Constante de Equilibrio (VER RESPONSABLES EN LA IMAGEN)<\/p>\n<div id=\"attachment_3898\" style=\"width: 444px\" class=\"wp-caption aligncenter\"><a href=\"http:\/\/blog.espol.edu.ec\/vicenteriofrio\/files\/2009\/07\/final16.jpg\"><img loading=\"lazy\" decoding=\"async\" aria-describedby=\"caption-attachment-3898\" class=\"size-full wp-image-3898\" src=\"http:\/\/blog.espol.edu.ec\/vicenteriofrio\/files\/2009\/07\/final16.jpg\" alt=\"Expositores de la clase del jueves 6.07.09\" width=\"434\" height=\"486\" \/><\/a><p id=\"caption-attachment-3898\" class=\"wp-caption-text\">Expositores de la clase del jueves 6.07.09<\/p><\/div>\n<p align=\"center\">\n<p style=\"text-align: justify\">En el siguiente v\u00eddeo se puede apreciar la presentaci\u00f3n de la exposici\u00f3n sobre la expresi\u00f3n matem\u00e1tica para la constante de equilibrio a cargo de la Srta. Estrella Montero Cadena, estudiante de QG I, ESPOL, ICQA, p008 en el Campus Prosperina:<\/p>\n<p style=\"text-align: center\"><a href=\"http:\/\/www.youtube.com\/watch?v=XrcCGYruqsE\">http:\/\/www.youtube.com\/watch?v=XrcCGYruqsE<\/a><\/p>\n<p align=\"center\">Deber para la clase del jueves 06 de Agosto de 2009.<\/p>\n<p>Libro de Raymond Chang cap\u00edtulo 14.2 p\u00e1ginas 604 - 615<\/p>\n<p>Libro de Brown cap\u00edtulo 15.2 p\u00e1ginas 578 - 586<\/p>\n<p align=\"center\">\\@\/|@#\u20ac\u00ac[{..........LEARN BY DOING...........}]\u00ac\u20ac#@|\\@\/<\/p>\n<p align=\"center\">Descriptores de la clase:<\/p>\n<p align=\"center\">\n<p align=\"center\">RESPONSABLES: TRAER SUS LIBRAS DE CHOCOLATES<\/p>\n<p>Cesar Yallico, Andr\u00e9s Garc\u00eda, Marco Loayza, Lu\u00eds Molina, Joshua Mendieta, Edwin Becerra, Evelyn Calder\u00f3n, Efr\u00e9n Tenesaca, Mois\u00e9s Murillo, Carlos Freire, Alvaro Sandoya (2), Hugo Ponce, C\u00e9sar Madrid.<\/p>\n<p style=\"text-align: center\"><a href=\"http:\/\/blog.espol.edu.ec\/vicenteriofrio\/files\/2009\/07\/images1.jpg\"><img loading=\"lazy\" decoding=\"async\" class=\"aligncenter size-full wp-image-3892\" src=\"http:\/\/blog.espol.edu.ec\/vicenteriofrio\/files\/2009\/07\/images1.jpg\" alt=\"images1\" width=\"434\" height=\"373\" \/><\/a>LOS CHOCOLATES DISMINUYEN LA ENERGIA DE ACTIVACI\u00d3N PARA APRENDER<\/p>\n<p align=\"center\">\\@\/|@#\u20ac\u00ac[{..........LEARN BY DOING...........}]\u00ac\u20ac#@|\\@\/<\/p>\n<p align=\"right\">\"Persistence prevails, like a stream that is temporarily blocked by boulders and then collects force enough to overflow onward\"<\/p>\n<p align=\"right\">-\u00a0\u00a0\u00a0\u00a0\u00a0\u00a0\u00a0\u00a0\u00a0 Vernon Howard<\/p>\n<p align=\"right\">\"The hard way is the right way\"<\/p>\n<p align=\"right\">-\u00a0\u00a0\u00a0\u00a0\u00a0\u00a0\u00a0\u00a0\u00a0 Unknown<\/p>\n<p align=\"right\">\"The creativity often starts where language ends\"<\/p>\n<p align=\"right\">-\u00a0\u00a0\u00a0\u00a0\u00a0\u00a0\u00a0\u00a0\u00a0 Arthur Koesther<\/p>\n<p align=\"right\">\n<p align=\"center\">\\@\/|@#\u20ac\u00ac[{..........LEARN BY DOING...........}]\u00ac\u20ac#@|\\@\/<\/p>\n<p align=\"center\">POR FAVOR, SEGUIRME en:<\/p>\n<p align=\"center\"><span style=\"color: #ff99cc\"><a href=\"http:\/\/twitter.com\/vriofriodoc\">http:\/\/twitter.com\/vriofriodoc<\/a><\/span><\/p>\n<p align=\"center\"><span style=\"color: #ff99cc\"><a href=\"http:\/\/twitter.com\/vriofrio\">http:\/\/twitter.com\/vriofrio<\/a><\/span><\/p>\n<p align=\"center\">Para conocer las actividades de nuestros amigos y las m\u00edas propias s\u00edrvase acceder al sitio:<\/p>\n<p align=\"center\"><span style=\"color: #0000ff\"><a href=\"http:\/\/www.facebook.com\/vriofrio\">http:\/\/www.facebook.com\/vriofrio<\/a><\/span><\/p>\n<p align=\"center\"><span style=\"color: #0000ff\"><a href=\"..\/..\/..\/..\/..\/..\/vicenteriofrio\">OS ESPERAMOS<\/a><\/span><\/p>\n<p align=\"center\">PREGUNTAS, APORTES, SUGERENCIAS Y COMENTARIOS, POR FAVOR, HACERLOS\u00a0 LLEGAR V\u00cdA COMMENTS A ESTA ENTRADA.<\/p>\n<form id=\"vozme_form_3159fa63402ed8e23e0886d8bdf87fe3\" method=\"post\" name=\"vozme_form_3159fa63402ed8e23e0886d8bdf87fe3\" target=\"3159fa63402ed8e23e0886d8bdf87fe3\" action=\"http:\/\/vozme.com\/text2voice.php\"><input name=\"text\" type=\"hidden\" value=\"QU\u00cdMICA GENERAL I,P008, viernes 31 de julio de 2009. QU\u00cdMICA GENERAL I,P008, viernes 31 de julio de 2009\n\\@\/|@#\u20ac\u00ac[{..........LEARN BY DOING...........}]\u00ac\u20ac#@|\\@\/\nTemas Tratados:\nEquilibrio Qu\u00edmico\nLecci\u00f3n\u00a0 #5 sobre: Velocidad Media y Acci\u00f3n de Reacci\u00f3n\nTEMA PR\u00d3XIMA CLASE:\nConstante de Equilibrio (VER RESPONSABLES EN LA IMAGEN)\n[caption id=&quot;attachment_3898&quot; align=&quot;aligncenter&quot; width=&quot;434&quot; caption=&quot;Expositores de la clase del jueves 6.07.09&quot;][\/caption]\n\nEn el siguiente v\u00eddeo se puede apreciar la presentaci\u00f3n de la exposici\u00f3n sobre la expresi\u00f3n matem\u00e1tica para la constante de equilibrio a cargo de la Srta. Estrella Montero Cadena, estudiante de QG I, ESPOL, ICQA, p008 en el Campus Prosperina:\nhttp:\/\/www.youtube.com\/watch?v=XrcCGYruqsE\nDeber para la clase del jueves 06 de Agosto de 2009.\nLibro de Raymond Chang cap\u00edtulo 14.2 p\u00e1ginas 604 - 615\nLibro de Brown cap\u00edtulo 15.2 p\u00e1ginas 578 - 586\n\\@\/|@#\u20ac\u00ac[{..........LEARN BY DOING...........}]\u00ac\u20ac#@|\\@\/\nDescriptores de la clase:\n\nRESPONSABLES: TRAER SUS LIBRAS DE CHOCOLATES\nCesar Yallico, Andr\u00e9s Garc\u00eda, Marco Loayza, Lu\u00eds Molina, Joshua Mendieta, Edwin Becerra, Evelyn Calder\u00f3n, Efr\u00e9n Tenesaca, Mois\u00e9s Murillo, Carlos Freire, Alvaro Sandoya (2), Hugo Ponce, C\u00e9sar Madrid.\nLOS CHOCOLATES DISMINUYEN LA ENERGIA DE ACTIVACI\u00d3N PARA APRENDER\n\\@\/|@#\u20ac\u00ac[{..........LEARN BY DOING...........}]\u00ac\u20ac#@|\\@\/\n&quot;Persistence prevails, like a stream that is temporarily blocked by boulders and then collects force enough to overflow onward&quot;\n-\u00a0\u00a0\u00a0\u00a0\u00a0\u00a0\u00a0\u00a0\u00a0 Vernon Howard\n&quot;The hard way is the right way&quot;\n-\u00a0\u00a0\u00a0\u00a0\u00a0\u00a0\u00a0\u00a0\u00a0 Unknown\n&quot;The creativity often starts where language ends&quot;\n-\u00a0\u00a0\u00a0\u00a0\u00a0\u00a0\u00a0\u00a0\u00a0 Arthur Koesther\n\n\\@\/|@#\u20ac\u00ac[{..........LEARN BY DOING...........}]\u00ac\u20ac#@|\\@\/\nPOR FAVOR, SEGUIRME en:\nhttp:\/\/twitter.com\/vriofriodoc\nhttp:\/\/twitter.com\/vriofrio\nPara conocer las actividades de nuestros amigos y las m\u00edas propias s\u00edrvase acceder al sitio:\nhttp:\/\/www.facebook.com\/vriofrio\nOS ESPERAMOS\nPREGUNTAS, APORTES, SUGERENCIAS Y COMENTARIOS, POR FAVOR, HACERLOS\u00a0 LLEGAR V\u00cdA COMMENTS A ESTA ENTRADA.\n\" \/><input name=\"lang\" type=\"hidden\" value=\"es\" \/><input name=\"gn\" type=\"hidden\" value=\"ml\" \/><input type=\"hidden\" id=\"interface\" name=\"interface\" value=\"full\" \/>\n\t\t\t<div style=\"margin-left:40%;\">\n\t\t\t\n\t\t\t\t<input style=\"float:left;\" type=\"image\" width=\"40\" height=\"40\" src=\"http:\/\/blog.espol.edu.ec\/vicenteriofrio\/wp-content\/plugins\/vozme\/img\/megaphone40x40w.gif\" alt=\"Escucha este post\" onclick=\"window.open('', '3159fa63402ed8e23e0886d8bdf87fe3', 'width=600,height=370,scrollbars=yes,location=yes,menubar=yes,resizable=yes,status=yes,toolbar=yes');\">\n\t\t\t\t<div style=\"margin-left:48px; text-align:left;\"><a style=\"font-size:12px;\" href=\"javascript:void(0);\" onclick=\"window.open('', '3159fa63402ed8e23e0886d8bdf87fe3', 'width=600,height=370,scrollbars=yes,location=yes,menubar=yes,resizable=yes,status=yes,toolbar=yes'); document.getElementById('vozme_form_3159fa63402ed8e23e0886d8bdf87fe3').submit();\">Escucha<br\/>este post<\/a><\/div>\n\t\t\t<\/div><\/form>","protected":false},"excerpt":{"rendered":"<p>QU\u00cdMICA GENERAL I,P008, viernes 31 de julio de 2009 \\@\/|@#\u20ac\u00ac[{..........LEARN BY DOING...........}]\u00ac\u20ac#@|\\@\/ Temas Tratados: Equilibrio Qu\u00edmico Lecci\u00f3n\u00a0 #5 sobre: Velocidad Media y Acci\u00f3n de Reacci\u00f3n TEMA PR\u00d3XIMA CLASE: Constante de Equilibrio (VER RESPONSABLES EN LA IMAGEN) En el siguiente v\u00eddeo se puede apreciar la presentaci\u00f3n de la exposici\u00f3n sobre la expresi\u00f3n matem\u00e1tica para la constante [&hellip;]<\/p>\n","protected":false},"author":194,"featured_media":0,"comment_status":"open","ping_status":"open","sticky":false,"template":"","format":"standard","meta":{"_monsterinsights_skip_tracking":false,"_monsterinsights_sitenote_active":false,"_monsterinsights_sitenote_note":"","_monsterinsights_sitenote_category":0,"footnotes":""},"categories":[6450],"tags":[2358,9643,6673,8997,7257,6696,9642,9638,5072,9637,8062,6470,6505,7255,9757,10079,6494,2831,8069,9762,1220732,1059,8992,1058,2835,1824,10078,9838,1032,10106,9640,10076,1832,2086,2112,10075,9837,6694,6472,10105,9761,9764,9763,6834,10080,1193,10077,9038,1057,10073,10074,10081],"class_list":["post-3881","post","type-post","status-publish","format-standard","hentry","category-quimica-general-i-p008-mayo-2009","tag-alegre","tag-alejandro-salinas","tag-alvaro-sandoya","tag-amena","tag-andrea-romero","tag-andres-garcia","tag-andrew-villon","tag-armando-penafiel","tag-brown","tag-bruno-rigo","tag-carlos-freire","tag-cesar-madrid","tag-cesar-yallico","tag-claudia-cazanas","tag-constructiva","tag-cristian-jativa","tag-diana-flor","tag-dinamica","tag-edwin-becerra","tag-efren-tenesaca","tag-emprendimiento","tag-emprendimiento-para-aprender","tag-enrique-lopez","tag-ensenando-a-aprender","tag-entretenida","tag-escuela-superior-politecnica-del-litoral","tag-estrella-montero","tag-evelyn-calderon","tag-frases-celebres","tag-hector-borbor","tag-holguer-noriega","tag-hugo-ponce","tag-informativa","tag-instituto-de-ciencias-quimicas-y-ambientales","tag-interesante","tag-john-alves","tag-joshua-mendieta","tag-kerly-orozco","tag-kristell-aguilar","tag-luis-gonzaga-2","tag-luis-molina","tag-marco-loayza","tag-moises-murillo","tag-pablo-del-hierro","tag-pablo-layana","tag-quimica-la-ciencia-central","tag-quimica-novena-edicion","tag-raymond-chang","tag-responsables","tag-scott-adams","tag-vernon-howard","tag-victor-cunamela"],"_links":{"self":[{"href":"https:\/\/blog.espol.edu.ec\/vicenteriofrio\/wp-json\/wp\/v2\/posts\/3881","targetHints":{"allow":["GET"]}}],"collection":[{"href":"https:\/\/blog.espol.edu.ec\/vicenteriofrio\/wp-json\/wp\/v2\/posts"}],"about":[{"href":"https:\/\/blog.espol.edu.ec\/vicenteriofrio\/wp-json\/wp\/v2\/types\/post"}],"author":[{"embeddable":true,"href":"https:\/\/blog.espol.edu.ec\/vicenteriofrio\/wp-json\/wp\/v2\/users\/194"}],"replies":[{"embeddable":true,"href":"https:\/\/blog.espol.edu.ec\/vicenteriofrio\/wp-json\/wp\/v2\/comments?post=3881"}],"version-history":[{"count":13,"href":"https:\/\/blog.espol.edu.ec\/vicenteriofrio\/wp-json\/wp\/v2\/posts\/3881\/revisions"}],"predecessor-version":[{"id":3911,"href":"https:\/\/blog.espol.edu.ec\/vicenteriofrio\/wp-json\/wp\/v2\/posts\/3881\/revisions\/3911"}],"wp:attachment":[{"href":"https:\/\/blog.espol.edu.ec\/vicenteriofrio\/wp-json\/wp\/v2\/media?parent=3881"}],"wp:term":[{"taxonomy":"category","embeddable":true,"href":"https:\/\/blog.espol.edu.ec\/vicenteriofrio\/wp-json\/wp\/v2\/categories?post=3881"},{"taxonomy":"post_tag","embeddable":true,"href":"https:\/\/blog.espol.edu.ec\/vicenteriofrio\/wp-json\/wp\/v2\/tags?post=3881"}],"curies":[{"name":"wp","href":"https:\/\/api.w.org\/{rel}","templated":true}]}}