{"id":5551,"date":"2009-11-11T17:38:27","date_gmt":"2009-11-11T22:38:27","guid":{"rendered":"http:\/\/blog.espol.edu.ec\/vicenteriofrio\/?p=5551"},"modified":"2009-11-11T17:38:27","modified_gmt":"2009-11-11T22:38:27","slug":"crisis-energetica-en-espol-una-parte-es-energia-eolico-%e2%80%93-solar-tomado-del-diario-expreso-articulo-preparado-por-nelson-tubay-bermudez-20091111","status":"publish","type":"post","link":"https:\/\/blog.espol.edu.ec\/vicenteriofrio\/2009\/11\/11\/crisis-energetica-en-espol-una-parte-es-energia-eolico-%e2%80%93-solar-tomado-del-diario-expreso-articulo-preparado-por-nelson-tubay-bermudez-20091111\/","title":{"rendered":"CRISIS ENERG\u00c9TICA, EN ESPOL UNA PARTE ES ENERG\u00cdA E\u00d3LICO \u2013 SOLAR,  TOMADO DEL DIARIO EXPRESO, ART\u00cdCULO PREPARADO POR NELSON TUBAY BERM\u00daDEZ, 2009.11.11"},"content":{"rendered":"<p align=\"center\">\n<div id=\"attachment_5553\" style=\"width: 410px\" class=\"wp-caption aligncenter\"><a href=\"http:\/\/blog.espol.edu.ec\/vicenteriofrio\/files\/2009\/11\/14.jpg\"><img loading=\"lazy\" decoding=\"async\" aria-describedby=\"caption-attachment-5553\" class=\"size-full wp-image-5553\" src=\"http:\/\/blog.espol.edu.ec\/vicenteriofrio\/files\/2009\/11\/14.jpg\" alt=\"LEARN BY DOING\" width=\"400\" height=\"400\" srcset=\"https:\/\/blog.espol.edu.ec\/vicenteriofrio\/files\/2009\/11\/14.jpg 400w, https:\/\/blog.espol.edu.ec\/vicenteriofrio\/files\/2009\/11\/14-150x150.jpg 150w, https:\/\/blog.espol.edu.ec\/vicenteriofrio\/files\/2009\/11\/14-300x300.jpg 300w\" sizes=\"auto, (max-width: 400px) 100vw, 400px\" \/><\/a><p id=\"caption-attachment-5553\" class=\"wp-caption-text\">LEARN BY DOING<\/p><\/div>\n<p style=\"text-align: center\">CRISIS ENERG\u00c9TICA<\/p>\n<p align=\"center\">EN ESPOL UNA PARTE ES ENERG\u00cdA E\u00d3LICO - SOLAR<\/p>\n<p align=\"center\">NELSON TUBAY BERM\u00daDEZ (DIARIO EXPRESO)<\/p>\n<p align=\"center\">\n<div id=\"attachment_5554\" style=\"width: 430px\" class=\"wp-caption aligncenter\"><a href=\"http:\/\/blog.espol.edu.ec\/vicenteriofrio\/files\/2009\/11\/23.jpg\"><img loading=\"lazy\" decoding=\"async\" aria-describedby=\"caption-attachment-5554\" class=\"size-full wp-image-5554\" src=\"http:\/\/blog.espol.edu.ec\/vicenteriofrio\/files\/2009\/11\/23.jpg\" alt=\"CRISIS ENERG\u00c9TICA POR NELSON TURBAY, DIARIO ESPRESO\" width=\"420\" height=\"191\" srcset=\"https:\/\/blog.espol.edu.ec\/vicenteriofrio\/files\/2009\/11\/23.jpg 420w, https:\/\/blog.espol.edu.ec\/vicenteriofrio\/files\/2009\/11\/23-300x136.jpg 300w\" sizes=\"auto, (max-width: 420px) 100vw, 420px\" \/><\/a><p id=\"caption-attachment-5554\" class=\"wp-caption-text\">CRISIS ENERG\u00c9TICA POR NELSON TURBAY, DIARIO EXPRESO<\/p><\/div>\n<p style=\"text-align: center\">2009.11.11<\/p>\n<p align=\"center\">Tal como aparece en:<\/p>\n<p align=\"center\"><a href=\"http:\/\/www.diario-expreso.com\/ediciones\/2009\/11\/11\/actualidad\/en-espol-una-parte-es-energia-eolico-solar\/Default.asp\">http:\/\/www.diario-expreso.com\/ediciones\/2009\/11\/11\/actualidad\/en-espol-una-parte-es-energia-eolico-solar\/Default.asp<\/a><\/p>\n<p style=\"text-align: justify\">\"En las dependencias del rectorado de la ESPOL, los directivos, empleados y estudiantes \"no se han enterado\" de los racionamientos de energ\u00eda el\u00e9ctrica. Desde el 12 de octubre pasado, casi un mes antes de que empezaran los apagones y los cortes de luz en el pa\u00eds, toda esa \u00e1rea utiliza ya la energ\u00eda que produce un sistema h\u00edbrido e\u00f3lico-solar.<\/p>\n<p style=\"text-align: justify\">Este sistema es parte de un megaproyecto de la ESPOL que en tres a\u00f1os prev\u00e9 aportar un megavatio de energ\u00eda, esto es, el doble de lo que requiere todo el campus Prosperina, seg\u00fan indic\u00f3 el director del programa y catedr\u00e1tico de la Facultad de Ingenier\u00eda Mec\u00e1nica y Ciencias de la Tierra, Marco Pazmi\u00f1o.<\/p>\n<p style=\"text-align: justify\">Ese proyecto estar\u00e1 a cargo del Centro de Energ\u00edas Renovables y Alternativas (CERA), que a la vez ser\u00e1 parte del Parque del Conocimiento que construye la ESPOL en sus predios.<\/p>\n<p style=\"text-align: justify\">En tanto, la fase inicial que ya est\u00e1 funcionando tiene una capacidad instalada de m\u00e1s de 4 kilovatios\/hora, lo que hasta el momento ha sido suficiente para cubrir el promedio de 12 kilovatios que el \u00e1rea del rectorado consume al d\u00eda.<\/p>\n<p style=\"text-align: justify\">El sistema cuenta con un molino de viento y cuatro paneles solares instalados sobre el edificio, adem\u00e1s de un tablero de control para regular y transformar la energ\u00eda; grandes bater\u00edas para almacenarla y un equipo para distribuirla y enviarla al sistema el\u00e9ctrico del rectorado. (Ver gr\u00e1fico)<\/p>\n<p style=\"text-align: justify\">\n<div id=\"attachment_5555\" style=\"width: 410px\" class=\"wp-caption aligncenter\"><a href=\"http:\/\/blog.espol.edu.ec\/vicenteriofrio\/files\/2009\/11\/32.jpg\"><img loading=\"lazy\" decoding=\"async\" aria-describedby=\"caption-attachment-5555\" class=\"size-full wp-image-5555\" src=\"http:\/\/blog.espol.edu.ec\/vicenteriofrio\/files\/2009\/11\/32.jpg\" alt=\"INFOGRAF\u00cdA DEL LA ALIMENTACI\u00d3N CON ENERG\u00cdA ALTERNATIVA\" width=\"400\" height=\"254\" srcset=\"https:\/\/blog.espol.edu.ec\/vicenteriofrio\/files\/2009\/11\/32.jpg 400w, https:\/\/blog.espol.edu.ec\/vicenteriofrio\/files\/2009\/11\/32-300x190.jpg 300w\" sizes=\"auto, (max-width: 400px) 100vw, 400px\" \/><\/a><p id=\"caption-attachment-5555\" class=\"wp-caption-text\">INFOGRAF\u00cdA DE LA ALIMENTACI\u00d3N AL RECTORADO DE LA ESPOL CON ENERG\u00cdA ALTERNATIVA<\/p><\/div>\n<p>Pazmi\u00f1o explica que no se requiere de fuertes vientos ni d\u00edas soleados, pues incluso en momentos de cielo nublado y ambiente poco ventoso como el de la ma\u00f1ana de ayer, los paneles y el molino captan energ\u00eda.<\/p>\n<p style=\"text-align: justify\">El catedr\u00e1tico reitera que el sistema fue anterior a los cortes, aunque su objetivo final a largo plazo s\u00ed es suplir la energ\u00eda el\u00e9ctrica en el campus. E incluso, aportar tambi\u00e9n al Sistema Nacional Interconectado.<\/p>\n<p style=\"text-align: justify\">Pero aclara que si bien la e\u00f3lica y solar son reconocidas actualmente en el mundo como las m\u00e1s limpias, baratas y no contaminantes fuentes de energ\u00eda renovables, su instalaci\u00f3n no es r\u00e1pida ni sencilla.<\/p>\n<p style=\"text-align: justify\">\"Tampoco es que por los apagones alguien puede venir y decir aqu\u00ed tengo 10.000 d\u00f3lares para un sistema as\u00ed. No es que usted va a una tienda y all\u00ed est\u00e1n los generadores, no es as\u00ed, esto requiere planificaci\u00f3n. No es que se puede hacer de la noche a la ma\u00f1ana\", acota.<\/p>\n<p style=\"text-align: justify\">\n<div id=\"attachment_5556\" style=\"width: 410px\" class=\"wp-caption aligncenter\"><a href=\"http:\/\/blog.espol.edu.ec\/vicenteriofrio\/files\/2009\/11\/41.jpg\"><img loading=\"lazy\" decoding=\"async\" aria-describedby=\"caption-attachment-5556\" class=\"size-full wp-image-5556\" src=\"http:\/\/blog.espol.edu.ec\/vicenteriofrio\/files\/2009\/11\/41.jpg\" alt=\"RUB\u00c9N HIDALGO Y MARCO PAZMI\u00d1O\" width=\"400\" height=\"371\" srcset=\"https:\/\/blog.espol.edu.ec\/vicenteriofrio\/files\/2009\/11\/41.jpg 400w, https:\/\/blog.espol.edu.ec\/vicenteriofrio\/files\/2009\/11\/41-300x278.jpg 300w\" sizes=\"auto, (max-width: 400px) 100vw, 400px\" \/><\/a><p id=\"caption-attachment-5556\" class=\"wp-caption-text\">RUB\u00c9N HIDALGO Y MARCO PAZMI\u00d1O<\/p><\/div>\n<p>Uno de los inconvenientes es que parte de los componentes, como los molinos y paneles solares, no se construyen en el pa\u00eds. La ESPOL import\u00f3 los dos respectivos equipos de Espa\u00f1a y Alemania, en su orden.<\/p>\n<p style=\"text-align: justify\">Y otra causa es que debido a la tendencia mundial de buscar fuentes de energ\u00eda renovable, los fabricantes y proveedores tardan en entregarlos.<\/p>\n<p style=\"text-align: justify\">Como ejemplo, cit\u00f3 que el megaproyecto de la ESPOL incluye un molino gigante de 80 metros de alto -similar a un edificio de 20 pisos- que ya ha sido pedido pero cuya fabricaci\u00f3n y entrega tomar\u00e1 dos a\u00f1os.<\/p>\n<p style=\"text-align: justify\">En el proyecto, el molino estar\u00e1 situado junto al futuro edificio del CERA, un centro de investigaci\u00f3n que dentro del Parque del Conocimiento comprender\u00e1 2,5 hect\u00e1reas y un \u00e1rea de implantaci\u00f3n de aproximadamente 1.000 metros.<\/p>\n<p style=\"text-align: justify\">El edificio, de cinco pisos, se construir\u00e1 en la parte m\u00e1s alta del terreno para aprovechar el sol y los vientos. En la terraza se instalar\u00e1n los equipos, colectores t\u00e9rmicos y fotovoltaicos. El costo estimado del proyecto es de 3 millones de d\u00f3lares.<\/p>\n<p style=\"text-align: justify\">Sin embargo, pese a los citados factores que impiden un proceso r\u00e1pido de instalaci\u00f3n, Pazmi\u00f1o insiste en que el pa\u00eds tambi\u00e9n debe apuntar a la b\u00fasqueda e implantaci\u00f3n de fuentes de energ\u00eda alternativas.<\/p>\n<p>Y en estos d\u00edas, las personas que laboran en el rectorado sin duda corroboran su opini\u00f3n.\"<\/p>\n<p align=\"center\">\n<div id=\"attachment_5557\" style=\"width: 410px\" class=\"wp-caption aligncenter\"><a href=\"http:\/\/blog.espol.edu.ec\/vicenteriofrio\/files\/2009\/11\/51.jpg\"><img loading=\"lazy\" decoding=\"async\" aria-describedby=\"caption-attachment-5557\" class=\"size-full wp-image-5557\" src=\"http:\/\/blog.espol.edu.ec\/vicenteriofrio\/files\/2009\/11\/51.jpg\" alt=\"APRENDER HACIENDO\" width=\"400\" height=\"453\" srcset=\"https:\/\/blog.espol.edu.ec\/vicenteriofrio\/files\/2009\/11\/51.jpg 400w, https:\/\/blog.espol.edu.ec\/vicenteriofrio\/files\/2009\/11\/51-264x300.jpg 264w\" sizes=\"auto, (max-width: 400px) 100vw, 400px\" \/><\/a><p id=\"caption-attachment-5557\" class=\"wp-caption-text\">APRENDER HACIENDO<\/p><\/div>\n<p>Las im\u00e1genes y videos pueden ser descargadas (download) totalmente gratis (free) por este medio para su difusi\u00f3n.<\/p>\n<p align=\"center\">POR FAVOR, SEGUIRME en:<\/p>\n<p align=\"center\"><a href=\"http:\/\/twitter.com\/vriofriodoc\">http:\/\/twitter.com\/vriofriodoc<\/a><\/p>\n<p align=\"center\"><a href=\"http:\/\/twitter.com\/vriofrio\">http:\/\/twitter.com\/vriofrio<\/a><\/p>\n<p align=\"center\"><a href=\"http:\/\/twitter.com\/espol\">http:\/\/twitter.com\/espol<\/a><\/p>\n<p align=\"center\">Para conocer las actividades de nuestros amigos y las m\u00edas propias s\u00edrvase acceder al sitio:<\/p>\n<p align=\"center\"><a href=\"http:\/\/www.facebook.com\/vriofrio\">http:\/\/www.facebook.com\/vriofrio<\/a><\/p>\n<p align=\"center\"><a href=\"..\/..\/..\/..\/..\/..\/vicenteriofrio\">OS ESPERAMOS<\/a><\/p>\n<p align=\"center\">PREGUNTAS, APORTES, SUGERENCIAS Y COMENTARIOS, POR FAVOR, HACERLOS\u00a0 LLEGAR V\u00cdA COMMENTS A ESTA ENTRADA.<\/p>\n<form id=\"vozme_form_cbfc56fd6a4f1ff4f8530d3cb8b718f4\" method=\"post\" name=\"vozme_form_cbfc56fd6a4f1ff4f8530d3cb8b718f4\" target=\"cbfc56fd6a4f1ff4f8530d3cb8b718f4\" action=\"http:\/\/vozme.com\/text2voice.php\"><input name=\"text\" type=\"hidden\" value=\"CRISIS ENERG\u00c9TICA, EN ESPOL UNA PARTE ES ENERG\u00cdA E\u00d3LICO \u2013 SOLAR,  TOMADO DEL DIARIO EXPRESO, ART\u00cdCULO PREPARADO POR NELSON TUBAY BERM\u00daDEZ, 2009.11.11. \n[caption id=&quot;attachment_5553&quot; align=&quot;aligncenter&quot; width=&quot;400&quot; caption=&quot;LEARN BY DOING&quot;][\/caption]\nCRISIS ENERG\u00c9TICA\nEN ESPOL UNA PARTE ES ENERG\u00cdA E\u00d3LICO - SOLAR\nNELSON TUBAY BERM\u00daDEZ (DIARIO EXPRESO)\n\n[caption id=&quot;attachment_5554&quot; align=&quot;aligncenter&quot; width=&quot;420&quot; caption=&quot;CRISIS ENERG\u00c9TICA POR NELSON TURBAY, DIARIO EXPRESO&quot;][\/caption]\n2009.11.11\nTal como aparece en:\nhttp:\/\/www.diario-expreso.com\/ediciones\/2009\/11\/11\/actualidad\/en-espol-una-parte-es-energia-eolico-solar\/Default.asp\n&quot;En las dependencias del rectorado de la ESPOL, los directivos, empleados y estudiantes &quot;no se han enterado&quot; de los racionamientos de energ\u00eda el\u00e9ctrica. Desde el 12 de octubre pasado, casi un mes antes de que empezaran los apagones y los cortes de luz en el pa\u00eds, toda esa \u00e1rea utiliza ya la energ\u00eda que produce un sistema h\u00edbrido e\u00f3lico-solar.\nEste sistema es parte de un megaproyecto de la ESPOL que en tres a\u00f1os prev\u00e9 aportar un megavatio de energ\u00eda, esto es, el doble de lo que requiere todo el campus Prosperina, seg\u00fan indic\u00f3 el director del programa y catedr\u00e1tico de la Facultad de Ingenier\u00eda Mec\u00e1nica y Ciencias de la Tierra, Marco Pazmi\u00f1o.\nEse proyecto estar\u00e1 a cargo del Centro de Energ\u00edas Renovables y Alternativas (CERA), que a la vez ser\u00e1 parte del Parque del Conocimiento que construye la ESPOL en sus predios.\nEn tanto, la fase inicial que ya est\u00e1 funcionando tiene una capacidad instalada de m\u00e1s de 4 kilovatios\/hora, lo que hasta el momento ha sido suficiente para cubrir el promedio de 12 kilovatios que el \u00e1rea del rectorado consume al d\u00eda.\nEl sistema cuenta con un molino de viento y cuatro paneles solares instalados sobre el edificio, adem\u00e1s de un tablero de control para regular y transformar la energ\u00eda; grandes bater\u00edas para almacenarla y un equipo para distribuirla y enviarla al sistema el\u00e9ctrico del rectorado. (Ver gr\u00e1fico)\n\n[caption id=&quot;attachment_5555&quot; align=&quot;aligncenter&quot; width=&quot;400&quot; caption=&quot;INFOGRAF\u00cdA DE LA ALIMENTACI\u00d3N AL RECTORADO DE LA ESPOL CON ENERG\u00cdA ALTERNATIVA&quot;][\/caption]\nPazmi\u00f1o explica que no se requiere de fuertes vientos ni d\u00edas soleados, pues incluso en momentos de cielo nublado y ambiente poco ventoso como el de la ma\u00f1ana de ayer, los paneles y el molino captan energ\u00eda.\nEl catedr\u00e1tico reitera que el sistema fue anterior a los cortes, aunque su objetivo final a largo plazo s\u00ed es suplir la energ\u00eda el\u00e9ctrica en el campus. E incluso, aportar tambi\u00e9n al Sistema Nacional Interconectado.\nPero aclara que si bien la e\u00f3lica y solar son reconocidas actualmente en el mundo como las m\u00e1s limpias, baratas y no contaminantes fuentes de energ\u00eda renovables, su instalaci\u00f3n no es r\u00e1pida ni sencilla.\n&quot;Tampoco es que por los apagones alguien puede venir y decir aqu\u00ed tengo 10.000 d\u00f3lares para un sistema as\u00ed. No es que usted va a una tienda y all\u00ed est\u00e1n los generadores, no es as\u00ed, esto requiere planificaci\u00f3n. No es que se puede hacer de la noche a la ma\u00f1ana&quot;, acota.\n\n[caption id=&quot;attachment_5556&quot; align=&quot;aligncenter&quot; width=&quot;400&quot; caption=&quot;RUB\u00c9N HIDALGO Y MARCO PAZMI\u00d1O&quot;][\/caption]\nUno de los inconvenientes es que parte de los componentes, como los molinos y paneles solares, no se construyen en el pa\u00eds. La ESPOL import\u00f3 los dos respectivos equipos de Espa\u00f1a y Alemania, en su orden.\nY otra causa es que debido a la tendencia mundial de buscar fuentes de energ\u00eda renovable, los fabricantes y proveedores tardan en entregarlos.\nComo ejemplo, cit\u00f3 que el megaproyecto de la ESPOL incluye un molino gigante de 80 metros de alto -similar a un edificio de 20 pisos- que ya ha sido pedido pero cuya fabricaci\u00f3n y entrega tomar\u00e1 dos a\u00f1os.\nEn el proyecto, el molino estar\u00e1 situado junto al futuro edificio del CERA, un centro de investigaci\u00f3n que dentro del Parque del Conocimiento comprender\u00e1 2,5 hect\u00e1reas y un \u00e1rea de implantaci\u00f3n de aproximadamente 1.000 metros.\nEl edificio, de cinco pisos, se construir\u00e1 en la parte m\u00e1s alta del terreno para aprovechar el sol y los vientos. En la terraza se instalar\u00e1n los equipos, colectores t\u00e9rmicos y fotovoltaicos. El costo estimado del proyecto es de 3 millones de d\u00f3lares.\nSin embargo, pese a los citados factores que impiden un proceso r\u00e1pido de instalaci\u00f3n, Pazmi\u00f1o insiste en que el pa\u00eds tambi\u00e9n debe apuntar a la b\u00fasqueda e implantaci\u00f3n de fuentes de energ\u00eda alternativas.\nY en estos d\u00edas, las personas que laboran en el rectorado sin duda corroboran su opini\u00f3n.&quot;\n\n[caption id=&quot;attachment_5557&quot; align=&quot;aligncenter&quot; width=&quot;400&quot; caption=&quot;APRENDER HACIENDO&quot;][\/caption]\nLas im\u00e1genes y videos pueden ser descargadas (download) totalmente gratis (free) por este medio para su difusi\u00f3n.\nPOR FAVOR, SEGUIRME en:\nhttp:\/\/twitter.com\/vriofriodoc\nhttp:\/\/twitter.com\/vriofrio\nhttp:\/\/twitter.com\/espol\nPara conocer las actividades de nuestros amigos y las m\u00edas propias s\u00edrvase acceder al sitio:\nhttp:\/\/www.facebook.com\/vriofrio\nOS ESPERAMOS\nPREGUNTAS, APORTES, SUGERENCIAS Y COMENTARIOS, POR FAVOR, HACERLOS\u00a0 LLEGAR V\u00cdA COMMENTS A ESTA ENTRADA.\n\" \/><input name=\"lang\" type=\"hidden\" value=\"es\" \/><input name=\"gn\" type=\"hidden\" value=\"ml\" \/><input type=\"hidden\" id=\"interface\" name=\"interface\" value=\"full\" \/>\n\t\t\t<div style=\"margin-left:40%;\">\n\t\t\t\n\t\t\t\t<input style=\"float:left;\" type=\"image\" width=\"40\" height=\"40\" src=\"http:\/\/blog.espol.edu.ec\/vicenteriofrio\/wp-content\/plugins\/vozme\/img\/megaphone40x40w.gif\" alt=\"Escucha este post\" onclick=\"window.open('', 'cbfc56fd6a4f1ff4f8530d3cb8b718f4', 'width=600,height=370,scrollbars=yes,location=yes,menubar=yes,resizable=yes,status=yes,toolbar=yes');\">\n\t\t\t\t<div style=\"margin-left:48px; text-align:left;\"><a style=\"font-size:12px;\" href=\"javascript:void(0);\" onclick=\"window.open('', 'cbfc56fd6a4f1ff4f8530d3cb8b718f4', 'width=600,height=370,scrollbars=yes,location=yes,menubar=yes,resizable=yes,status=yes,toolbar=yes'); document.getElementById('vozme_form_cbfc56fd6a4f1ff4f8530d3cb8b718f4').submit();\">Escucha<br\/>este post<\/a><\/div>\n\t\t\t<\/div><\/form>","protected":false},"excerpt":{"rendered":"<p>CRISIS ENERG\u00c9TICA EN ESPOL UNA PARTE ES ENERG\u00cdA E\u00d3LICO - SOLAR NELSON TUBAY BERM\u00daDEZ (DIARIO EXPRESO) 2009.11.11 Tal como aparece en: http:\/\/www.diario-expreso.com\/ediciones\/2009\/11\/11\/actualidad\/en-espol-una-parte-es-energia-eolico-solar\/Default.asp \"En las dependencias del rectorado de la ESPOL, los directivos, empleados y estudiantes \"no se han enterado\" de los racionamientos de energ\u00eda el\u00e9ctrica. Desde el 12 de octubre pasado, casi un mes antes [&hellip;]<\/p>\n","protected":false},"author":194,"featured_media":0,"comment_status":"open","ping_status":"open","sticky":false,"template":"","format":"standard","meta":{"_monsterinsights_skip_tracking":false,"_monsterinsights_sitenote_active":false,"_monsterinsights_sitenote_note":"","_monsterinsights_sitenote_category":0,"footnotes":""},"categories":[3238],"tags":[12011,3983,6097,13072,3739,4228,9510,11910,70,1059,1058,6,2280,980,2537,2542,259,976,13071,13075,9331,13073,12572,13074,1057,12424,1347,3967,1194],"class_list":["post-5551","post","type-post","status-publish","format-standard","hentry","category-1-miscelaneas","tag-adriana-jimenez-a","tag-aprender-haciendo","tag-campus-gustavo-galindo","tag-centro-de-energias-renovables-y-alternativas-cera","tag-crisis-energetica","tag-descargar","tag-diario-expreso","tag-download","tag-ecuador","tag-emprendimiento-para-aprender","tag-ensenando-a-aprender","tag-espol","tag-facebook","tag-formacion-lideres","tag-free","tag-gratis","tag-guayaquil","tag-icqa","tag-ing-marco-pazmino","tag-ing-ruben-hidalgo","tag-learn-by-doing","tag-molino-de-viento","tag-nelson-tubay-bermudez","tag-panel-solar","tag-responsables","tag-sirviendo-a-la-comunidad","tag-twitter","tag-vicente-riofrio","tag-vinculos-con-la-comunidad"],"_links":{"self":[{"href":"https:\/\/blog.espol.edu.ec\/vicenteriofrio\/wp-json\/wp\/v2\/posts\/5551","targetHints":{"allow":["GET"]}}],"collection":[{"href":"https:\/\/blog.espol.edu.ec\/vicenteriofrio\/wp-json\/wp\/v2\/posts"}],"about":[{"href":"https:\/\/blog.espol.edu.ec\/vicenteriofrio\/wp-json\/wp\/v2\/types\/post"}],"author":[{"embeddable":true,"href":"https:\/\/blog.espol.edu.ec\/vicenteriofrio\/wp-json\/wp\/v2\/users\/194"}],"replies":[{"embeddable":true,"href":"https:\/\/blog.espol.edu.ec\/vicenteriofrio\/wp-json\/wp\/v2\/comments?post=5551"}],"version-history":[{"count":7,"href":"https:\/\/blog.espol.edu.ec\/vicenteriofrio\/wp-json\/wp\/v2\/posts\/5551\/revisions"}],"predecessor-version":[{"id":5563,"href":"https:\/\/blog.espol.edu.ec\/vicenteriofrio\/wp-json\/wp\/v2\/posts\/5551\/revisions\/5563"}],"wp:attachment":[{"href":"https:\/\/blog.espol.edu.ec\/vicenteriofrio\/wp-json\/wp\/v2\/media?parent=5551"}],"wp:term":[{"taxonomy":"category","embeddable":true,"href":"https:\/\/blog.espol.edu.ec\/vicenteriofrio\/wp-json\/wp\/v2\/categories?post=5551"},{"taxonomy":"post_tag","embeddable":true,"href":"https:\/\/blog.espol.edu.ec\/vicenteriofrio\/wp-json\/wp\/v2\/tags?post=5551"}],"curies":[{"name":"wp","href":"https:\/\/api.w.org\/{rel}","templated":true}]}}