{"id":5909,"date":"2009-12-01T09:02:28","date_gmt":"2009-12-01T14:02:28","guid":{"rendered":"http:\/\/blog.espol.edu.ec\/vicenteriofrio\/?p=5909"},"modified":"2009-12-16T08:18:42","modified_gmt":"2009-12-16T13:18:42","slug":"un-ano-atras-espol-icqa-20091201","status":"publish","type":"post","link":"https:\/\/blog.espol.edu.ec\/vicenteriofrio\/2009\/12\/01\/un-ano-atras-espol-icqa-20091201\/","title":{"rendered":"UN A\u00d1O ATR\u00c1S, ESPOL, ICQA, 2009.12.01"},"content":{"rendered":"<p style=\"text-align: center\">\n<div id=\"attachment_5910\" style=\"width: 452px\" class=\"wp-caption aligncenter\"><a href=\"http:\/\/blog.espol.edu.ec\/vicenteriofrio\/files\/2009\/11\/116.jpg\"><img loading=\"lazy\" decoding=\"async\" aria-describedby=\"caption-attachment-5910\" class=\"size-full wp-image-5910\" src=\"http:\/\/blog.espol.edu.ec\/vicenteriofrio\/files\/2009\/11\/116.jpg\" alt=\"UN A\u00d1O ATR\u00c1S\" width=\"442\" height=\"442\" srcset=\"https:\/\/blog.espol.edu.ec\/vicenteriofrio\/files\/2009\/11\/116.jpg 442w, https:\/\/blog.espol.edu.ec\/vicenteriofrio\/files\/2009\/11\/116-150x150.jpg 150w, https:\/\/blog.espol.edu.ec\/vicenteriofrio\/files\/2009\/11\/116-300x300.jpg 300w\" sizes=\"auto, (max-width: 442px) 100vw, 442px\" \/><\/a><p id=\"caption-attachment-5910\" class=\"wp-caption-text\">UN A\u00d1O ATR\u00c1S<\/p><\/div>\n<p align=\"center\"><a href=\"http:\/\/www.icqa.espol.edu.ec\/\">ICQA<\/a> -\u00a0 <a href=\"http:\/\/www.espol.edu.ec\/\">ESPOL<\/a><\/p>\n<p>Un D\u00eda como hoy, hace un a\u00f1o atr\u00e1s publicamos la siguiente entrada:<\/p>\n<p align=\"center\">\u00bfTALENTO? \u00bfDINERO? \u00bfTALENTO Y DINERO?<\/p>\n<p align=\"center\"><a href=\"..\/..\/..\/..\/..\/2008\/12\/02\/%C2%BFtalento-%C2%BFdinero-%C2%BFtalento-y-dinero\/\">http:\/\/blog.espol.edu.ec\/vicenteriofrio\/2008\/12\/02\/%C2%BFtalento-%C2%BFdinero-%C2%BFtalento-y-dinero\/<\/a><\/p>\n<p style=\"text-align: justify\">Los invitamos a ser parte de nuestro blog y sacar el mayor provecho a la informaci\u00f3n proporcionada un a\u00f1o atr\u00e1s la misma que aun tiene validez.<\/p>\n<p style=\"text-align: justify\">Las entradas del mes de Diciembre 2008, mes en el que con esfuerzo y dedicaci\u00f3n fuimos alimentando este espacio, pueden ser visualizadas mediante los siguientes\u00a0 links.<\/p>\n<p style=\"text-align: justify\">Nos gustar\u00eda conocer su comentario y nos detallen que temas le gustar\u00eda que abordemos.<\/p>\n<p align=\"center\">\n<p align=\"center\">FECHA: 2008.12.04<\/p>\n<p align=\"center\">LA ENTREVISTA AL Ph. D. JORGE CALDER\u00d3N VEL\u00c1SQUEZ DIRECTOR DEL CICYT \/ 03 12 08<\/p>\n<p align=\"center\"><a href=\"..\/..\/..\/..\/..\/2008\/12\/04\/\">http:\/\/blog.espol.edu.ec\/vicenteriofrio\/2008\/12\/04\/<\/a><\/p>\n<p align=\"center\">\n<p align=\"center\">FECHA: 2008.12.06<\/p>\n<p align=\"center\">H\u00c9ROES EN LA ESPOL!!!<\/p>\n<p align=\"center\"><a href=\"..\/..\/..\/..\/..\/2008\/12\/06\/\">http:\/\/blog.espol.edu.ec\/vicenteriofrio\/2008\/12\/06\/<\/a><\/p>\n<p align=\"center\">\n<p align=\"center\">FECHA: 2008.12.07<\/p>\n<p align=\"center\">PARCHES A LA LECTURA (DESAF\u00cdO #2)<\/p>\n<p align=\"center\"><a href=\"..\/..\/..\/..\/..\/2008\/12\/07\/\">http:\/\/blog.espol.edu.ec\/vicenteriofrio\/2008\/12\/07\/<\/a><\/p>\n<p align=\"center\">\n<p align=\"center\">FECHA: 2008.12.08<\/p>\n<p align=\"center\">OBRA \"EL DESARROLLO DE LA INVESTIGACI\u00d3N EN LA ESPOL\" AUTORES P. CARRI\u00d3N M. y M. TACLE G. 2008<\/p>\n<p align=\"center\"><a href=\"..\/..\/..\/..\/..\/2008\/12\/08\/\">http:\/\/blog.espol.edu.ec\/vicenteriofrio\/2008\/12\/08\/<\/a><\/p>\n<p align=\"center\">\n<p align=\"center\">FECHA: 2008.12.12<\/p>\n<p align=\"center\">ENTREVISTA AL Ms. Sc. CARLOS TEODORO MONSALVE ARTEAGA, DOCENTE DE LA FIEC, 11 \/ 12 \/ 08<\/p>\n<p align=\"center\"><a href=\"..\/..\/..\/..\/..\/2008\/12\/12\/\">http:\/\/blog.espol.edu.ec\/vicenteriofrio\/2008\/12\/12\/<\/a><\/p>\n<p align=\"center\">\n<p align=\"center\">FECHA: 2008.12.16<\/p>\n<p align=\"center\">Charla acad\u00e9mica del Dr. Pa\u00fal Carri\u00f3n M. a los alumnos del curso de Ciencia e Investigaci\u00f3n \/ P001\/ ICM \/ 15 Diciembre de 2008<\/p>\n<p align=\"center\"><a href=\"..\/..\/..\/..\/..\/2008\/12\/16\/charla-academica-del-dr-paul-carrion-m-a-los-alumnos-del-curso-de-ciencia-e-investigacion-p001-icm-15-diciembre-de-2008\/\">http:\/\/blog.espol.edu.ec\/vicenteriofrio\/2008\/12\/16\/charla-academica-del-dr-paul-carrion-m-a-los-alumnos-del-curso-de-ciencia-e-investigacion-p001-icm-15-diciembre-de-2008\/<\/a><\/p>\n<p align=\"center\">\n<p align=\"center\">FECHA: 2008.12.16<\/p>\n<p align=\"center\">\"ALGUNAS CARACTER\u00cdSTICAS DEL SISTEMA DE EDUCACI\u00d3N SUPERIOR EN LA FORMACI\u00d3N DE PROFESIONALES T\u00c9CNICOS DE ALTA CALIFICACI\u00d3N DE LA REP\u00daBLICA DE CUBA\"<\/p>\n<p align=\"center\"><a href=\"..\/..\/..\/..\/..\/2008\/12\/16\/algunas-caracteristicas-del-sistema-de-educacion-superior-en-la-formacion-de-profesionales-tecnicos-de-alta-calificacion-de-la-republica-de-cuba\/\">http:\/\/blog.espol.edu.ec\/vicenteriofrio\/2008\/12\/16\/algunas-caracteristicas-del-sistema-de-educacion-superior-en-la-formacion-de-profesionales-tecnicos-de-alta-calificacion-de-la-republica-de-cuba\/<\/a><\/p>\n<p align=\"center\">\n<p align=\"center\">FECHA: 2008.12.19<\/p>\n<p align=\"center\">ENTREVISTA AL ING. GUIDO CAICEDO ROSSI \/ DIRECTOR del CEEMP \/ 10 DE DICIEMBRE DE 2008<\/p>\n<p align=\"center\"><a href=\"..\/..\/..\/..\/..\/2008\/12\/19\/\">http:\/\/blog.espol.edu.ec\/vicenteriofrio\/2008\/12\/19\/<\/a><\/p>\n<p align=\"center\">\n<p align=\"center\">FECHA: 2008.12.21<\/p>\n<p align=\"center\">FELIZ NAVIDAD Y ENV\u00cdO MIS MEJORES DESEOS PARA EL A\u00d1O 2009*<\/p>\n<p align=\"center\"><a href=\"..\/..\/..\/..\/..\/2008\/12\/21\/\">http:\/\/blog.espol.edu.ec\/vicenteriofrio\/2008\/12\/21\/<\/a><\/p>\n<p align=\"center\">\n<p align=\"center\">FECHA: 2008.12.22<\/p>\n<p align=\"center\">\"ALGUNAS CARACTERISTICAS DEL SISTEMA DE EDUCACI\u00d3N SUPERIOR EN LA FORMACI\u00d3N DE PROFESIONALES T\u00c9CNICOS DE ALTA CALIFICACION EN LA REP\u00daBLICA DE CUBA\"<\/p>\n<p align=\"center\"><a href=\"..\/..\/..\/..\/..\/2008\/12\/22\/algunas-caracteristicas-del-sistema-de-educacion-superior-en-la-formacion-de-profesionales-tecnicos-de-alta-calificacion-en-la-republica-de-cuba\/\">http:\/\/blog.espol.edu.ec\/vicenteriofrio\/2008\/12\/22\/algunas-caracteristicas-del-sistema-de-educacion-superior-en-la-formacion-de-profesionales-tecnicos-de-alta-calificacion-en-la-republica-de-cuba\/<\/a><\/p>\n<p align=\"center\">\n<p align=\"center\">FECHA: 2008.12.23<\/p>\n<p align=\"center\">ENTREVISTA a EMILIO OCHOA \/ Profesor principal de FIMCP - ESPOL \/ 20 - 21 Diciembre 2008<\/p>\n<p align=\"center\"><a href=\"..\/..\/..\/..\/..\/2008\/12\/23\/entrevista-a-emilio-ochoa-profesor-principal-de-fimcp-espol-20-21-diciembre-2008\/\">http:\/\/blog.espol.edu.ec\/vicenteriofrio\/2008\/12\/23\/entrevista-a-emilio-ochoa-profesor-principal-de-fimcp-espol-20-21-diciembre-2008\/<\/a><\/p>\n<p align=\"center\">\n<p align=\"center\">FECHA: 2008.12.24<\/p>\n<p align=\"center\">Entrevista al Sr. Erick Abraham Lamilla Rubio \/ Ayudante y Ex - Coordinador de Ayudantes Acad\u00e9micos del Instituto de Ciencias F\u00edsicas<\/p>\n<p align=\"center\"><a href=\"..\/..\/..\/..\/..\/2008\/12\/24\/\">http:\/\/blog.espol.edu.ec\/vicenteriofrio\/2008\/12\/24\/<\/a><\/p>\n<p align=\"center\">\n<p align=\"center\">FECHA: 2008.12.26<\/p>\n<p align=\"center\">ENTREVISTA a OTTO X. CORDERO SANCHEZ \/ Estudiante de posgrado en Utrecht - Holanda \/ 25 - 26 Diciembre 2008<\/p>\n<p align=\"center\"><a href=\"..\/..\/..\/..\/..\/2008\/12\/26\/\">http:\/\/blog.espol.edu.ec\/vicenteriofrio\/2008\/12\/26\/<\/a><\/p>\n<p style=\"text-align: center\">\n<div id=\"attachment_5911\" style=\"width: 410px\" class=\"wp-caption aligncenter\"><a href=\"http:\/\/blog.espol.edu.ec\/vicenteriofrio\/files\/2009\/11\/aprender-haciendo-20091101-no49.jpg\"><img loading=\"lazy\" decoding=\"async\" aria-describedby=\"caption-attachment-5911\" class=\"size-full wp-image-5911\" src=\"http:\/\/blog.espol.edu.ec\/vicenteriofrio\/files\/2009\/11\/aprender-haciendo-20091101-no49.jpg\" alt=\"APRENDER HACIENDO - CSECT - LEARN BY DOING\" width=\"400\" height=\"361\" srcset=\"https:\/\/blog.espol.edu.ec\/vicenteriofrio\/files\/2009\/11\/aprender-haciendo-20091101-no49.jpg 400w, https:\/\/blog.espol.edu.ec\/vicenteriofrio\/files\/2009\/11\/aprender-haciendo-20091101-no49-300x270.jpg 300w\" sizes=\"auto, (max-width: 400px) 100vw, 400px\" \/><\/a><p id=\"caption-attachment-5911\" class=\"wp-caption-text\">APRENDER HACIENDO - CSECT - LEARN BY DOING<\/p><\/div>\n<p>Las im\u00e1genes y v\u00eddeos pueden ser descargadas (download) totalmente gratis (free) por este medio para su difusi\u00f3n:<\/p>\n<p align=\"center\">POR FAVOR, SEGUIRNOS EN:<\/p>\n<p align=\"center\"><a href=\"http:\/\/twitter.com\/vriofriodoc\">http:\/\/twitter.com\/vriofriodoc<\/a><\/p>\n<p align=\"center\"><a href=\"http:\/\/twitter.com\/vriofrio\">http:\/\/twitter.com\/vriofrio<\/a><\/p>\n<p align=\"center\"><a href=\"http:\/\/twitter.com\/espol\">http:\/\/twitter.com\/espol<\/a><\/p>\n<p align=\"center\">Para conocer las actividades de nuestros amigos y las m\u00edas propias s\u00edrvase acceder al sitio:<\/p>\n<p align=\"center\"><a href=\"http:\/\/www.facebook.com\/vriofrio\">http:\/\/www.facebook.com\/vriofrio<\/a><\/p>\n<p align=\"center\"><a href=\"..\/..\/..\/..\/..\/..\/vicenteriofrio\">OS ESPERAMOS<\/a><\/p>\n<p align=\"center\">PREGUNTAS, APORTES, SUGERENCIAS Y COMENTARIOS, POR FAVOR, HACERLOS\u00a0 LLEGAR V\u00cdA COMMENTS A ESTA ENTRADA.<\/p>\n<form id=\"vozme_form_c4d5bd493d8254cdc2c019c1c8a34b9f\" method=\"post\" name=\"vozme_form_c4d5bd493d8254cdc2c019c1c8a34b9f\" target=\"c4d5bd493d8254cdc2c019c1c8a34b9f\" action=\"http:\/\/vozme.com\/text2voice.php\"><input name=\"text\" type=\"hidden\" value=\"UN A\u00d1O ATR\u00c1S, ESPOL, ICQA, 2009.12.01. \n[caption id=&quot;attachment_5910&quot; align=&quot;aligncenter&quot; width=&quot;442&quot; caption=&quot;UN A\u00d1O ATR\u00c1S&quot;][\/caption]\nICQA -\u00a0 ESPOL\nUn D\u00eda como hoy, hace un a\u00f1o atr\u00e1s publicamos la siguiente entrada:\n\u00bfTALENTO? \u00bfDINERO? \u00bfTALENTO Y DINERO?\nhttp:\/\/blog.espol.edu.ec\/vicenteriofrio\/2008\/12\/02\/%C2%BFtalento-%C2%BFdinero-%C2%BFtalento-y-dinero\/\nLos invitamos a ser parte de nuestro blog y sacar el mayor provecho a la informaci\u00f3n proporcionada un a\u00f1o atr\u00e1s la misma que aun tiene validez.\nLas entradas del mes de Diciembre 2008, mes en el que con esfuerzo y dedicaci\u00f3n fuimos alimentando este espacio, pueden ser visualizadas mediante los siguientes\u00a0 links.\nNos gustar\u00eda conocer su comentario y nos detallen que temas le gustar\u00eda que abordemos.\n\nFECHA: 2008.12.04\nLA ENTREVISTA AL Ph. D. JORGE CALDER\u00d3N VEL\u00c1SQUEZ DIRECTOR DEL CICYT \/ 03 12 08\nhttp:\/\/blog.espol.edu.ec\/vicenteriofrio\/2008\/12\/04\/\n\nFECHA: 2008.12.06\nH\u00c9ROES EN LA ESPOL!!!\nhttp:\/\/blog.espol.edu.ec\/vicenteriofrio\/2008\/12\/06\/\n\nFECHA: 2008.12.07\nPARCHES A LA LECTURA (DESAF\u00cdO #2)\nhttp:\/\/blog.espol.edu.ec\/vicenteriofrio\/2008\/12\/07\/\n\nFECHA: 2008.12.08\nOBRA &quot;EL DESARROLLO DE LA INVESTIGACI\u00d3N EN LA ESPOL&quot; AUTORES P. CARRI\u00d3N M. y M. TACLE G. 2008\nhttp:\/\/blog.espol.edu.ec\/vicenteriofrio\/2008\/12\/08\/\n\nFECHA: 2008.12.12\nENTREVISTA AL Ms. Sc. CARLOS TEODORO MONSALVE ARTEAGA, DOCENTE DE LA FIEC, 11 \/ 12 \/ 08\nhttp:\/\/blog.espol.edu.ec\/vicenteriofrio\/2008\/12\/12\/\n\nFECHA: 2008.12.16\nCharla acad\u00e9mica del Dr. Pa\u00fal Carri\u00f3n M. a los alumnos del curso de Ciencia e Investigaci\u00f3n \/ P001\/ ICM \/ 15 Diciembre de 2008\nhttp:\/\/blog.espol.edu.ec\/vicenteriofrio\/2008\/12\/16\/charla-academica-del-dr-paul-carrion-m-a-los-alumnos-del-curso-de-ciencia-e-investigacion-p001-icm-15-diciembre-de-2008\/\n\nFECHA: 2008.12.16\n&quot;ALGUNAS CARACTER\u00cdSTICAS DEL SISTEMA DE EDUCACI\u00d3N SUPERIOR EN LA FORMACI\u00d3N DE PROFESIONALES T\u00c9CNICOS DE ALTA CALIFICACI\u00d3N DE LA REP\u00daBLICA DE CUBA&quot;\nhttp:\/\/blog.espol.edu.ec\/vicenteriofrio\/2008\/12\/16\/algunas-caracteristicas-del-sistema-de-educacion-superior-en-la-formacion-de-profesionales-tecnicos-de-alta-calificacion-de-la-republica-de-cuba\/\n\nFECHA: 2008.12.19\nENTREVISTA AL ING. GUIDO CAICEDO ROSSI \/ DIRECTOR del CEEMP \/ 10 DE DICIEMBRE DE 2008\nhttp:\/\/blog.espol.edu.ec\/vicenteriofrio\/2008\/12\/19\/\n\nFECHA: 2008.12.21\nFELIZ NAVIDAD Y ENV\u00cdO MIS MEJORES DESEOS PARA EL A\u00d1O 2009*\nhttp:\/\/blog.espol.edu.ec\/vicenteriofrio\/2008\/12\/21\/\n\nFECHA: 2008.12.22\n&quot;ALGUNAS CARACTERISTICAS DEL SISTEMA DE EDUCACI\u00d3N SUPERIOR EN LA FORMACI\u00d3N DE PROFESIONALES T\u00c9CNICOS DE ALTA CALIFICACION EN LA REP\u00daBLICA DE CUBA&quot;\nhttp:\/\/blog.espol.edu.ec\/vicenteriofrio\/2008\/12\/22\/algunas-caracteristicas-del-sistema-de-educacion-superior-en-la-formacion-de-profesionales-tecnicos-de-alta-calificacion-en-la-republica-de-cuba\/\n\nFECHA: 2008.12.23\nENTREVISTA a EMILIO OCHOA \/ Profesor principal de FIMCP - ESPOL \/ 20 - 21 Diciembre 2008\nhttp:\/\/blog.espol.edu.ec\/vicenteriofrio\/2008\/12\/23\/entrevista-a-emilio-ochoa-profesor-principal-de-fimcp-espol-20-21-diciembre-2008\/\n\nFECHA: 2008.12.24\nEntrevista al Sr. Erick Abraham Lamilla Rubio \/ Ayudante y Ex - Coordinador de Ayudantes Acad\u00e9micos del Instituto de Ciencias F\u00edsicas\nhttp:\/\/blog.espol.edu.ec\/vicenteriofrio\/2008\/12\/24\/\n\nFECHA: 2008.12.26\nENTREVISTA a OTTO X. CORDERO SANCHEZ \/ Estudiante de posgrado en Utrecht - Holanda \/ 25 - 26 Diciembre 2008\nhttp:\/\/blog.espol.edu.ec\/vicenteriofrio\/2008\/12\/26\/\n\n[caption id=&quot;attachment_5911&quot; align=&quot;aligncenter&quot; width=&quot;400&quot; caption=&quot;APRENDER HACIENDO - CSECT - LEARN BY DOING&quot;][\/caption]\nLas im\u00e1genes y v\u00eddeos pueden ser descargadas (download) totalmente gratis (free) por este medio para su difusi\u00f3n:\nPOR FAVOR, SEGUIRNOS EN:\nhttp:\/\/twitter.com\/vriofriodoc\nhttp:\/\/twitter.com\/vriofrio\nhttp:\/\/twitter.com\/espol\nPara conocer las actividades de nuestros amigos y las m\u00edas propias s\u00edrvase acceder al sitio:\nhttp:\/\/www.facebook.com\/vriofrio\nOS ESPERAMOS\nPREGUNTAS, APORTES, SUGERENCIAS Y COMENTARIOS, POR FAVOR, HACERLOS\u00a0 LLEGAR V\u00cdA COMMENTS A ESTA ENTRADA.\n\" \/><input name=\"lang\" type=\"hidden\" value=\"es\" \/><input name=\"gn\" type=\"hidden\" value=\"ml\" \/><input type=\"hidden\" id=\"interface\" name=\"interface\" value=\"full\" \/>\n\t\t\t<div style=\"margin-left:40%;\">\n\t\t\t\n\t\t\t\t<input style=\"float:left;\" type=\"image\" width=\"40\" height=\"40\" src=\"http:\/\/blog.espol.edu.ec\/vicenteriofrio\/wp-content\/plugins\/vozme\/img\/megaphone40x40w.gif\" alt=\"Escucha este post\" onclick=\"window.open('', 'c4d5bd493d8254cdc2c019c1c8a34b9f', 'width=600,height=370,scrollbars=yes,location=yes,menubar=yes,resizable=yes,status=yes,toolbar=yes');\">\n\t\t\t\t<div style=\"margin-left:48px; text-align:left;\"><a style=\"font-size:12px;\" href=\"javascript:void(0);\" onclick=\"window.open('', 'c4d5bd493d8254cdc2c019c1c8a34b9f', 'width=600,height=370,scrollbars=yes,location=yes,menubar=yes,resizable=yes,status=yes,toolbar=yes'); document.getElementById('vozme_form_c4d5bd493d8254cdc2c019c1c8a34b9f').submit();\">Escucha<br\/>este post<\/a><\/div>\n\t\t\t<\/div><\/form>","protected":false},"excerpt":{"rendered":"<p>ICQA -\u00a0 ESPOL Un D\u00eda como hoy, hace un a\u00f1o atr\u00e1s publicamos la siguiente entrada: \u00bfTALENTO? \u00bfDINERO? \u00bfTALENTO Y DINERO? http:\/\/blog.espol.edu.ec\/vicenteriofrio\/2008\/12\/02\/%C2%BFtalento-%C2%BFdinero-%C2%BFtalento-y-dinero\/ Los invitamos a ser parte de nuestro blog y sacar el mayor provecho a la informaci\u00f3n proporcionada un a\u00f1o atr\u00e1s la misma que aun tiene validez. Las entradas del mes de Diciembre 2008, mes [&hellip;]<\/p>\n","protected":false},"author":194,"featured_media":0,"comment_status":"open","ping_status":"open","sticky":false,"template":"","format":"standard","meta":{"_monsterinsights_skip_tracking":false,"_monsterinsights_sitenote_active":false,"_monsterinsights_sitenote_note":"","_monsterinsights_sitenote_category":0,"footnotes":""},"categories":[14274],"tags":[11661,981,4228,11910,70,1059,1058,6,980,2537,2542,259,976,1057,12957,3967,1194],"class_list":["post-5909","post","type-post","status-publish","format-standard","hentry","category-1-un-ano-atras","tag-adriana-jimenez","tag-aprender-ensenando","tag-descargar","tag-download","tag-ecuador","tag-emprendimiento-para-aprender","tag-ensenando-a-aprender","tag-espol","tag-formacion-lideres","tag-free","tag-gratis","tag-guayaquil","tag-icqa","tag-responsables","tag-un-ano-atras","tag-vicente-riofrio","tag-vinculos-con-la-comunidad"],"_links":{"self":[{"href":"https:\/\/blog.espol.edu.ec\/vicenteriofrio\/wp-json\/wp\/v2\/posts\/5909","targetHints":{"allow":["GET"]}}],"collection":[{"href":"https:\/\/blog.espol.edu.ec\/vicenteriofrio\/wp-json\/wp\/v2\/posts"}],"about":[{"href":"https:\/\/blog.espol.edu.ec\/vicenteriofrio\/wp-json\/wp\/v2\/types\/post"}],"author":[{"embeddable":true,"href":"https:\/\/blog.espol.edu.ec\/vicenteriofrio\/wp-json\/wp\/v2\/users\/194"}],"replies":[{"embeddable":true,"href":"https:\/\/blog.espol.edu.ec\/vicenteriofrio\/wp-json\/wp\/v2\/comments?post=5909"}],"version-history":[{"count":8,"href":"https:\/\/blog.espol.edu.ec\/vicenteriofrio\/wp-json\/wp\/v2\/posts\/5909\/revisions"}],"predecessor-version":[{"id":6160,"href":"https:\/\/blog.espol.edu.ec\/vicenteriofrio\/wp-json\/wp\/v2\/posts\/5909\/revisions\/6160"}],"wp:attachment":[{"href":"https:\/\/blog.espol.edu.ec\/vicenteriofrio\/wp-json\/wp\/v2\/media?parent=5909"}],"wp:term":[{"taxonomy":"category","embeddable":true,"href":"https:\/\/blog.espol.edu.ec\/vicenteriofrio\/wp-json\/wp\/v2\/categories?post=5909"},{"taxonomy":"post_tag","embeddable":true,"href":"https:\/\/blog.espol.edu.ec\/vicenteriofrio\/wp-json\/wp\/v2\/tags?post=5909"}],"curies":[{"name":"wp","href":"https:\/\/api.w.org\/{rel}","templated":true}]}}