{"id":6340,"date":"2009-12-21T16:15:11","date_gmt":"2009-12-21T21:15:11","guid":{"rendered":"http:\/\/blog.espol.edu.ec\/vicenteriofrio\/?p=6340"},"modified":"2009-12-21T16:15:11","modified_gmt":"2009-12-21T21:15:11","slug":"richard-lehner-visita-la-espol-guayaquil-ecuador-espol-icqa-20091221","status":"publish","type":"post","link":"https:\/\/blog.espol.edu.ec\/vicenteriofrio\/2009\/12\/21\/richard-lehner-visita-la-espol-guayaquil-ecuador-espol-icqa-20091221\/","title":{"rendered":"RICHARD LEHNER VISITA LA ESPOL, GUAYAQUIL, ECUADOR, ESPOL, ICQA, 2009.12.21"},"content":{"rendered":"<p style=\"text-align: center\">RICHARD LEHNER VISITA LA ESPOL<\/p>\n<p align=\"center\">GUAYAQUIL - ECUADOR<\/p>\n<p align=\"center\"><a href=\"http:\/\/www.espol.edu.ec\/\">ESPOL<\/a> - <a href=\"http:\/\/www.icqa.espol.edu.ec\/\">ICQA<\/a><\/p>\n<div id=\"attachment_6341\" style=\"width: 420px\" class=\"wp-caption aligncenter\"><a href=\"http:\/\/blog.espol.edu.ec\/vicenteriofrio\/files\/2009\/12\/page2.jpg\"><img loading=\"lazy\" decoding=\"async\" aria-describedby=\"caption-attachment-6341\" class=\"size-full wp-image-6341\" src=\"http:\/\/blog.espol.edu.ec\/vicenteriofrio\/files\/2009\/12\/page2.jpg\" alt=\"Ph.D. RICHARD LEHNER ENTREVISTA\" width=\"410\" height=\"460\" srcset=\"https:\/\/blog.espol.edu.ec\/vicenteriofrio\/files\/2009\/12\/page2.jpg 410w, https:\/\/blog.espol.edu.ec\/vicenteriofrio\/files\/2009\/12\/page2-267x300.jpg 267w\" sizes=\"auto, (max-width: 410px) 100vw, 410px\" \/><\/a><p id=\"caption-attachment-6341\" class=\"wp-caption-text\">Ph.D. RICHARD LEHNER ENTREVISTA<\/p><\/div>\n<p style=\"text-align: justify\">El d\u00eda de hoy 2009.12.21 en la Sala de Sesiones del ICQA mantuvimos una entrevista con Richard Lehner, Parlamentario de los Verdes en la Asamblea de Diputados de M\u00f6rfelden-Walldorf en Alemania y ex voluntario Alem\u00e1n CIM en la ESPOL en 1985 hasta 1994, quien creo el Comit\u00e9 Ecologico, el Centro de Investigaci\u00f3n del Medio Ambiente (CIMA), actual CEMA.<\/p>\n<p style=\"text-align: justify\">Richard capacito en la ESPOL algunos lideres quienes actualmente se desempe\u00f1a eficientemente dentro de la tematica del medio ambiente.<\/p>\n<p>Uno de los trabajos de Richard en la ESPOL es la concreci\u00f3n del proyecto del carb\u00f3n activado.<\/p>\n<p style=\"text-align: justify\">Todos quienes colaboramos con Richard en el periodo de su estadia nos sentimos honrado con la visita del Ph. D. Richard Lehner (Education).<\/p>\n<p style=\"text-align: justify\">Hemos dialogado con Richard, hemos compartido metas y trabajos realizados y le deseamos muchos a\u00f1os m\u00e1s como Parlamentario de los Verdes en Alemania (M\u00f6rfelden-Walldorf).<\/p>\n<p style=\"text-align: justify\">Esperamos hacer realidad los sue\u00f1os compartidos sobre la ESPOL y el medio ambiente.<\/p>\n<p style=\"text-align: justify\">Momentos de la entrevista se pueden apreciar en v\u00eddeo por el canal del profesor en Youtube:<\/p>\n<p align=\"center\"><a href=\"http:\/\/www.youtube.com\/user\/vart12345\">http:\/\/www.youtube.com\/user\/vart12345<\/a><\/p>\n<p>Espec\u00edficamente en:<\/p>\n<p style=\"text-align: center\"><a href=\"http:\/\/www.youtube.com\/watch?v=61l9k0rF9Kw\">http:\/\/www.youtube.com\/watch?v=61l9k0rF9Kw<\/a><\/p>\n<div id=\"attachment_6342\" style=\"width: 410px\" class=\"wp-caption aligncenter\"><a href=\"http:\/\/blog.espol.edu.ec\/vicenteriofrio\/files\/2009\/12\/aprender-haciendo-csect-2009120-no52.jpg\"><img loading=\"lazy\" decoding=\"async\" aria-describedby=\"caption-attachment-6342\" class=\"size-full wp-image-6342\" src=\"http:\/\/blog.espol.edu.ec\/vicenteriofrio\/files\/2009\/12\/aprender-haciendo-csect-2009120-no52.jpg\" alt=\"APRENDER HACIENDO - CSECT - LEARN BY DOING\" width=\"400\" height=\"458\" srcset=\"https:\/\/blog.espol.edu.ec\/vicenteriofrio\/files\/2009\/12\/aprender-haciendo-csect-2009120-no52.jpg 400w, https:\/\/blog.espol.edu.ec\/vicenteriofrio\/files\/2009\/12\/aprender-haciendo-csect-2009120-no52-262x300.jpg 262w\" sizes=\"auto, (max-width: 400px) 100vw, 400px\" \/><\/a><p id=\"caption-attachment-6342\" class=\"wp-caption-text\">APRENDER HACIENDO - CSECT - LEARN BY DOING<\/p><\/div>\n<p>Las im\u00e1genes y v\u00eddeos pueden ser descargadas (download) totalmente gratis (free) por este medio para su difusi\u00f3n.<\/p>\n<p align=\"center\">POR FAVOR, SEGUIRME en:<\/p>\n<p align=\"center\"><a href=\"http:\/\/twitter.com\/vriofriodoc\">http:\/\/twitter.com\/vriofriodoc<\/a><\/p>\n<p align=\"center\"><a href=\"http:\/\/twitter.com\/vriofrio\">http:\/\/twitter.com\/vriofrio<\/a><\/p>\n<p align=\"center\">Para conocer las actividades de nuestros amigos y las m\u00edas propias s\u00edrvase acceder al sitio:<\/p>\n<p align=\"center\"><a href=\"http:\/\/www.facebook.com\/vriofrio\">http:\/\/www.facebook.com\/vriofrio<\/a><\/p>\n<p align=\"center\"><a href=\"..\/..\/..\/..\/..\/..\/vicenteriofrio\">OS ESPERAMOS<\/a><\/p>\n<p align=\"center\">PREGUNTAS, APORTES, SUGERENCIAS Y COMENTARIOS, POR FAVOR, HACERLOS\u00a0 LLEGAR V\u00cdA COMMENTS A ESTA ENTRADA.<\/p>\n<form id=\"vozme_form_ee5bbc3651d1b2953e82f4d861d1fe7e\" method=\"post\" name=\"vozme_form_ee5bbc3651d1b2953e82f4d861d1fe7e\" target=\"ee5bbc3651d1b2953e82f4d861d1fe7e\" action=\"http:\/\/vozme.com\/text2voice.php\"><input name=\"text\" type=\"hidden\" value=\"RICHARD LEHNER VISITA LA ESPOL, GUAYAQUIL, ECUADOR, ESPOL, ICQA, 2009.12.21. RICHARD LEHNER VISITA LA ESPOL\nGUAYAQUIL - ECUADOR\nESPOL - ICQA\n[caption id=&quot;attachment_6341&quot; align=&quot;aligncenter&quot; width=&quot;410&quot; caption=&quot;Ph.D. RICHARD LEHNER ENTREVISTA&quot;][\/caption]\nEl d\u00eda de hoy 2009.12.21 en la Sala de Sesiones del ICQA mantuvimos una entrevista con Richard Lehner, Parlamentario de los Verdes en la Asamblea de Diputados de M\u00f6rfelden-Walldorf en Alemania y ex voluntario Alem\u00e1n CIM en la ESPOL en 1985 hasta 1994, quien creo el Comit\u00e9 Ecologico, el Centro de Investigaci\u00f3n del Medio Ambiente (CIMA), actual CEMA.\nRichard capacito en la ESPOL algunos lideres quienes actualmente se desempe\u00f1a eficientemente dentro de la tematica del medio ambiente.\nUno de los trabajos de Richard en la ESPOL es la concreci\u00f3n del proyecto del carb\u00f3n activado.\nTodos quienes colaboramos con Richard en el periodo de su estadia nos sentimos honrado con la visita del Ph. D. Richard Lehner (Education).\nHemos dialogado con Richard, hemos compartido metas y trabajos realizados y le deseamos muchos a\u00f1os m\u00e1s como Parlamentario de los Verdes en Alemania (M\u00f6rfelden-Walldorf).\nEsperamos hacer realidad los sue\u00f1os compartidos sobre la ESPOL y el medio ambiente.\nMomentos de la entrevista se pueden apreciar en v\u00eddeo por el canal del profesor en Youtube:\nhttp:\/\/www.youtube.com\/user\/vart12345\nEspec\u00edficamente en:\nhttp:\/\/www.youtube.com\/watch?v=61l9k0rF9Kw\n[caption id=&quot;attachment_6342&quot; align=&quot;aligncenter&quot; width=&quot;400&quot; caption=&quot;APRENDER HACIENDO - CSECT - LEARN BY DOING&quot;][\/caption]\nLas im\u00e1genes y v\u00eddeos pueden ser descargadas (download) totalmente gratis (free) por este medio para su difusi\u00f3n.\nPOR FAVOR, SEGUIRME en:\nhttp:\/\/twitter.com\/vriofriodoc\nhttp:\/\/twitter.com\/vriofrio\nPara conocer las actividades de nuestros amigos y las m\u00edas propias s\u00edrvase acceder al sitio:\nhttp:\/\/www.facebook.com\/vriofrio\nOS ESPERAMOS\nPREGUNTAS, APORTES, SUGERENCIAS Y COMENTARIOS, POR FAVOR, HACERLOS\u00a0 LLEGAR V\u00cdA COMMENTS A ESTA ENTRADA.\n\" \/><input name=\"lang\" type=\"hidden\" value=\"es\" \/><input name=\"gn\" type=\"hidden\" value=\"ml\" \/><input type=\"hidden\" id=\"interface\" name=\"interface\" value=\"full\" \/>\n\t\t\t<div style=\"margin-left:40%;\">\n\t\t\t\n\t\t\t\t<input style=\"float:left;\" type=\"image\" width=\"40\" height=\"40\" src=\"http:\/\/blog.espol.edu.ec\/vicenteriofrio\/wp-content\/plugins\/vozme\/img\/megaphone40x40w.gif\" alt=\"Escucha este post\" onclick=\"window.open('', 'ee5bbc3651d1b2953e82f4d861d1fe7e', 'width=600,height=370,scrollbars=yes,location=yes,menubar=yes,resizable=yes,status=yes,toolbar=yes');\">\n\t\t\t\t<div style=\"margin-left:48px; text-align:left;\"><a style=\"font-size:12px;\" href=\"javascript:void(0);\" onclick=\"window.open('', 'ee5bbc3651d1b2953e82f4d861d1fe7e', 'width=600,height=370,scrollbars=yes,location=yes,menubar=yes,resizable=yes,status=yes,toolbar=yes'); document.getElementById('vozme_form_ee5bbc3651d1b2953e82f4d861d1fe7e').submit();\">Escucha<br\/>este post<\/a><\/div>\n\t\t\t<\/div><\/form>","protected":false},"excerpt":{"rendered":"<p>RICHARD LEHNER VISITA LA ESPOL GUAYAQUIL - ECUADOR ESPOL - ICQA El d\u00eda de hoy 2009.12.21 en la Sala de Sesiones del ICQA mantuvimos una entrevista con Richard Lehner, Parlamentario de los Verdes en la Asamblea de Diputados de M\u00f6rfelden-Walldorf en Alemania y ex voluntario Alem\u00e1n CIM en la ESPOL en 1985 hasta 1994, quien [&hellip;]<\/p>\n","protected":false},"author":194,"featured_media":0,"comment_status":"open","ping_status":"open","sticky":false,"template":"","format":"standard","meta":{"_monsterinsights_skip_tracking":false,"_monsterinsights_sitenote_active":false,"_monsterinsights_sitenote_note":"","_monsterinsights_sitenote_category":0,"footnotes":""},"categories":[1],"tags":[12011,3038,3983,14525,4228,11910,6,14524,2280,2537,2542,976,9331,14522,14521,14523,9385,14520,12424,1347,3967],"class_list":["post-6340","post","type-post","status-publish","format-standard","hentry","category-uncategorized","tag-adriana-jimenez-a","tag-alemania","tag-aprender-haciendo","tag-comite-ecologico","tag-descargar","tag-download","tag-espol","tag-ex-voluntario-aleman-cim","tag-facebook","tag-free","tag-gratis","tag-icqa","tag-learn-by-doing","tag-morfelden-walldorf","tag-parlamentario","tag-parlamentario-de-los-verde","tag-photopeach","tag-richard-lehner","tag-sirviendo-a-la-comunidad","tag-twitter","tag-vicente-riofrio"],"_links":{"self":[{"href":"https:\/\/blog.espol.edu.ec\/vicenteriofrio\/wp-json\/wp\/v2\/posts\/6340","targetHints":{"allow":["GET"]}}],"collection":[{"href":"https:\/\/blog.espol.edu.ec\/vicenteriofrio\/wp-json\/wp\/v2\/posts"}],"about":[{"href":"https:\/\/blog.espol.edu.ec\/vicenteriofrio\/wp-json\/wp\/v2\/types\/post"}],"author":[{"embeddable":true,"href":"https:\/\/blog.espol.edu.ec\/vicenteriofrio\/wp-json\/wp\/v2\/users\/194"}],"replies":[{"embeddable":true,"href":"https:\/\/blog.espol.edu.ec\/vicenteriofrio\/wp-json\/wp\/v2\/comments?post=6340"}],"version-history":[{"count":4,"href":"https:\/\/blog.espol.edu.ec\/vicenteriofrio\/wp-json\/wp\/v2\/posts\/6340\/revisions"}],"predecessor-version":[{"id":6346,"href":"https:\/\/blog.espol.edu.ec\/vicenteriofrio\/wp-json\/wp\/v2\/posts\/6340\/revisions\/6346"}],"wp:attachment":[{"href":"https:\/\/blog.espol.edu.ec\/vicenteriofrio\/wp-json\/wp\/v2\/media?parent=6340"}],"wp:term":[{"taxonomy":"category","embeddable":true,"href":"https:\/\/blog.espol.edu.ec\/vicenteriofrio\/wp-json\/wp\/v2\/categories?post=6340"},{"taxonomy":"post_tag","embeddable":true,"href":"https:\/\/blog.espol.edu.ec\/vicenteriofrio\/wp-json\/wp\/v2\/tags?post=6340"}],"curies":[{"name":"wp","href":"https:\/\/api.w.org\/{rel}","templated":true}]}}