{"id":7304,"date":"2010-01-20T09:27:59","date_gmt":"2010-01-20T14:27:59","guid":{"rendered":"http:\/\/blog.espol.edu.ec\/vicenteriofrio\/?p=7304"},"modified":"2010-01-20T09:30:10","modified_gmt":"2010-01-20T14:30:10","slug":"bosque-de-personalidades-e-invitados-espol-icqa-espol-20100118","status":"publish","type":"post","link":"https:\/\/blog.espol.edu.ec\/vicenteriofrio\/2010\/01\/20\/bosque-de-personalidades-e-invitados-espol-icqa-espol-20100118\/","title":{"rendered":"BOSQUE DE PERSONALIDADES E INVITADOS ESPOL, ICQA, ESPOL, 2010.01.18"},"content":{"rendered":"<p align=\"center\">BOSQUE DE PERSONALIDADES E INVITADOS ESPOL<\/p>\n<p align=\"center\">DIFUSI\u00d3N: 2010.01.20<\/p>\n<p align=\"center\"><a href=\"http:\/\/www.espol.edu.ec\/\">ESPOL<\/a> - <a href=\"http:\/\/www.icqa.espol.edu.ec\/web\/index.asp\">ICQA<\/a><\/p>\n<p style=\"text-align: justify\">\n<div id=\"attachment_7096\" style=\"width: 410px\" class=\"wp-caption aligncenter\"><a href=\"http:\/\/blog.espol.edu.ec\/vicenteriofrio\/files\/2010\/01\/aprender-haciendo-enero-14-de-2010.jpg\"><img loading=\"lazy\" decoding=\"async\" aria-describedby=\"caption-attachment-7096\" class=\"size-full wp-image-7096\" src=\"http:\/\/blog.espol.edu.ec\/vicenteriofrio\/files\/2010\/01\/aprender-haciendo-enero-14-de-2010.jpg\" alt=\"Aprender Haciendo\" width=\"400\" height=\"366\" srcset=\"https:\/\/blog.espol.edu.ec\/vicenteriofrio\/files\/2010\/01\/aprender-haciendo-enero-14-de-2010.jpg 400w, https:\/\/blog.espol.edu.ec\/vicenteriofrio\/files\/2010\/01\/aprender-haciendo-enero-14-de-2010-300x274.jpg 300w\" sizes=\"auto, (max-width: 400px) 100vw, 400px\" \/><\/a><p id=\"caption-attachment-7096\" class=\"wp-caption-text\">Aprender Haciendo<\/p><\/div>\n<p>En el campus Gustavo Galindo Velasco de la ESPOL existe un pedazo de bosque sembrado con guayacanes por las personalidades de la instituci\u00f3n, aqu\u00ed tambi\u00e9n se incluye siembra de \u00e1rboles por parte de ilustres invitados. Esto a partir del a\u00f1o 2000, ver im\u00e1genes:<\/p>\n<p align=\"center\">\n<div id=\"attachment_7305\" style=\"width: 409px\" class=\"wp-caption aligncenter\"><a href=\"http:\/\/blog.espol.edu.ec\/vicenteriofrio\/files\/2010\/01\/victor-bastidas-2000-nov-para-blog.jpg\"><img loading=\"lazy\" decoding=\"async\" aria-describedby=\"caption-attachment-7305\" class=\"size-full wp-image-7305\" src=\"http:\/\/blog.espol.edu.ec\/vicenteriofrio\/files\/2010\/01\/victor-bastidas-2000-nov-para-blog.jpg\" alt=\"VICTOR BASTIDAS SEMBRANDO UN ARBOL\" width=\"399\" height=\"617\" srcset=\"https:\/\/blog.espol.edu.ec\/vicenteriofrio\/files\/2010\/01\/victor-bastidas-2000-nov-para-blog.jpg 399w, https:\/\/blog.espol.edu.ec\/vicenteriofrio\/files\/2010\/01\/victor-bastidas-2000-nov-para-blog-194x300.jpg 194w\" sizes=\"auto, (max-width: 399px) 100vw, 399px\" \/><\/a><p id=\"caption-attachment-7305\" class=\"wp-caption-text\">V\u00cdCTOR BASTIDAS SEMBRANDO UN \u00c1RBOL, 2000<\/p><\/div>\n<div id=\"attachment_7306\" style=\"width: 410px\" class=\"wp-caption aligncenter\"><a href=\"http:\/\/blog.espol.edu.ec\/vicenteriofrio\/files\/2010\/01\/eduardo-rivadeneira-2000-nov-para-blog.jpg\"><img loading=\"lazy\" decoding=\"async\" aria-describedby=\"caption-attachment-7306\" class=\"size-full wp-image-7306\" src=\"http:\/\/blog.espol.edu.ec\/vicenteriofrio\/files\/2010\/01\/eduardo-rivadeneira-2000-nov-para-blog.jpg\" alt=\"EDUARDO RIVADENEIRA PAZMI\u00d1O, SEMBRANDO UN \u00c1RBOL, 2000\" width=\"400\" height=\"303\" srcset=\"https:\/\/blog.espol.edu.ec\/vicenteriofrio\/files\/2010\/01\/eduardo-rivadeneira-2000-nov-para-blog.jpg 400w, https:\/\/blog.espol.edu.ec\/vicenteriofrio\/files\/2010\/01\/eduardo-rivadeneira-2000-nov-para-blog-300x227.jpg 300w\" sizes=\"auto, (max-width: 400px) 100vw, 400px\" \/><\/a><p id=\"caption-attachment-7306\" class=\"wp-caption-text\">EDUARDO RIVADENEIRA PAZMI\u00d1O, SEMBRANDO UN \u00c1RBOL, 2000<\/p><\/div>\n<p style=\"text-align: justify\">En el v\u00eddeo se puede apreciar al a\u00f1o 2010 el bosque de personalidades e invitados en el Campus G. Galindo V., ver v\u00eddeo:<\/p>\n<p align=\"center\"><object width=\"420\" height=\"340\" data=\"http:\/\/www.youtube.com\/v\/OQcu1B0dDhk&amp;hl=es_ES&amp;fs=1&amp;color1=0x2b405b&amp;color2=0x6b8ab6&amp;border=1\" type=\"application\/x-shockwave-flash\"><param name=\"allowFullScreen\" value=\"true\" \/><param name=\"allowscriptaccess\" value=\"always\" \/><param name=\"src\" value=\"http:\/\/www.youtube.com\/v\/OQcu1B0dDhk&amp;hl=es_ES&amp;fs=1&amp;color1=0x2b405b&amp;color2=0x6b8ab6&amp;border=1\" \/><param name=\"allowfullscreen\" value=\"true\" \/><\/object><\/p>\n<p align=\"center\"><strong>\u00bfDesea usted sembrar un arbolito en el Campus?<\/strong><\/p>\n<p align=\"center\">Manos a la obra llama a: (593) 04- 269 625<\/p>\n<p align=\"center\">Escribe a:\u00a0 ejimenez@spam@goliat.espol.edu.ec<\/p>\n<p align=\"center\"><a href=\"http:\/\/www.bosqueprotector.espol.edu.ec\/\">http:\/\/www.bosqueprotector.espol.edu.ec\/<\/a><\/p>\n<p align=\"center\">Quienes hacemos este blog recomendamos a sus visitantes dar una \"vueltita\" por el sitio:<\/p>\n<p align=\"center\"><a href=\"http:\/\/www.ted.com\/\">http:\/\/www.ted.com<\/a><\/p>\n<p align=\"center\">\n<div id=\"attachment_6960\" style=\"width: 310px\" class=\"wp-caption aligncenter\"><a href=\"http:\/\/blog.espol.edu.ec\/vicenteriofrio\/files\/2010\/01\/ted1.jpg\"><img loading=\"lazy\" decoding=\"async\" aria-describedby=\"caption-attachment-6960\" class=\"size-medium wp-image-6960\" src=\"http:\/\/blog.espol.edu.ec\/vicenteriofrio\/files\/2010\/01\/ted1-300x254.jpg\" alt=\"visite http:\/\/www.ted.com\" width=\"300\" height=\"254\" srcset=\"https:\/\/blog.espol.edu.ec\/vicenteriofrio\/files\/2010\/01\/ted1-300x254.jpg 300w, https:\/\/blog.espol.edu.ec\/vicenteriofrio\/files\/2010\/01\/ted1.jpg 400w\" sizes=\"auto, (max-width: 300px) 100vw, 300px\" \/><\/a><p id=\"caption-attachment-6960\" class=\"wp-caption-text\">visite http:\/\/www.ted.com<\/p><\/div>\n<p align=\"center\">Para motivarse, en caso de requerir, os invitamos a recurrir hasta los sitios:<\/p>\n<p align=\"center\"><a href=\"http:\/\/photopeach.com\/album\/x9io8h\">http:\/\/photopeach.com\/album\/x9io8h<\/a><\/p>\n<p align=\"center\"><a href=\"http:\/\/photopeach.com\/album\/duh1vy\">http:\/\/photopeach.com\/album\/duh1vy<\/a><\/p>\n<p align=\"center\"><a href=\"http:\/\/animoto.com\/play\/r5OxKwSj55jxRJ0BXRRsIQ\">http:\/\/animoto.com\/play\/r5OxKwSj55jxRJ0BXRRsIQ<\/a><\/p>\n<p align=\"center\">POR FAVOR, SEGUIRnos en:<\/p>\n<p align=\"center\"><a href=\"http:\/\/twitter.com\/vriofriodoc\">http:\/\/twitter.com\/vriofriodoc<\/a><\/p>\n<p align=\"center\"><a href=\"http:\/\/twitter.com\/vriofrio\">http:\/\/twitter.com\/vriofrio<\/a><\/p>\n<p align=\"center\"><a href=\"http:\/\/twitter.com\/espol\">http:\/\/twitter.com\/espol<\/a><\/p>\n<p align=\"center\"><a href=\"http:\/\/www.youtube.com\/user\/vart12345\">http:\/\/www.youtube.com\/user\/vart12345<\/a><\/p>\n<p align=\"center\">Para conocer las actividades de nuestros amigos y las m\u00edas propias s\u00edrvase acceder al sitio:<\/p>\n<p align=\"center\"><a href=\"http:\/\/www.facebook.com\/vriofrio\">http:\/\/www.facebook.com\/vriofrio<\/a><\/p>\n<p align=\"center\"><a href=\"..\/..\/..\/..\/..\/..\/vicenteriofrio\">OS ESPERAMOS<\/a><\/p>\n<p align=\"center\"><strong>PREGUNTAS, APORTES, SUGERENCIAS Y COMENTARIOS, POR FAVOR, HACERLOS\u00a0 LLEGAR V\u00cdA COMMENTS A ESTA ENTRADA.<\/strong><\/p>\n<p>Las im\u00e1genes y v\u00eddeos pueden ser descargadas (download) totalmente gratis (free) por este medio para su difusi\u00f3n.<\/p>\n<form id=\"vozme_form_6aa80ec2b6baf5b2e1716ead4e7ed982\" method=\"post\" name=\"vozme_form_6aa80ec2b6baf5b2e1716ead4e7ed982\" target=\"6aa80ec2b6baf5b2e1716ead4e7ed982\" action=\"http:\/\/vozme.com\/text2voice.php\"><input name=\"text\" type=\"hidden\" value=\"BOSQUE DE PERSONALIDADES E INVITADOS ESPOL, ICQA, ESPOL, 2010.01.18. BOSQUE DE PERSONALIDADES E INVITADOS ESPOL\nDIFUSI\u00d3N: 2010.01.20\nESPOL - ICQA\n\n[caption id=&quot;attachment_7096&quot; align=&quot;aligncenter&quot; width=&quot;400&quot; caption=&quot;Aprender Haciendo&quot;][\/caption]\nEn el campus Gustavo Galindo Velasco de la ESPOL existe un pedazo de bosque sembrado con guayacanes por las personalidades de la instituci\u00f3n, aqu\u00ed tambi\u00e9n se incluye siembra de \u00e1rboles por parte de ilustres invitados. Esto a partir del a\u00f1o 2000, ver im\u00e1genes:\n\n[caption id=&quot;attachment_7305&quot; align=&quot;aligncenter&quot; width=&quot;399&quot; caption=&quot;V\u00cdCTOR BASTIDAS SEMBRANDO UN \u00c1RBOL, 2000&quot;][\/caption]\n[caption id=&quot;attachment_7306&quot; align=&quot;aligncenter&quot; width=&quot;400&quot; caption=&quot;EDUARDO RIVADENEIRA PAZMI\u00d1O, SEMBRANDO UN \u00c1RBOL, 2000&quot;][\/caption]\nEn el v\u00eddeo se puede apreciar al a\u00f1o 2010 el bosque de personalidades e invitados en el Campus G. Galindo V., ver v\u00eddeo:\n\n\u00bfDesea usted sembrar un arbolito en el Campus?\nManos a la obra llama a: (593) 04- 269 625\nEscribe a:\u00a0 ejimenez@spam@goliat.espol.edu.ec\nhttp:\/\/www.bosqueprotector.espol.edu.ec\/\nQuienes hacemos este blog recomendamos a sus visitantes dar una &quot;vueltita&quot; por el sitio:\nhttp:\/\/www.ted.com\n\n[caption id=&quot;attachment_6960&quot; align=&quot;aligncenter&quot; width=&quot;300&quot; caption=&quot;visite http:\/\/www.ted.com&quot;][\/caption]\nPara motivarse, en caso de requerir, os invitamos a recurrir hasta los sitios:\nhttp:\/\/photopeach.com\/album\/x9io8h\nhttp:\/\/photopeach.com\/album\/duh1vy\nhttp:\/\/animoto.com\/play\/r5OxKwSj55jxRJ0BXRRsIQ\nPOR FAVOR, SEGUIRnos en:\nhttp:\/\/twitter.com\/vriofriodoc\nhttp:\/\/twitter.com\/vriofrio\nhttp:\/\/twitter.com\/espol\nhttp:\/\/www.youtube.com\/user\/vart12345\nPara conocer las actividades de nuestros amigos y las m\u00edas propias s\u00edrvase acceder al sitio:\nhttp:\/\/www.facebook.com\/vriofrio\nOS ESPERAMOS\nPREGUNTAS, APORTES, SUGERENCIAS Y COMENTARIOS, POR FAVOR, HACERLOS\u00a0 LLEGAR V\u00cdA COMMENTS A ESTA ENTRADA.\nLas im\u00e1genes y v\u00eddeos pueden ser descargadas (download) totalmente gratis (free) por este medio para su difusi\u00f3n.\n\" \/><input name=\"lang\" type=\"hidden\" value=\"es\" \/><input name=\"gn\" type=\"hidden\" value=\"ml\" \/><input type=\"hidden\" id=\"interface\" name=\"interface\" value=\"full\" \/>\n\t\t\t<div style=\"margin-left:40%;\">\n\t\t\t\n\t\t\t\t<input style=\"float:left;\" type=\"image\" width=\"40\" height=\"40\" src=\"http:\/\/blog.espol.edu.ec\/vicenteriofrio\/wp-content\/plugins\/vozme\/img\/megaphone40x40w.gif\" alt=\"Escucha este post\" onclick=\"window.open('', '6aa80ec2b6baf5b2e1716ead4e7ed982', 'width=600,height=370,scrollbars=yes,location=yes,menubar=yes,resizable=yes,status=yes,toolbar=yes');\">\n\t\t\t\t<div style=\"margin-left:48px; text-align:left;\"><a style=\"font-size:12px;\" href=\"javascript:void(0);\" onclick=\"window.open('', '6aa80ec2b6baf5b2e1716ead4e7ed982', 'width=600,height=370,scrollbars=yes,location=yes,menubar=yes,resizable=yes,status=yes,toolbar=yes'); document.getElementById('vozme_form_6aa80ec2b6baf5b2e1716ead4e7ed982').submit();\">Escucha<br\/>este post<\/a><\/div>\n\t\t\t<\/div><\/form>","protected":false},"excerpt":{"rendered":"<p>BOSQUE DE PERSONALIDADES E INVITADOS ESPOL DIFUSI\u00d3N: 2010.01.20 ESPOL - ICQA En el campus Gustavo Galindo Velasco de la ESPOL existe un pedazo de bosque sembrado con guayacanes por las personalidades de la instituci\u00f3n, aqu\u00ed tambi\u00e9n se incluye siembra de \u00e1rboles por parte de ilustres invitados. Esto a partir del a\u00f1o 2000, ver im\u00e1genes: En [&hellip;]<\/p>\n","protected":false},"author":194,"featured_media":0,"comment_status":"open","ping_status":"open","sticky":false,"template":"","format":"standard","meta":{"_monsterinsights_skip_tracking":false,"_monsterinsights_sitenote_active":false,"_monsterinsights_sitenote_note":"","_monsterinsights_sitenote_category":0,"footnotes":""},"categories":[3238,6450],"tags":[12011,981,3983,15357,15359,15361,4228,11910,70,15358,1059,1058,6,2280,15362,980,2537,2542,259,976,9331,15363,6645,1057,15360,1347,6831,1194,330],"class_list":["post-7304","post","type-post","status-publish","format-standard","hentry","category-1-miscelaneas","category-quimica-general-i-p008-mayo-2009","tag-adriana-jimenez-a","tag-aprender-ensenando","tag-aprender-haciendo","tag-bosque-de-personalidades-e-invitados-espol","tag-celia-arnieli","tag-charlie-kerans","tag-descargar","tag-download","tag-ecuador","tag-eduardo-rivadeneira","tag-emprendimiento-para-aprender","tag-ensenando-a-aprender","tag-espol","tag-facebook","tag-felix-ramirez","tag-formacion-lideres","tag-free","tag-gratis","tag-guayaquil","tag-icqa","tag-learn-by-doing","tag-octavio-roca-de-castro","tag-ph-d-vicente-riofrio-t","tag-responsables","tag-tim-olson","tag-twitter","tag-victor-bastidas","tag-vinculos-con-la-comunidad","tag-youtube"],"_links":{"self":[{"href":"https:\/\/blog.espol.edu.ec\/vicenteriofrio\/wp-json\/wp\/v2\/posts\/7304","targetHints":{"allow":["GET"]}}],"collection":[{"href":"https:\/\/blog.espol.edu.ec\/vicenteriofrio\/wp-json\/wp\/v2\/posts"}],"about":[{"href":"https:\/\/blog.espol.edu.ec\/vicenteriofrio\/wp-json\/wp\/v2\/types\/post"}],"author":[{"embeddable":true,"href":"https:\/\/blog.espol.edu.ec\/vicenteriofrio\/wp-json\/wp\/v2\/users\/194"}],"replies":[{"embeddable":true,"href":"https:\/\/blog.espol.edu.ec\/vicenteriofrio\/wp-json\/wp\/v2\/comments?post=7304"}],"version-history":[{"count":8,"href":"https:\/\/blog.espol.edu.ec\/vicenteriofrio\/wp-json\/wp\/v2\/posts\/7304\/revisions"}],"predecessor-version":[{"id":7313,"href":"https:\/\/blog.espol.edu.ec\/vicenteriofrio\/wp-json\/wp\/v2\/posts\/7304\/revisions\/7313"}],"wp:attachment":[{"href":"https:\/\/blog.espol.edu.ec\/vicenteriofrio\/wp-json\/wp\/v2\/media?parent=7304"}],"wp:term":[{"taxonomy":"category","embeddable":true,"href":"https:\/\/blog.espol.edu.ec\/vicenteriofrio\/wp-json\/wp\/v2\/categories?post=7304"},{"taxonomy":"post_tag","embeddable":true,"href":"https:\/\/blog.espol.edu.ec\/vicenteriofrio\/wp-json\/wp\/v2\/tags?post=7304"}],"curies":[{"name":"wp","href":"https:\/\/api.w.org\/{rel}","templated":true}]}}