{"id":9537,"date":"2010-05-13T14:30:31","date_gmt":"2010-05-13T19:30:31","guid":{"rendered":"http:\/\/blog.espol.edu.ec\/vicenteriofrio\/?p=9537"},"modified":"2010-05-13T14:30:31","modified_gmt":"2010-05-13T19:30:31","slug":"un-ano-atras-2010-04-01","status":"publish","type":"post","link":"https:\/\/blog.espol.edu.ec\/vicenteriofrio\/2010\/05\/13\/un-ano-atras-2010-04-01\/","title":{"rendered":"UN A\u00d1O ATR\u00c1S, 2010.04.01"},"content":{"rendered":"<p style=\"text-align: center\">\n<div id=\"attachment_9533\" style=\"width: 452px\" class=\"wp-caption aligncenter\"><a href=\"http:\/\/blog.espol.edu.ec\/vicenteriofrio\/files\/2010\/05\/114.jpg\"><img loading=\"lazy\" decoding=\"async\" aria-describedby=\"caption-attachment-9533\" class=\"size-full wp-image-9533\" title=\"1\" src=\"http:\/\/blog.espol.edu.ec\/vicenteriofrio\/files\/2010\/05\/114.jpg\" alt=\"\" width=\"442\" height=\"442\" srcset=\"https:\/\/blog.espol.edu.ec\/vicenteriofrio\/files\/2010\/05\/114.jpg 442w, https:\/\/blog.espol.edu.ec\/vicenteriofrio\/files\/2010\/05\/114-150x150.jpg 150w, https:\/\/blog.espol.edu.ec\/vicenteriofrio\/files\/2010\/05\/114-300x300.jpg 300w\" sizes=\"auto, (max-width: 442px) 100vw, 442px\" \/><\/a><p id=\"caption-attachment-9533\" class=\"wp-caption-text\">UN A\u00d1O ATR\u00c1S<\/p><\/div>\n<p style=\"text-align: center\"><a href=\"http:\/\/www.icqa.espol.edu.ec\/\">ICQA<\/a> -\u00a0 <a href=\"http:\/\/www.espol.edu.ec\/\">ESPOL<\/a><\/p>\n<p style=\"text-align: center\">Difusi\u00f3n 2010.05.13<\/p>\n<p style=\"text-align: center\">\n<p>Un D\u00eda como hoy 1 de Abril hace un a\u00f1o atr\u00e1s publicamos la siguiente entrada:<\/p>\n<p style=\"text-align: center\">FECHA: 2009.04.01<\/p>\n<p style=\"text-align: center\">\u00bfC\u00d3MO ESTUDIAR MATEM\u00c1TICAS? POR DIANA MARY DEVOL BEVILACQUA DEPARTAMENTO DE MATEM\u00c1TICAS DE UNIVERSIDAD DE OHIO 2006.08.08<\/p>\n<p style=\"text-align: center\"><a href=\"..\/..\/..\/..\/..\/2009\/04\/01\/\">http:\/\/blog.espol.edu.ec\/vicenteriofrio\/2009\/04\/01\/<\/a><\/p>\n<p style=\"text-align: justify\">Los invitamos a ser parte de nuestro blog y sacar el mayor provecho a la informaci\u00f3n proporcionada un a\u00f1o atr\u00e1s la misma que aun tiene validez.<\/p>\n<p style=\"text-align: justify\">Las entradas del mes de Abril del 2009, mes en el que con esfuerzo y dedicaci\u00f3n fuimos alimentando este espacio, pueden ser visualizadas mediante los siguientes\u00a0 links.<\/p>\n<p style=\"text-align: justify\">Nos gustar\u00eda conocer su comentario y nos detallen que temas le gustar\u00eda que abordemos.<\/p>\n<p style=\"text-align: center\">FECHA: 2009.04.03<\/p>\n<p style=\"text-align: center\">SESI\u00d3N DE FITNESS CON ANAH\u00cd BONILLA MEZA EN EL GIMNASIO PARA LOS SERVIDORES DE LA ESPOL al pie de la FIEC (CAMPUS PROSPERINA) \/ ESPOL AL 20090402<\/p>\n<p style=\"text-align: center\"><a href=\"..\/..\/..\/..\/..\/2009\/04\/03\/\">http:\/\/blog.espol.edu.ec\/vicenteriofrio\/2009\/04\/03\/<\/a><\/p>\n<p style=\"text-align: center\">\n<p style=\"text-align: center\">FECHA: 2009.04.05<\/p>\n<p style=\"text-align: center\">Informe sobre la 7ma reuni\u00f3n del Club de Cultural Digital (club de bloggers) de la ESPOL 2009.04.02<\/p>\n<p style=\"text-align: center\"><a href=\"..\/..\/..\/..\/..\/2009\/04\/05\/\">http:\/\/blog.espol.edu.ec\/vicenteriofrio\/2009\/04\/05\/<\/a><\/p>\n<p style=\"text-align: center\">\n<p style=\"text-align: center\">FECHA: 2009.04.08<\/p>\n<p style=\"text-align: center\">EL CHOCOLATE Y EL RENDIMIENTO ACAD\u00c9MICO EN LOS CURSOS DE QU\u00cdMICA GENERAL I<\/p>\n<p style=\"text-align: center\"><a href=\"..\/..\/..\/..\/..\/2009\/04\/08\/\">http:\/\/blog.espol.edu.ec\/vicenteriofrio\/2009\/04\/08\/<\/a><\/p>\n<p style=\"text-align: center\">\n<p style=\"text-align: center\">FECHA: 2009.04.10<\/p>\n<p style=\"text-align: center\">1era Reuni\u00f3n Preparatoria BarCampGuayaquil09 2009.04.09 Mall del Sol Guayaquil Ecuador<\/p>\n<p style=\"text-align: center\"><a href=\"..\/..\/..\/..\/..\/2009\/04\/10\/\">http:\/\/blog.espol.edu.ec\/vicenteriofrio\/2009\/04\/10\/<\/a><\/p>\n<p style=\"text-align: center\">\n<p style=\"text-align: center\">FECHA: 2009.04.10<\/p>\n<p style=\"text-align: center\">LEYES PARA GANAR UNA GUERRA de ACUERDO al ALQUIMISTA diario EL UNIVERSO 2009 03 29 y su APLICACI\u00d3N TANTO a los RESULTADOS OBTENIDOS en las JORNADAS de las COMPETICIONES para la ELIMINATORIA SUDAMERICANA FIFA SUD\u00c1FRICA 2010 COMO al RENDIMIENTO ACAD\u00c9MICO UNIVERSITARIO<\/p>\n<p style=\"text-align: center\"><a href=\"..\/..\/..\/..\/..\/2009\/04\/10\/leyes-para-ganar-una-guerra-de-acuerdo-al-alquimista-diario-el-universo-2009-03-29-y-su-aplicacion-tanto-a-los-resultados-obtenidos-en-las-jornadas-de-las-competiciones-para-la-eliminatoria-sudamerica\/\">http:\/\/blog.espol.edu.ec\/vicenteriofrio\/2009\/04\/10\/leyes-para-ganar-una-guerra-de-acuerdo-al-alquimista-diario-el-universo-2009-03-29-y-su-aplicacion-tanto-a-los-resultados-obtenidos-en-las-jornadas-de-las-competiciones-para-la-eliminatoria-sudamerica\/<\/a><\/p>\n<p style=\"text-align: center\">\n<p style=\"text-align: center\">FECHA: 2009.04.11<\/p>\n<p style=\"text-align: center\">Informe sobre la 8ma reuni\u00f3n del Club de Cultural Digital (club de bloggers) de la ESPOL 2009.04.09<\/p>\n<p style=\"text-align: center\"><a href=\"..\/..\/..\/..\/..\/2009\/04\/11\/\">http:\/\/blog.espol.edu.ec\/vicenteriofrio\/2009\/04\/11\/<\/a><\/p>\n<p style=\"text-align: center\">\n<p style=\"text-align: center\">FECHA: 2009.04.14<\/p>\n<p style=\"text-align: center\">\u00bfC\u00d3MO LLEGAR AL EVENTO FLISOL GUAYAQUIL EL 18 DE ABRIL DE 2009?<\/p>\n<p style=\"text-align: center\"><a href=\"..\/..\/..\/..\/..\/2009\/04\/14\/\">http:\/\/blog.espol.edu.ec\/vicenteriofrio\/2009\/04\/14\/<\/a><\/p>\n<p style=\"text-align: center\">\n<p style=\"text-align: center\">FECHA: 2009.04.15<\/p>\n<p style=\"text-align: center\">\u00bfC\u00d3MO DAR VIDA A UN BLOG? Documento PPT para ser discutido el d\u00eda s\u00e1bado 2009.04.18 en el Festival Latinoamericano de Instalaci\u00f3n de Software Libre FIEC ESPOL Campus Gustavo Galindo<\/p>\n<p style=\"text-align: center\"><a href=\"..\/..\/..\/..\/..\/2009\/04\/15\/\">http:\/\/blog.espol.edu.ec\/vicenteriofrio\/2009\/04\/15\/<\/a><\/p>\n<p style=\"text-align: center\">\n<p style=\"text-align: center\">FECHA: 2009.04.17<\/p>\n<p style=\"text-align: center\">Informe sobre la 9na Reuni\u00f3n del Club de Cultural Digital (club de bloggers) de la ESPOL 2009.04.16<\/p>\n<p style=\"text-align: center\"><a href=\"..\/..\/..\/..\/..\/2009\/04\/17\/\">http:\/\/blog.espol.edu.ec\/vicenteriofrio\/2009\/04\/17\/<\/a><\/p>\n<p style=\"text-align: center\">\n<p style=\"text-align: center\">FECHA: 2009.04.18<\/p>\n<p style=\"text-align: center\">2da Reuni\u00f3n Preparatoria BarCampGuayaquil09 2009.04.16 en el local de McDonald\u2019s diagonal a San Marino Guayaquil Ecuador<\/p>\n<p style=\"text-align: center\"><a href=\"..\/..\/..\/..\/..\/2009\/04\/18\/\">http:\/\/blog.espol.edu.ec\/vicenteriofrio\/2009\/04\/18\/<\/a><\/p>\n<p style=\"text-align: center\">\n<p style=\"text-align: center\">FECHA: 2009.04.19<\/p>\n<p style=\"text-align: center\">\u00bfC\u00d3MO DAR VIDA A UN BLOG? charla presentada el d\u00eda s\u00e1bado 2009.04.18 en el Festival Latinoamericano de Instalaci\u00f3n de Software Libre FIEC (ESPOL Campus Gustavo Galindo)<\/p>\n<p style=\"text-align: center\"><a href=\"..\/..\/..\/..\/..\/2009\/04\/19\/\">http:\/\/blog.espol.edu.ec\/vicenteriofrio\/2009\/04\/19\/<\/a><\/p>\n<p style=\"text-align: center\">\n<p style=\"text-align: center\">FECHA: 2009.04.22<\/p>\n<p style=\"text-align: center\">\u00bfC\u00d3MO ESTUDIAR F\u00cdSICA? de David R. Hubin y Charles Riddell, revisi\u00f3n Lawrence C. Shepley, Universidad de Texas en Austin<\/p>\n<p style=\"text-align: center\"><a href=\"..\/..\/..\/..\/..\/2009\/04\/22\/\">http:\/\/blog.espol.edu.ec\/vicenteriofrio\/2009\/04\/22\/<\/a><\/p>\n<p style=\"text-align: center\">\n<p style=\"text-align: center\">FECHA: 2009.04.24<\/p>\n<p style=\"text-align: center\">Informe sobre la 10ma reuni\u00f3n del Club de Cultural Digital (Club de bloggers) de la ESPOL 2009.04.23<\/p>\n<p style=\"text-align: center\"><a href=\"..\/..\/..\/..\/..\/2009\/04\/24\/\">http:\/\/blog.espol.edu.ec\/vicenteriofrio\/2009\/04\/24\/<\/a><\/p>\n<p style=\"text-align: center\">\n<p style=\"text-align: center\">FECHA: 2009.04.25<\/p>\n<p style=\"text-align: center\">3era Reuni\u00f3n Preparatoria BarCampGuayaquil09 2009.04.23 en el McDonald\u2019s Coffee de la Av. Fco. Orellana diagonal a San Marino Guayaquil Ecuador<\/p>\n<p style=\"text-align: center\"><a href=\"..\/..\/..\/..\/..\/2009\/04\/25\/\">http:\/\/blog.espol.edu.ec\/vicenteriofrio\/2009\/04\/25\/<\/a><\/p>\n<p style=\"text-align: center\">\n<p style=\"text-align: center\">FECHA: 2009.04.27<\/p>\n<p style=\"text-align: center\">\u00bfC\u00f3mo llego a BarCampGuayaquil09? 2009.06.27<\/p>\n<p style=\"text-align: center\"><a href=\"..\/..\/..\/..\/..\/2009\/04\/27\/\">http:\/\/blog.espol.edu.ec\/vicenteriofrio\/2009\/04\/27\/<\/a><\/p>\n<p style=\"text-align: center\">\n<p style=\"text-align: center\">FECHA: 2009.04.29<\/p>\n<p style=\"text-align: center\">\u00bfQu\u00e9 es BarcamGuayaquil09? \u00bfQu\u00e9 se ha hecho? \u00bfQu\u00e9 haremos? 2009.06.27<\/p>\n<p style=\"text-align: center\"><a href=\"..\/..\/..\/..\/..\/2009\/04\/29\/\">http:\/\/blog.espol.edu.ec\/vicenteriofrio\/2009\/04\/29\/<\/a><\/p>\n<p style=\"text-align: center\"><strong>LAS IM\u00c1GENES y los v\u00eddeos PUEDEN SER BAJADOS (DOWNLOAD) EN SUS SITIOS DE FORMA GRATUITA (FREE).<\/strong><\/p>\n<p style=\"text-align: center\">Por m\u00e1s v\u00eddeos del blog (asuntos educativos), acceder:<\/p>\n<p style=\"text-align: center\"><strong>En los buscadores como GOOGLE, buscar: PHOTOPEACH\u00a0 vriofrio, escoger entrada.<\/strong><\/p>\n<p style=\"text-align: center\"><strong>En los buscadores como GOOGLE, buscar: ANIMOTO\u00a0 Vicente, escoger entrada.<\/strong><\/p>\n<p style=\"text-align: center\">En vart12345 m\u00e1s de 1235 v\u00eddeos sobre asuntos educativos y formaci\u00f3n de valores:<\/p>\n<p style=\"text-align: center\"><a href=\"http:\/\/www.youtube.com\/user\/vart12345\">http:\/\/www.youtube.com\/user\/vart12345<\/a><\/p>\n<p style=\"text-align: center\">Os recomendamos visitar:<\/p>\n<p style=\"text-align: center\"><a href=\"http:\/\/www.ted.com\/\">http:\/\/www.ted.com<\/a><\/p>\n<p style=\"text-align: center\"><a href=\"http:\/\/animoto.com\/education\"><img decoding=\"async\" src=\"http:\/\/animoto.com\/images\/banners\/a4e_190x110.jpg\" alt=\"Animoto for Education - Bringing your classroom to live\" \/><\/a><\/p>\n<p style=\"text-align: center\">POR FAVOR, SEGUIRnos en:<\/p>\n<p style=\"text-align: center\"><a href=\"http:\/\/twitter.com\/espol\">http:\/\/twitter.com\/espol<\/a><\/p>\n<p style=\"text-align: center\">Para conocer las actividades de nuestros amigos y las m\u00edas propias s\u00edrvase acceder al sitio:<\/p>\n<p style=\"text-align: center\"><a href=\"http:\/\/www.facebook.com\/vriofrio\">http:\/\/www.facebook.com\/vriofrio<\/a><\/p>\n<p style=\"text-align: center\"><strong>OS ESPERAMOS<\/strong><\/p>\n<p style=\"text-align: center\"><strong>PREGUNTAS, APORTES, SUGERENCIAS Y COMENTARIOS, POR FAVOR, HACERLOS \u00a0LLEGAR V\u00cdA COMMENTS A ESTA ENTRADA.<\/strong><\/p>\n<form> <\/form>\n<p style=\"text-align: center\">\n<form id=\"vozme_form_f70756bebddb8bf731977a1620467b5e\" method=\"post\" name=\"vozme_form_f70756bebddb8bf731977a1620467b5e\" target=\"f70756bebddb8bf731977a1620467b5e\" action=\"http:\/\/vozme.com\/text2voice.php\"><input name=\"text\" type=\"hidden\" value=\"UN A\u00d1O ATR\u00c1S, 2010.04.01. \n[caption id=&quot;attachment_9533&quot; align=&quot;aligncenter&quot; width=&quot;442&quot; caption=&quot;UN A\u00d1O ATR\u00c1S&quot;][\/caption]\nICQA -\u00a0 ESPOL\nDifusi\u00f3n 2010.05.13\n\nUn D\u00eda como hoy 1 de Abril hace un a\u00f1o atr\u00e1s publicamos la siguiente entrada:\nFECHA: 2009.04.01\n\u00bfC\u00d3MO ESTUDIAR MATEM\u00c1TICAS? POR DIANA MARY DEVOL BEVILACQUA DEPARTAMENTO DE MATEM\u00c1TICAS DE UNIVERSIDAD DE OHIO 2006.08.08\nhttp:\/\/blog.espol.edu.ec\/vicenteriofrio\/2009\/04\/01\/\nLos invitamos a ser parte de nuestro blog y sacar el mayor provecho a la informaci\u00f3n proporcionada un a\u00f1o atr\u00e1s la misma que aun tiene validez.\nLas entradas del mes de Abril del 2009, mes en el que con esfuerzo y dedicaci\u00f3n fuimos alimentando este espacio, pueden ser visualizadas mediante los siguientes\u00a0 links.\nNos gustar\u00eda conocer su comentario y nos detallen que temas le gustar\u00eda que abordemos.\nFECHA: 2009.04.03\nSESI\u00d3N DE FITNESS CON ANAH\u00cd BONILLA MEZA EN EL GIMNASIO PARA LOS SERVIDORES DE LA ESPOL al pie de la FIEC (CAMPUS PROSPERINA) \/ ESPOL AL 20090402\nhttp:\/\/blog.espol.edu.ec\/vicenteriofrio\/2009\/04\/03\/\n\nFECHA: 2009.04.05\nInforme sobre la 7ma reuni\u00f3n del Club de Cultural Digital (club de bloggers) de la ESPOL 2009.04.02\nhttp:\/\/blog.espol.edu.ec\/vicenteriofrio\/2009\/04\/05\/\n\nFECHA: 2009.04.08\nEL CHOCOLATE Y EL RENDIMIENTO ACAD\u00c9MICO EN LOS CURSOS DE QU\u00cdMICA GENERAL I\nhttp:\/\/blog.espol.edu.ec\/vicenteriofrio\/2009\/04\/08\/\n\nFECHA: 2009.04.10\n1era Reuni\u00f3n Preparatoria BarCampGuayaquil09 2009.04.09 Mall del Sol Guayaquil Ecuador\nhttp:\/\/blog.espol.edu.ec\/vicenteriofrio\/2009\/04\/10\/\n\nFECHA: 2009.04.10\nLEYES PARA GANAR UNA GUERRA de ACUERDO al ALQUIMISTA diario EL UNIVERSO 2009 03 29 y su APLICACI\u00d3N TANTO a los RESULTADOS OBTENIDOS en las JORNADAS de las COMPETICIONES para la ELIMINATORIA SUDAMERICANA FIFA SUD\u00c1FRICA 2010 COMO al RENDIMIENTO ACAD\u00c9MICO UNIVERSITARIO\nhttp:\/\/blog.espol.edu.ec\/vicenteriofrio\/2009\/04\/10\/leyes-para-ganar-una-guerra-de-acuerdo-al-alquimista-diario-el-universo-2009-03-29-y-su-aplicacion-tanto-a-los-resultados-obtenidos-en-las-jornadas-de-las-competiciones-para-la-eliminatoria-sudamerica\/\n\nFECHA: 2009.04.11\nInforme sobre la 8ma reuni\u00f3n del Club de Cultural Digital (club de bloggers) de la ESPOL 2009.04.09\nhttp:\/\/blog.espol.edu.ec\/vicenteriofrio\/2009\/04\/11\/\n\nFECHA: 2009.04.14\n\u00bfC\u00d3MO LLEGAR AL EVENTO FLISOL GUAYAQUIL EL 18 DE ABRIL DE 2009?\nhttp:\/\/blog.espol.edu.ec\/vicenteriofrio\/2009\/04\/14\/\n\nFECHA: 2009.04.15\n\u00bfC\u00d3MO DAR VIDA A UN BLOG? Documento PPT para ser discutido el d\u00eda s\u00e1bado 2009.04.18 en el Festival Latinoamericano de Instalaci\u00f3n de Software Libre FIEC ESPOL Campus Gustavo Galindo\nhttp:\/\/blog.espol.edu.ec\/vicenteriofrio\/2009\/04\/15\/\n\nFECHA: 2009.04.17\nInforme sobre la 9na Reuni\u00f3n del Club de Cultural Digital (club de bloggers) de la ESPOL 2009.04.16\nhttp:\/\/blog.espol.edu.ec\/vicenteriofrio\/2009\/04\/17\/\n\nFECHA: 2009.04.18\n2da Reuni\u00f3n Preparatoria BarCampGuayaquil09 2009.04.16 en el local de McDonald\u2019s diagonal a San Marino Guayaquil Ecuador\nhttp:\/\/blog.espol.edu.ec\/vicenteriofrio\/2009\/04\/18\/\n\nFECHA: 2009.04.19\n\u00bfC\u00d3MO DAR VIDA A UN BLOG? charla presentada el d\u00eda s\u00e1bado 2009.04.18 en el Festival Latinoamericano de Instalaci\u00f3n de Software Libre FIEC (ESPOL Campus Gustavo Galindo)\nhttp:\/\/blog.espol.edu.ec\/vicenteriofrio\/2009\/04\/19\/\n\nFECHA: 2009.04.22\n\u00bfC\u00d3MO ESTUDIAR F\u00cdSICA? de David R. Hubin y Charles Riddell, revisi\u00f3n Lawrence C. Shepley, Universidad de Texas en Austin\nhttp:\/\/blog.espol.edu.ec\/vicenteriofrio\/2009\/04\/22\/\n\nFECHA: 2009.04.24\nInforme sobre la 10ma reuni\u00f3n del Club de Cultural Digital (Club de bloggers) de la ESPOL 2009.04.23\nhttp:\/\/blog.espol.edu.ec\/vicenteriofrio\/2009\/04\/24\/\n\nFECHA: 2009.04.25\n3era Reuni\u00f3n Preparatoria BarCampGuayaquil09 2009.04.23 en el McDonald\u2019s Coffee de la Av. Fco. Orellana diagonal a San Marino Guayaquil Ecuador\nhttp:\/\/blog.espol.edu.ec\/vicenteriofrio\/2009\/04\/25\/\n\nFECHA: 2009.04.27\n\u00bfC\u00f3mo llego a BarCampGuayaquil09? 2009.06.27\nhttp:\/\/blog.espol.edu.ec\/vicenteriofrio\/2009\/04\/27\/\n\nFECHA: 2009.04.29\n\u00bfQu\u00e9 es BarcamGuayaquil09? \u00bfQu\u00e9 se ha hecho? \u00bfQu\u00e9 haremos? 2009.06.27\nhttp:\/\/blog.espol.edu.ec\/vicenteriofrio\/2009\/04\/29\/\nLAS IM\u00c1GENES y los v\u00eddeos PUEDEN SER BAJADOS (DOWNLOAD) EN SUS SITIOS DE FORMA GRATUITA (FREE).\nPor m\u00e1s v\u00eddeos del blog (asuntos educativos), acceder:\nEn los buscadores como GOOGLE, buscar: PHOTOPEACH\u00a0 vriofrio, escoger entrada.\nEn los buscadores como GOOGLE, buscar: ANIMOTO\u00a0 Vicente, escoger entrada.\nEn vart12345 m\u00e1s de 1235 v\u00eddeos sobre asuntos educativos y formaci\u00f3n de valores:\nhttp:\/\/www.youtube.com\/user\/vart12345\nOs recomendamos visitar:\nhttp:\/\/www.ted.com\n\nPOR FAVOR, SEGUIRnos en:\nhttp:\/\/twitter.com\/espol\nPara conocer las actividades de nuestros amigos y las m\u00edas propias s\u00edrvase acceder al sitio:\nhttp:\/\/www.facebook.com\/vriofrio\nOS ESPERAMOS\nPREGUNTAS, APORTES, SUGERENCIAS Y COMENTARIOS, POR FAVOR, HACERLOS \u00a0LLEGAR V\u00cdA COMMENTS A ESTA ENTRADA.\n \n\n\" \/><input name=\"lang\" type=\"hidden\" value=\"es\" \/><input name=\"gn\" type=\"hidden\" value=\"ml\" \/><input type=\"hidden\" id=\"interface\" name=\"interface\" value=\"full\" \/>\n\t\t\t<div style=\"margin-left:40%;\">\n\t\t\t\n\t\t\t\t<input style=\"float:left;\" type=\"image\" width=\"40\" height=\"40\" src=\"http:\/\/blog.espol.edu.ec\/vicenteriofrio\/wp-content\/plugins\/vozme\/img\/megaphone40x40w.gif\" alt=\"Escucha este post\" onclick=\"window.open('', 'f70756bebddb8bf731977a1620467b5e', 'width=600,height=370,scrollbars=yes,location=yes,menubar=yes,resizable=yes,status=yes,toolbar=yes');\">\n\t\t\t\t<div style=\"margin-left:48px; text-align:left;\"><a style=\"font-size:12px;\" href=\"javascript:void(0);\" onclick=\"window.open('', 'f70756bebddb8bf731977a1620467b5e', 'width=600,height=370,scrollbars=yes,location=yes,menubar=yes,resizable=yes,status=yes,toolbar=yes'); document.getElementById('vozme_form_f70756bebddb8bf731977a1620467b5e').submit();\">Escucha<br\/>este post<\/a><\/div>\n\t\t\t<\/div><\/form>","protected":false},"excerpt":{"rendered":"<p>ICQA -\u00a0 ESPOL Difusi\u00f3n 2010.05.13 Un D\u00eda como hoy 1 de Abril hace un a\u00f1o atr\u00e1s publicamos la siguiente entrada: FECHA: 2009.04.01 \u00bfC\u00d3MO ESTUDIAR MATEM\u00c1TICAS? POR DIANA MARY DEVOL BEVILACQUA DEPARTAMENTO DE MATEM\u00c1TICAS DE UNIVERSIDAD DE OHIO 2006.08.08 http:\/\/blog.espol.edu.ec\/vicenteriofrio\/2009\/04\/01\/ Los invitamos a ser parte de nuestro blog y sacar el mayor provecho a la informaci\u00f3n [&hellip;]<\/p>\n","protected":false},"author":194,"featured_media":0,"comment_status":"open","ping_status":"open","sticky":false,"template":"","format":"standard","meta":{"_monsterinsights_skip_tracking":false,"_monsterinsights_sitenote_active":false,"_monsterinsights_sitenote_note":"","_monsterinsights_sitenote_category":0,"footnotes":""},"categories":[14274],"tags":[11661,981,4228,11910,6,980,2537,2542,976,1057,12957,3967,1194],"class_list":["post-9537","post","type-post","status-publish","format-standard","hentry","category-1-un-ano-atras","tag-adriana-jimenez","tag-aprender-ensenando","tag-descargar","tag-download","tag-espol","tag-formacion-lideres","tag-free","tag-gratis","tag-icqa","tag-responsables","tag-un-ano-atras","tag-vicente-riofrio","tag-vinculos-con-la-comunidad"],"_links":{"self":[{"href":"https:\/\/blog.espol.edu.ec\/vicenteriofrio\/wp-json\/wp\/v2\/posts\/9537","targetHints":{"allow":["GET"]}}],"collection":[{"href":"https:\/\/blog.espol.edu.ec\/vicenteriofrio\/wp-json\/wp\/v2\/posts"}],"about":[{"href":"https:\/\/blog.espol.edu.ec\/vicenteriofrio\/wp-json\/wp\/v2\/types\/post"}],"author":[{"embeddable":true,"href":"https:\/\/blog.espol.edu.ec\/vicenteriofrio\/wp-json\/wp\/v2\/users\/194"}],"replies":[{"embeddable":true,"href":"https:\/\/blog.espol.edu.ec\/vicenteriofrio\/wp-json\/wp\/v2\/comments?post=9537"}],"version-history":[{"count":4,"href":"https:\/\/blog.espol.edu.ec\/vicenteriofrio\/wp-json\/wp\/v2\/posts\/9537\/revisions"}],"predecessor-version":[{"id":9541,"href":"https:\/\/blog.espol.edu.ec\/vicenteriofrio\/wp-json\/wp\/v2\/posts\/9537\/revisions\/9541"}],"wp:attachment":[{"href":"https:\/\/blog.espol.edu.ec\/vicenteriofrio\/wp-json\/wp\/v2\/media?parent=9537"}],"wp:term":[{"taxonomy":"category","embeddable":true,"href":"https:\/\/blog.espol.edu.ec\/vicenteriofrio\/wp-json\/wp\/v2\/categories?post=9537"},{"taxonomy":"post_tag","embeddable":true,"href":"https:\/\/blog.espol.edu.ec\/vicenteriofrio\/wp-json\/wp\/v2\/tags?post=9537"}],"curies":[{"name":"wp","href":"https:\/\/api.w.org\/{rel}","templated":true}]}}