{"id":475,"count":1,"description":"","link":"https:\/\/blog.espol.edu.ec\/vicenteriofrio\/tag\/calculo-del-cociente-de-la-reaccion-q-relacion-con-kc-y-kp\/","name":"C\u00c1LCULO DEL COCIENTE DE LA REACCI\u00d3N Q RELACI\u00d3N CON Kc y kp","slug":"calculo-del-cociente-de-la-reaccion-q-relacion-con-kc-y-kp","taxonomy":"post_tag","meta":[],"_links":{"self":[{"href":"https:\/\/blog.espol.edu.ec\/vicenteriofrio\/wp-json\/wp\/v2\/tags\/475","targetHints":{"allow":["GET"]}}],"collection":[{"href":"https:\/\/blog.espol.edu.ec\/vicenteriofrio\/wp-json\/wp\/v2\/tags"}],"about":[{"href":"https:\/\/blog.espol.edu.ec\/vicenteriofrio\/wp-json\/wp\/v2\/taxonomies\/post_tag"}],"wp:post_type":[{"href":"https:\/\/blog.espol.edu.ec\/vicenteriofrio\/wp-json\/wp\/v2\/posts?tags=475"}],"curies":[{"name":"wp","href":"https:\/\/api.w.org\/{rel}","templated":true}]}}