{"id":143,"date":"2013-07-05T23:20:54","date_gmt":"2013-07-05T23:20:54","guid":{"rendered":"http:\/\/blog.espol.edu.ec\/vickyacosta\/?p=143"},"modified":"2013-07-05T23:20:54","modified_gmt":"2013-07-05T23:20:54","slug":"universidad-san-franciso-de-quito","status":"publish","type":"post","link":"https:\/\/blog.espol.edu.ec\/vickyacosta\/2013\/07\/05\/universidad-san-franciso-de-quito\/","title":{"rendered":"Universidad San Franciso de Quito"},"content":{"rendered":"<p>Colegio de M\u00fasica<span style=\"text-align: center\">\u00a0<\/span><\/p>\n<p style=\"text-align: center\"><a href=\"http:\/\/blog.espol.edu.ec\/vickyacosta\/files\/2013\/07\/colegio.jpg\"><img loading=\"lazy\" decoding=\"async\" class=\"alignnone size-full wp-image-147\" src=\"http:\/\/blog.espol.edu.ec\/vickyacosta\/files\/2013\/07\/colegio.jpg\" alt=\"\" width=\"87\" height=\"90\" \/><\/a><\/p>\n<p>El Colegio de M\u00fasica (CoM) de la Universidad San Francisco de Quito (USFQ), es sin duda la facultad de m\u00fasica m\u00e1s importante del Ecuador. Desde hace 14 a\u00f1os el CoM asumi\u00f3 la responsabilidad de preparar, fortalecer, apoyar y creer en los m\u00fasicos del pa\u00eds. Miembro del prestigioso Berklee Internacional Network, el CoM se ha convertido en l\u00edder a nivel sudamericano en la ense\u00f1anza de producci\u00f3n y m\u00fasica contempor\u00e1nea.<\/p>\n<p>Adem\u00e1s de contar con un cuerpo docente de primer nivel, reconocido en diversos espacios musicales del Ecuador y el mundo, el CoM es un centro de difusi\u00f3n art\u00edstico-cultural, la cual se ve evidenciada a trav\u00e9s de sus seminarios especializados, conciertos, eventos, artistas invitados, clases magistrales, etc.<\/p>\n<p>Para mas informacion visitar la pagina :\u00a0<a href=\"http:\/\/www.usfq.edu.ec\/programas_academicos\/colegios\/imc\/Paginas\/Sobre-Nosotros.aspx\">http:\/\/www.usfq.edu.ec\/programas_academicos\/colegios\/imc\/Paginas\/Sobre-Nosotros.aspx<\/a><\/p>\n<p>&nbsp;<\/p>\n","protected":false},"excerpt":{"rendered":"<p>Colegio de M\u00fasica\u00a0 El Colegio de M\u00fasica (CoM) de la Universidad San Francisco de Quito (USFQ), es sin duda la facultad de m\u00fasica m\u00e1s importante del Ecuador. Desde hace 14 a\u00f1os el CoM asumi\u00f3 la responsabilidad de preparar, fortalecer, apoyar y creer en los m\u00fasicos del pa\u00eds. Miembro del prestigioso Berklee Internacional Network, el CoM [&hellip;]<\/p>\n","protected":false},"author":8683,"featured_media":0,"comment_status":"open","ping_status":"open","sticky":false,"template":"","format":"standard","meta":{"footnotes":""},"categories":[702],"tags":[],"class_list":["post-143","post","type-post","status-publish","format-standard","hentry","category-universidad"],"_links":{"self":[{"href":"https:\/\/blog.espol.edu.ec\/vickyacosta\/wp-json\/wp\/v2\/posts\/143","targetHints":{"allow":["GET"]}}],"collection":[{"href":"https:\/\/blog.espol.edu.ec\/vickyacosta\/wp-json\/wp\/v2\/posts"}],"about":[{"href":"https:\/\/blog.espol.edu.ec\/vickyacosta\/wp-json\/wp\/v2\/types\/post"}],"author":[{"embeddable":true,"href":"https:\/\/blog.espol.edu.ec\/vickyacosta\/wp-json\/wp\/v2\/users\/8683"}],"replies":[{"embeddable":true,"href":"https:\/\/blog.espol.edu.ec\/vickyacosta\/wp-json\/wp\/v2\/comments?post=143"}],"version-history":[{"count":2,"href":"https:\/\/blog.espol.edu.ec\/vickyacosta\/wp-json\/wp\/v2\/posts\/143\/revisions"}],"predecessor-version":[{"id":148,"href":"https:\/\/blog.espol.edu.ec\/vickyacosta\/wp-json\/wp\/v2\/posts\/143\/revisions\/148"}],"wp:attachment":[{"href":"https:\/\/blog.espol.edu.ec\/vickyacosta\/wp-json\/wp\/v2\/media?parent=143"}],"wp:term":[{"taxonomy":"category","embeddable":true,"href":"https:\/\/blog.espol.edu.ec\/vickyacosta\/wp-json\/wp\/v2\/categories?post=143"},{"taxonomy":"post_tag","embeddable":true,"href":"https:\/\/blog.espol.edu.ec\/vickyacosta\/wp-json\/wp\/v2\/tags?post=143"}],"curies":[{"name":"wp","href":"https:\/\/api.w.org\/{rel}","templated":true}]}}