{"id":46,"date":"2013-07-02T18:25:50","date_gmt":"2013-07-02T18:25:50","guid":{"rendered":"http:\/\/blog.espol.edu.ec\/vickyacosta\/?p=46"},"modified":"2013-07-02T20:17:50","modified_gmt":"2013-07-02T20:17:50","slug":"musica-del-ecuador","status":"publish","type":"post","link":"https:\/\/blog.espol.edu.ec\/vickyacosta\/2013\/07\/02\/musica-del-ecuador\/","title":{"rendered":"M\u00fasica del Ecuador"},"content":{"rendered":"\n\t\t<style type=\"text\/css\">\n\t\t\t#gallery-1 {\n\t\t\t\tmargin: auto;\n\t\t\t}\n\t\t\t#gallery-1 .gallery-item {\n\t\t\t\tfloat: left;\n\t\t\t\tmargin-top: 10px;\n\t\t\t\ttext-align: center;\n\t\t\t\twidth: 33%;\n\t\t\t}\n\t\t\t#gallery-1 img {\n\t\t\t\tborder: 2px solid #cfcfcf;\n\t\t\t}\n\t\t\t#gallery-1 .gallery-caption {\n\t\t\t\tmargin-left: 0;\n\t\t\t}\n\t\t\t\/* see gallery_shortcode() in wp-includes\/media.php *\/\n\t\t<\/style>\n\t\t<div id='gallery-1' class='gallery galleryid-46 gallery-columns-3 gallery-size-thumbnail'><dl class='gallery-item'>\n\t\t\t<dt class='gallery-icon landscape'>\n\t\t\t\t<a href='https:\/\/blog.espol.edu.ec\/vickyacosta\/2013\/07\/02\/musica-del-ecuador\/musica-ecuatoriana-copia\/'><img loading=\"lazy\" decoding=\"async\" width=\"150\" height=\"150\" src=\"https:\/\/blog.espol.edu.ec\/vickyacosta\/files\/2013\/07\/MUSICA-ECUATORIANA-copia-150x150.jpg\" class=\"attachment-thumbnail size-thumbnail\" alt=\"\" \/><\/a>\n\t\t\t<\/dt><\/dl><dl class='gallery-item'>\n\t\t\t<dt class='gallery-icon landscape'>\n\t\t\t\t<a href='https:\/\/blog.espol.edu.ec\/vickyacosta\/2013\/07\/02\/musica-del-ecuador\/musica-ecuatoriana-copia-2\/'><img loading=\"lazy\" decoding=\"async\" width=\"150\" height=\"150\" src=\"https:\/\/blog.espol.edu.ec\/vickyacosta\/files\/2013\/07\/MUSICA-ECUATORIANA-copia1-150x150.jpg\" class=\"attachment-thumbnail size-thumbnail\" alt=\"\" \/><\/a>\n\t\t\t<\/dt><\/dl>\n\t\t\t<br style='clear: both' \/>\n\t\t<\/div>\n\n<p>Los ritmos ecuatorianos o m\u00fasica ecuatoriana son las diversas manifestaciones musicales surgidas en el \u00e1mbito de la rep\u00fablica del Ecuador. \u00c9sta incluye muchas clases de m\u00fasica tradicional y popular que han evolucionado a lo largo de la historia en el actual territorio ecuatoriano.<br \/>\nLa m\u00fasica en el Ecuador ha ido evolucionando notablemente a trav\u00e9s de los tiempos, y en la actualidad los ritmos modernos for\u00e1neos como el techno, el rock o el pop, tambi\u00e9n han ido fusion\u00e1ndose con ritmos aut\u00f3ctonos incorporando instrumentos electr\u00f3nicos al acompa\u00f1amiento musical tradicional ecuatoriano (techno-sanjuanito o techno-pasacalle).<br \/>\nDe la misma manera, diversos g\u00e9neros musicales for\u00e1neos tienen representantes en el Ecuador, acrecentando a\u00fan m\u00e1s la gama musical del pa\u00eds.<\/p>\n<p>&nbsp;<\/p>\n","protected":false},"excerpt":{"rendered":"<p>Los ritmos ecuatorianos o m\u00fasica ecuatoriana son las diversas manifestaciones musicales surgidas en el \u00e1mbito de la rep\u00fablica del Ecuador. \u00c9sta incluye muchas clases de m\u00fasica tradicional y popular que han evolucionado a lo largo de la historia en el actual territorio ecuatoriano. La m\u00fasica en el Ecuador ha ido evolucionando notablemente a trav\u00e9s de [&hellip;]<\/p>\n","protected":false},"author":8683,"featured_media":0,"comment_status":"open","ping_status":"open","sticky":false,"template":"","format":"standard","meta":{"footnotes":""},"categories":[140],"tags":[],"class_list":["post-46","post","type-post","status-publish","format-standard","hentry","category-musica"],"_links":{"self":[{"href":"https:\/\/blog.espol.edu.ec\/vickyacosta\/wp-json\/wp\/v2\/posts\/46","targetHints":{"allow":["GET"]}}],"collection":[{"href":"https:\/\/blog.espol.edu.ec\/vickyacosta\/wp-json\/wp\/v2\/posts"}],"about":[{"href":"https:\/\/blog.espol.edu.ec\/vickyacosta\/wp-json\/wp\/v2\/types\/post"}],"author":[{"embeddable":true,"href":"https:\/\/blog.espol.edu.ec\/vickyacosta\/wp-json\/wp\/v2\/users\/8683"}],"replies":[{"embeddable":true,"href":"https:\/\/blog.espol.edu.ec\/vickyacosta\/wp-json\/wp\/v2\/comments?post=46"}],"version-history":[{"count":4,"href":"https:\/\/blog.espol.edu.ec\/vickyacosta\/wp-json\/wp\/v2\/posts\/46\/revisions"}],"predecessor-version":[{"id":61,"href":"https:\/\/blog.espol.edu.ec\/vickyacosta\/wp-json\/wp\/v2\/posts\/46\/revisions\/61"}],"wp:attachment":[{"href":"https:\/\/blog.espol.edu.ec\/vickyacosta\/wp-json\/wp\/v2\/media?parent=46"}],"wp:term":[{"taxonomy":"category","embeddable":true,"href":"https:\/\/blog.espol.edu.ec\/vickyacosta\/wp-json\/wp\/v2\/categories?post=46"},{"taxonomy":"post_tag","embeddable":true,"href":"https:\/\/blog.espol.edu.ec\/vickyacosta\/wp-json\/wp\/v2\/tags?post=46"}],"curies":[{"name":"wp","href":"https:\/\/api.w.org\/{rel}","templated":true}]}}