{"id":270,"date":"2021-11-21T15:34:39","date_gmt":"2021-11-21T14:34:39","guid":{"rendered":"http:\/\/blog.espol.edu.ec\/vipsubastas\/?p=270"},"modified":"2021-11-21T15:34:39","modified_gmt":"2021-11-21T14:34:39","slug":"los-bares-y-cafeterias-alegan-que-les-falta-personal-para-exigir-el-pasaporte-covid","status":"publish","type":"post","link":"https:\/\/blog.espol.edu.ec\/vipsubastas\/2021\/11\/21\/los-bares-y-cafeterias-alegan-que-les-falta-personal-para-exigir-el-pasaporte-covid\/","title":{"rendered":"Los bares y cafeter\u00edas alegan que les falta personal para exigir el pasaporte covid"},"content":{"rendered":"<div class=\"top-content\">\n<h1 class=\"article-title\">Los bares y cafeter\u00edas alegan que les falta personal para exigir el pasaporte covid<\/h1>\n<h2 class=\"article-epigraph\">Dan por hecho que se impondr\u00e1 la medida en breve pero reclaman que se limite a discotecas y restaurantes con m\u00e1s de 50 plazas<\/h2>\n<\/div>\n<section class=\"box3x1 flo-left con\">\n<ul class=\"share-options\">\n<li class=\"facebook\"><\/li>\n<li class=\"twitter\"><\/li>\n<li class=\"linkedin\"><\/li>\n<li class=\"whatsapp whatsapp-web\"><\/li>\n<\/ul>\n<div class=\"media-container\">\n<div id=\"m3068-3067-3069\">\n<figure><img decoding=\"async\" title=\"terraza pamplona\" src=\"https:\/\/imagenes.diariodenavarra.es\/files\/image_477_270\/uploads\/2021\/11\/16\/619357d754be8.jpeg\" alt=\"Los bares y cafeter\u00edas alegan que les falta personal para exigir el pasaporte covid\" \/><figcaption><span id=\"m3119-3118-3120\" class=\"footer-image \">Una terraza en Paseo Sarasate<\/span><strong><strong>Archivo<\/p>\n<p>Leer mas noticias:<br \/>\n<\/strong><\/strong><\/p>\n<div class=\"multimedia\">\n<h3 class=\"entry-title\"><a href=\"http:\/\/blog.espol.edu.ec\/vipsubastas\/2021\/11\/10\/protesta-de-mexico-no-impide-que-christies-subaste-en-millones-de-pesos-piezas-prehispanicas\/\" rel=\"bookmark\">Protesta de M\u00e9xico no impide que Christie\u2019s subaste en millones de pesos piezas prehisp\u00e1nicas<\/a><\/h3>\n<h3 class=\"entry-title\"><a href=\"http:\/\/blog.espol.edu.ec\/vipsubastas\/2021\/11\/10\/subasta-solidaria-recaudara-fondos-para-el-dividendo-voluntario-para-la-comunidad\/\" rel=\"bookmark\">Subasta solidaria recaudar\u00e1 fondos para el Dividendo Voluntario para la Comunidad<\/a><\/h3>\n<h3 class=\"entry-title\"><a href=\"http:\/\/blog.espol.edu.ec\/vipsubastas\/2021\/11\/10\/subasta-de-autos-desde-30-000-cuales-son-los-modelos-y-como-participar\/\" rel=\"bookmark\">Subasta de autos desde $30.000: \u00bfcu\u00e1les son los modelos y c\u00f3mo participar?<\/a><\/h3>\n<h3 class=\"entry-title\"><a href=\"http:\/\/blog.espol.edu.ec\/vipsubastas\/2021\/11\/10\/como-comprar-en-subastas-online-a-precios-realmente-bajos\/\" rel=\"bookmark\">C\u00f3mo comprar en subastas online a precios realmente bajos<\/a><\/h3>\n<h3 class=\"entry-title\"><a href=\"http:\/\/blog.espol.edu.ec\/vipsubastas\/2021\/11\/10\/ebay-gana-11-639-millones-hasta-septiembre-mas-del-doble-que-el-ano-pasado\/\" rel=\"bookmark\">eBay gana 11.639 millones hasta septiembre, m\u00e1s del doble que el a\u00f1o pasado<\/a><\/h3>\n<h3 class=\"entry-title\"><a href=\"http:\/\/blog.espol.edu.ec\/vipsubastas\/2021\/11\/10\/subasta-de-maradona-a-cuanto-rematan-el-lujoso-bmw-el-chalet-de-devoto-y-como-participar-online\/\" rel=\"bookmark\">Subasta de Maradona: a cu\u00e1nto rematan el lujoso BMW, el chalet de Devoto y c\u00f3mo participar online<\/a><\/h3>\n<\/div>\n<\/figcaption><\/figure>\n<\/div>\n<\/div>\n<div class=\"info con \"><span id=\"m3084-3083-3085\" class=\"created date \">Publicado el 22\/11\/2021 a las 06:00<\/span><\/div>\n<div class=\"content-modules\">\n<div class=\"paragraph con\"><strong>El conjunto de la hosteler\u00eda<\/strong> da pr\u00e1cticamente por hecho de que, m\u00e1s pronto que tarde, <strong>tendr\u00e1n que exigir a los clientes el pasaporte covid<\/strong> para acceder al interior de sus locales, tal y como desea imponer el Gobierno de Navarra. Ahora bien, dentro del sector, los que m\u00e1s preocupados se muestran son los bares y <a href=\"https:\/\/www.google.com\/search?q=cafe+coiba&amp;ie=utf-8&amp;oe=utf-8\">cafeter\u00edas<\/a>, donde la rotaci\u00f3n de clientes es muy elevada, con estancias cortas, como por ejemplo personas que hacen un alto en el trabajo o durante un paseo para tomarse un caf\u00e9 y un pincho r\u00e1pido en una <a href=\"https:\/\/www.google.com\/search?q=cafe+coiba&amp;ie=utf-8&amp;oe=utf-8\">cafeteria en Murcia<\/a>.<\/div>\n<div class=\"paragraph con\">Les preocupa porque, en un momento de escalada de costes y de escasez de mano de obra, exigir el pasaporte covid les plantea <strong>un serio problema de personal<\/strong>. Aseguran que no disponen de plantillas tan solventes como para que un trabajador se dedique a ejercer un control de accesos. <a href=\"https:\/\/www.bet535casinoonline.com\/casinos\/casino-online\">casino<\/a><\/div>\n<div class=\"paragraph con\">Por eso, en la reuni\u00f3n que los hosteleros mantendr\u00e1n hoy con representantes de Salud, <strong>van a reclamar que el pasaporte covid se exija solo en discotecas y<\/strong> <strong>salas de fiesta<\/strong>, as\u00ed como en restaurantes de 50 o m\u00e1s plazas, de manera que el resto de la hosteler\u00eda quede liberada. El gerente de la Asociaci\u00f3n de Empresarios de Hosteler\u00eda y Turismo de Navarra (AEHN), Nacho Calvo, lo expresaba as\u00ed: \u201cSi lo piden en discotecas y restaurantes con m\u00e1s de 50 plazas, como lo prepara el Pa\u00eds Vasco, es asumible. Si ya lo ponen en toda la hosteler\u00eda es un craso error que no sirve para nada, m\u00e1s que para hacer el parip\u00e9\u201d.<\/div>\n<div id=\"m3094-3093-3095\" class=\"related con \">\n<p class=\"tit_blue\">Te puede interesar<\/p>\n<article id=\"m3138-3137-3139\" class=\"box_rel con \"><img decoding=\"async\" title=\"Numerosas personas acudieron al concierto que ofreci\u00f3 Amaral el pasado 13 de noviembre en el Navarra Arena\" src=\"https:\/\/imagenes.diariodenavarra.es\/files\/image_143_91\/uploads\/2021\/11\/17\/61956e6d62397.jpeg\" alt=\"Numerosas personas acudieron al concierto que ofreci\u00f3 Amaral el pasado 13 de noviembre en el Navarra Arena\" \/><\/p>\n<h2>El Gobierno prev\u00e9 pedir certificado covid en hosteler\u00eda y cultura la pr\u00f3xima semana<\/h2>\n<p>Ir a la noticia<\/article>\n<\/div>\n<div class=\"paragraph con\"><strong>DUDAS CON LA TECNOLOG\u00cdA<\/strong><\/div>\n<div class=\"paragraph con\">El portavoz de la Asociaci\u00f3n de la Peque\u00f1a Empresa de Hosteler\u00eda de Navarra (Anapeh), Juan Carlos Oroz, critica que ir\u00e1n hoy a la reuni\u00f3n para enterarse de lo que Salud ya tiene decidido. \u201cEn ning\u00fan momento hay negociaci\u00f3n. Nos dicen que esto es lo que hay y estamos atados de pies y manos a las normas que nos impongan\u201d. \u201cNuestra postura depender\u00e1 de la letra peque\u00f1a. Si hay que controlar a una persona que venga a un caf\u00e9 o una ca\u00f1a unos minutos se nos complica mucho el trabajo en estos momentos. Luego, hay que ver qu\u00e9 datos aportan para justificar esta medida. Entiendo que el Tribunal Superior de Justicia de Navarra dir\u00e1 si est\u00e1 bien fundamentada. Puede ser una nueva dificultad m\u00e1s para la hosteler\u00eda porque si yo no le dejo pasar a un no vacunado se va a ir a una terraza, donde podr\u00e1 estar, lo que genera de nuevo una brecha entre bares con y sin terraza\u201d. <a href=\"http:\/\/www.vipsubastas.com\/\">Subastas<\/a><\/div>\n<div class=\"paragraph con\">El gerente de la Asociaci\u00f3n de Hosteleros y Comerciantes del Casco Antiguo, Carlos Albillo, se\u00f1ala <strong>dos problemas<\/strong> en la puesta en pr\u00e1ctica del pasaporte covid para la hosteler\u00eda. \u201cHay dos problemas. Uno, la <strong>tecnolog\u00eda<\/strong> para saber qui\u00e9n va a facilitar la aplicaci\u00f3n y dispositivo para que el c\u00f3digo del pasaporte sea le\u00eddo. Y dos, un problema de <strong>personal <\/strong>porque supone un coste a\u00f1adido a una ya menguada plantilla\u201d. <a href=\"https:\/\/www.google.com\/search?q=cafe+coiba&amp;ie=utf-8&amp;oe=utf-8\">Cafeteria con terraza<\/a><\/div>\n<div class=\"paragraph con\"><strong>LAS DISCOTECAS, A FAVOR<\/strong><\/div>\n<div class=\"paragraph con\">La asociaci\u00f3n de salas de fiestas, baile y discotecas de Navarra (Asbana) conoci\u00f3 los planes de Salud de exigir el pasaporte covid hace casi dos semanas. Su presidente, Carlos Tabar, <strong>avanza que no se van a resistir<\/strong>. \u201cNo vamos a poner ninguna pega. Estamos abiertos a lo que nos digan y todo nos parece bien antes de cerrar, aunque tengamos dudas de la eficacia de la medida porque el 80% de nuestros clientes son estudiantes y est\u00e1n vacunados. Hemos hablado con discotecas de otros sitios donde se exige, como Galicia y Catalu\u00f1a, y no han notado p\u00e9rdida de clientela\u201d, apunta. \u201cSi redujesen aforo o los horarios nos fastidiar\u00eda m\u00e1s\u201d, agrega.<\/div>\n<div class=\"paragraph con\"><strong>UN CAMARERO NO VACUNADO<\/strong><\/div>\n<div class=\"paragraph con\">Nacho Calvo se\u00f1ala una paradoja que se va a dar: \u201c<strong>A un trabajador no le puedo preguntar si est\u00e1 vacunado.<\/strong> Y no lo puedo despedir si no est\u00e1 vacunado\u201d. Juan Carlos Oroz se\u00f1ala lo mismo: \u201cLe tengo que decir a un cliente que me ense\u00f1e su vacunaci\u00f3n y no se la puedo pedir a mi camarero. <strong>\u00bfLos mandamos a casa?<\/strong> \u00bfLes seguimos pagando sin venir a trabajar? \u201c, se pregunta.<\/div>\n<\/div>\n<\/section>\n","protected":false},"excerpt":{"rendered":"<p>Los bares y cafeter\u00edas alegan que les falta personal para exigir el pasaporte covid Dan por hecho que se impondr\u00e1 la medida en breve pero reclaman que se limite a discotecas y restaurantes con m\u00e1s de 50 plazas Una terraza en Paseo SarasateArchivo Leer mas noticias: Protesta de M\u00e9xico no impide que Christie\u2019s subaste en &hellip; <\/p>\n<p class=\"link-more\"><a href=\"https:\/\/blog.espol.edu.ec\/vipsubastas\/2021\/11\/21\/los-bares-y-cafeterias-alegan-que-les-falta-personal-para-exigir-el-pasaporte-covid\/\" class=\"more-link\">Continuar leyendo<span class=\"screen-reader-text\"> \"Los bares y cafeter\u00edas alegan que les falta personal para exigir el pasaporte covid\"<\/span><\/a><\/p>\n","protected":false},"author":11067,"featured_media":0,"comment_status":"open","ping_status":"open","sticky":false,"template":"","format":"standard","meta":{"footnotes":""},"categories":[818],"tags":[],"class_list":["post-270","post","type-post","status-publish","format-standard","hentry","category-sin-categoria"],"_links":{"self":[{"href":"https:\/\/blog.espol.edu.ec\/vipsubastas\/wp-json\/wp\/v2\/posts\/270","targetHints":{"allow":["GET"]}}],"collection":[{"href":"https:\/\/blog.espol.edu.ec\/vipsubastas\/wp-json\/wp\/v2\/posts"}],"about":[{"href":"https:\/\/blog.espol.edu.ec\/vipsubastas\/wp-json\/wp\/v2\/types\/post"}],"author":[{"embeddable":true,"href":"https:\/\/blog.espol.edu.ec\/vipsubastas\/wp-json\/wp\/v2\/users\/11067"}],"replies":[{"embeddable":true,"href":"https:\/\/blog.espol.edu.ec\/vipsubastas\/wp-json\/wp\/v2\/comments?post=270"}],"version-history":[{"count":1,"href":"https:\/\/blog.espol.edu.ec\/vipsubastas\/wp-json\/wp\/v2\/posts\/270\/revisions"}],"predecessor-version":[{"id":271,"href":"https:\/\/blog.espol.edu.ec\/vipsubastas\/wp-json\/wp\/v2\/posts\/270\/revisions\/271"}],"wp:attachment":[{"href":"https:\/\/blog.espol.edu.ec\/vipsubastas\/wp-json\/wp\/v2\/media?parent=270"}],"wp:term":[{"taxonomy":"category","embeddable":true,"href":"https:\/\/blog.espol.edu.ec\/vipsubastas\/wp-json\/wp\/v2\/categories?post=270"},{"taxonomy":"post_tag","embeddable":true,"href":"https:\/\/blog.espol.edu.ec\/vipsubastas\/wp-json\/wp\/v2\/tags?post=270"}],"curies":[{"name":"wp","href":"https:\/\/api.w.org\/{rel}","templated":true}]}}