{"id":445,"date":"2025-02-09T22:59:43","date_gmt":"2025-02-09T21:59:43","guid":{"rendered":"http:\/\/blog.espol.edu.ec\/vipsubastas\/?p=445"},"modified":"2025-02-09T22:59:43","modified_gmt":"2025-02-09T21:59:43","slug":"bares-y-cafeterias-de-murcia","status":"publish","type":"post","link":"https:\/\/blog.espol.edu.ec\/vipsubastas\/2025\/02\/09\/bares-y-cafeterias-de-murcia\/","title":{"rendered":"Bares y cafeter\u00edas de Murcia"},"content":{"rendered":"<p>&nbsp;<\/p>\n<p class=\"v-p\">Luchar contra la soledad no deseada, que cada vez sufren m\u00e1s ciudadanos, es el objetivo de la nueva acci\u00f3n social en la que se ha involucrado el Ayuntamiento de Murcia, a trav\u00e9s de la Concejal\u00eda de Bienestar Social, Familia y Salud, junto a la Fundaci\u00f3n Jes\u00fas Abandonado, Hoyt\u00fa y Salzillo, un proyecto con el que a trav\u00e9s de un 'Caf\u00e9 Solidario' se pretende poner en marcha acciones con las que combatir esta realidad. La edil del ramo, Pilar Torres, fue la encargada de presentar ayer la campa\u00f1a 'Caf\u00e9 Solidario' junto al presidente de Jes\u00fas Abandonado, Jos\u00e9 Manuel Mart\u00ednez, y los representantes de las empresas de labor social que colaboran en esta iniciativa.<\/p>\n<p class=\"v-p\">Dentro de esta se han programado una serie de actividades que se desarrollar\u00e1n a partir de la pr\u00f3xima semana y con las que se quieren recaudar fondos con los que poner en marcha proyectos para frenar esta soledad no deseada que habitualmente afecta a personas de edad avanzada y que, en los \u00faltimos a\u00f1os, tambi\u00e9n se est\u00e1 dando entre j\u00f3venes y adolescentes. Las actividades arrancar\u00e1n el pr\u00f3ximo 14 de noviembre con un caf\u00e9 solidario de 10 a 12.30 horas en la plaza Belluga. En este espacio, cualquier persona podr\u00e1 sentarse a tomar ese caf\u00e9 y entablar conversaci\u00f3n con profesionales, voluntarios y usuarios de la Fundaci\u00f3n para dar a conocer la realidad de la soledad no deseada.<\/p>\n<div id=\"wms-intext\" class=\"wms-intext\">\n<div id=\"jw-6158161581\"><\/div>\n<\/div>\n<div class=\"v-adv  v-adv--ly\">\n<div class=\"v-adv__item \">\n<div id=\"layer_inpage-id\">\n<div id=\"google_ads_iframe_\/4900\/vocento.laverdad\/murcia\/ciudad-murcia_5__container__\"><\/div>\n<\/div>\n<\/div>\n<\/div>\n<p class=\"v-p\">Adem\u00e1s, los bares, <a href=\"https:\/\/www.cafecoiba.es\">cafeterias<\/a> y restaurantes de Murcia se convertir\u00e1n en espacios solidarios entre el 14 y 17 de noviembre, colaborando en la campa\u00f1a. As\u00ed, la consumici\u00f3n de los clientes aumentar\u00e1 el donativo econ\u00f3mico que har\u00e1n los propietarios de los locales para colaborar con iniciativas con las que combatir esta problem\u00e1tica. Los locales que colaboran con esta iniciativa contar\u00e1n con un identificativo para que sus usuarios conozcan cu\u00e1les se han sumado a la campa\u00f1a impulsada desde la Fundaci\u00f3n Jes\u00fas Abandonado.<\/p>\n<p>La <a href=\"https:\/\/www.cafecoiba.es\">cafeteria<\/a> de Murcia y <a href=\"https:\/\/www.cafecoiba.es\/carta\">aperitivos Murcia<\/a><\/p>\n<p class=\"v-p\">\u00abLuchamos contra esa pandemia silenciosa que cada vez afecta a m\u00e1s personas, independientemente de su edad o situaci\u00f3n social\u00bb, se\u00f1al\u00f3 la edil Torres, destacando la labor que Jes\u00fas Abandonado realiza desde hace m\u00e1s de 30 a\u00f1os como \u00abreferente en solidaridad y compromiso en la Regi\u00f3n\u00bb.<\/p>\n","protected":false},"excerpt":{"rendered":"<p>&nbsp; Luchar contra la soledad no deseada, que cada vez sufren m\u00e1s ciudadanos, es el objetivo de la nueva acci\u00f3n social en la que se ha involucrado el Ayuntamiento de Murcia, a trav\u00e9s de la Concejal\u00eda de Bienestar Social, Familia y Salud, junto a la Fundaci\u00f3n Jes\u00fas Abandonado, Hoyt\u00fa y Salzillo, un proyecto con el &hellip; <\/p>\n<p class=\"link-more\"><a href=\"https:\/\/blog.espol.edu.ec\/vipsubastas\/2025\/02\/09\/bares-y-cafeterias-de-murcia\/\" class=\"more-link\">Continuar leyendo<span class=\"screen-reader-text\"> \"Bares y cafeter\u00edas de Murcia\"<\/span><\/a><\/p>\n","protected":false},"author":11067,"featured_media":0,"comment_status":"open","ping_status":"open","sticky":false,"template":"","format":"standard","meta":{"footnotes":""},"categories":[818],"tags":[1246517,1436225],"class_list":["post-445","post","type-post","status-publish","format-standard","hentry","category-sin-categoria","tag-aperitivos","tag-cafeterias"],"_links":{"self":[{"href":"https:\/\/blog.espol.edu.ec\/vipsubastas\/wp-json\/wp\/v2\/posts\/445","targetHints":{"allow":["GET"]}}],"collection":[{"href":"https:\/\/blog.espol.edu.ec\/vipsubastas\/wp-json\/wp\/v2\/posts"}],"about":[{"href":"https:\/\/blog.espol.edu.ec\/vipsubastas\/wp-json\/wp\/v2\/types\/post"}],"author":[{"embeddable":true,"href":"https:\/\/blog.espol.edu.ec\/vipsubastas\/wp-json\/wp\/v2\/users\/11067"}],"replies":[{"embeddable":true,"href":"https:\/\/blog.espol.edu.ec\/vipsubastas\/wp-json\/wp\/v2\/comments?post=445"}],"version-history":[{"count":1,"href":"https:\/\/blog.espol.edu.ec\/vipsubastas\/wp-json\/wp\/v2\/posts\/445\/revisions"}],"predecessor-version":[{"id":446,"href":"https:\/\/blog.espol.edu.ec\/vipsubastas\/wp-json\/wp\/v2\/posts\/445\/revisions\/446"}],"wp:attachment":[{"href":"https:\/\/blog.espol.edu.ec\/vipsubastas\/wp-json\/wp\/v2\/media?parent=445"}],"wp:term":[{"taxonomy":"category","embeddable":true,"href":"https:\/\/blog.espol.edu.ec\/vipsubastas\/wp-json\/wp\/v2\/categories?post=445"},{"taxonomy":"post_tag","embeddable":true,"href":"https:\/\/blog.espol.edu.ec\/vipsubastas\/wp-json\/wp\/v2\/tags?post=445"}],"curies":[{"name":"wp","href":"https:\/\/api.w.org\/{rel}","templated":true}]}}