{"id":160,"date":"2011-09-06T11:32:39","date_gmt":"2011-09-06T16:32:39","guid":{"rendered":"http:\/\/blog.espol.edu.ec\/vs21\/2011\/09\/06\/alex-campos-con-generacion-12-en-concierto\/"},"modified":"2011-09-06T12:28:27","modified_gmt":"2011-09-06T17:28:27","slug":"alex-campos-con-generacion-12-en-concierto","status":"publish","type":"post","link":"https:\/\/blog.espol.edu.ec\/vs21\/2011\/09\/06\/alex-campos-con-generacion-12-en-concierto\/","title":{"rendered":"Alex Campos con Generaci\u00f3n 12 en concierto!!!"},"content":{"rendered":"<p><object width=\"520\" height=\"322\"><param name=\"movie\" value=\"http:\/\/www.youtube.com\/v\/1RIKonNaprA?version=3&amp;hl=es_ES\"><\/param><param name=\"allowFullScreen\" value=\"true\"><\/param><param name=\"allowscriptaccess\" value=\"always\"><\/param><embed src=\"http:\/\/www.youtube.com\/v\/1RIKonNaprA?version=3&amp;hl=es_ES\" type=\"application\/x-shockwave-flash\" width=\"520\" height=\"322\" allowscriptaccess=\"always\" allowfullscreen=\"true\"><\/embed><\/object><\/p>\n<p style=\"text-align: justify\">El concierto de Generaci\u00f3n 12 se encendi\u00f3 a\u00fan m\u00e1s al aparecer Alex Campos en escena cantando la 2da parte de la canci\u00f3n \"Eres Todo para m\u00ed\". Busquemos a Dios, no como una religion, sino como un amigo, un padre,\ufeff alguien verdaderamente bueno, la musica fue creada por \u00c9l y para alabarlo solo a \u00c9l, es bueno encontrar diferentes estilos de m\u00fasica en el \u00e1mbito cristiano.<\/p>\n<div><script src=\"http:\/\/platform.twitter.com\/widgets.js\">\/\/ &lt;![CDATA[<\/div>\n<p>]]&gt;<\/script><\/div>\n<p><a class='twitter-share-button' href='http:\/\/twitter.com\/share'>Tweet<\/a><script src='http:\/\/platform.twitter.com\/widgets.js'><\/p>\n","protected":false},"excerpt":{"rendered":"<p>El concierto de Generaci\u00f3n 12 se encendi\u00f3 a\u00fan m\u00e1s al aparecer Alex Campos en escena cantando la 2da parte de la canci\u00f3n \"Eres Todo para m\u00ed\". Busquemos a Dios, no como una religion, sino como un amigo, un padre,\ufeff alguien verdaderamente bueno, la musica fue creada por \u00c9l y para alabarlo solo a \u00c9l, es [&hellip;]<\/p>\n","protected":false},"author":6290,"featured_media":0,"comment_status":"open","ping_status":"open","sticky":false,"template":"","format":"standard","meta":{"footnotes":""},"categories":[2130],"tags":[7443,6763,40898,40897,40899],"class_list":["post-160","post","type-post","status-publish","format-standard","hentry","category-musica-y-videos","tag-alex-campos","tag-colombia","tag-eres-todo-para-mi","tag-g12","tag-mundo-cristiano"],"_links":{"self":[{"href":"https:\/\/blog.espol.edu.ec\/vs21\/wp-json\/wp\/v2\/posts\/160","targetHints":{"allow":["GET"]}}],"collection":[{"href":"https:\/\/blog.espol.edu.ec\/vs21\/wp-json\/wp\/v2\/posts"}],"about":[{"href":"https:\/\/blog.espol.edu.ec\/vs21\/wp-json\/wp\/v2\/types\/post"}],"author":[{"embeddable":true,"href":"https:\/\/blog.espol.edu.ec\/vs21\/wp-json\/wp\/v2\/users\/6290"}],"replies":[{"embeddable":true,"href":"https:\/\/blog.espol.edu.ec\/vs21\/wp-json\/wp\/v2\/comments?post=160"}],"version-history":[{"count":14,"href":"https:\/\/blog.espol.edu.ec\/vs21\/wp-json\/wp\/v2\/posts\/160\/revisions"}],"predecessor-version":[{"id":162,"href":"https:\/\/blog.espol.edu.ec\/vs21\/wp-json\/wp\/v2\/posts\/160\/revisions\/162"}],"wp:attachment":[{"href":"https:\/\/blog.espol.edu.ec\/vs21\/wp-json\/wp\/v2\/media?parent=160"}],"wp:term":[{"taxonomy":"category","embeddable":true,"href":"https:\/\/blog.espol.edu.ec\/vs21\/wp-json\/wp\/v2\/categories?post=160"},{"taxonomy":"post_tag","embeddable":true,"href":"https:\/\/blog.espol.edu.ec\/vs21\/wp-json\/wp\/v2\/tags?post=160"}],"curies":[{"name":"wp","href":"https:\/\/api.w.org\/{rel}","templated":true}]}}