{"id":88,"date":"2011-06-29T16:23:51","date_gmt":"2011-06-29T21:23:51","guid":{"rendered":"http:\/\/blog.espol.edu.ec\/vs21\/?p=88"},"modified":"2011-06-29T17:33:36","modified_gmt":"2011-06-29T22:33:36","slug":"perdonar","status":"publish","type":"post","link":"https:\/\/blog.espol.edu.ec\/vs21\/2011\/06\/29\/perdonar\/","title":{"rendered":"Poema cristiano : \"Perdonar\""},"content":{"rendered":"<p style=\"text-align: center\"><em>\u00a1Cu\u00e1nto cuesta perdonar...!<br \/>\nQu\u00e9 dif\u00edcil nos resulta<br \/>\npasar por alto las culpas<br \/>\nde quien nos quiso da\u00f1ar.<\/em><\/p>\n<p style=\"text-align: center\">Incluso reconociendo<br \/>\nque hay que ser perdonadores,<br \/>\nlo hacemos con condiciones;<br \/>\nnuestro criterio imponiendo.<\/p>\n<p style=\"text-align: center\">\"Perdono pero no olvido...\"<br \/>\n\"Paso por alto la ofensa,<br \/>\npero siempre tendr\u00e9 en cuenta<br \/>\nla mano que me ha ofendido.\"<\/p>\n<p style=\"text-align: center\">Esa es nuestra postura.<br \/>\nEn un asunto tan serio,<br \/>\n\u00e9se es nuestro criterio<br \/>\ncom\u00fan entre las criaturas.<\/p>\n<p style=\"text-align: center\">\u00a1Ay ...! Si Dios nos perdonara<br \/>\nde esa forma tan mezquina...<br \/>\nSi su clemencia divina<br \/>\nas\u00ed se manifestara,<\/p>\n<p style=\"text-align: center\">Nadie salvarse podr\u00eda ...<br \/>\nNuestro pecado insolente<br \/>\nle ofende continuamente,<br \/>\nincluso con osad\u00eda.<\/p>\n<p style=\"text-align: center\">Pero El suele perdonar<br \/>\ncon un amor tan sagrado,<br \/>\nque oculta nuestro pecado<br \/>\nen lo profundo del mar.<\/p>\n<p style=\"text-align: center\">Con ese ejemplo divino<br \/>\nse\u00f1ala nuestro deber.<br \/>\nAs\u00ed tenemos que hacer ...<br \/>\n\u00c9se ha de ser el camino...<\/p>\n<p style=\"text-align: center\">Su mensaje fiel y claro<br \/>\nnos recomienda: \"No err\u00e9is ...\"<br \/>\n\"Cual vosotros perdon\u00e9is,<br \/>\nas\u00ed habr\u00e9 de perdonaros.\"<\/p>\n<p style=\"text-align: center\">Primero hemos de sembrar<br \/>\nsi queremos recoger.<br \/>\nPero aunque sea un deber ...<br \/>\n\u00a1CUANTO CUESTA PERDONAR!<\/p>\n<p style=\"text-align: center\"><img loading=\"lazy\" decoding=\"async\" src=\"http:\/\/t2.gstatic.com\/images?q=tbn:ANd9GcRoSd44VvWvs6fdqmlwtRBP5Di0mPC_-RgXgXXEmxFfhPb1oicXng&amp;t=1\" alt=\"\" width=\"252\" height=\"215\" \/><\/p>\n<p style=\"text-align: center\">\u00a0<\/p>\n<p style=\"text-align: center\">Daniel Nu\u00f1o<\/p>\n","protected":false},"excerpt":{"rendered":"<p>\u00a1Cu\u00e1nto cuesta perdonar...! Qu\u00e9 dif\u00edcil nos resulta pasar por alto las culpas de quien nos quiso da\u00f1ar. Incluso reconociendo que hay que ser perdonadores, lo hacemos con condiciones; nuestro criterio imponiendo. \"Perdono pero no olvido...\" \"Paso por alto la ofensa, pero siempre tendr\u00e9 en cuenta la mano que me ha ofendido.\" Esa es nuestra postura. [&hellip;]<\/p>\n","protected":false},"author":6290,"featured_media":0,"comment_status":"open","ping_status":"open","sticky":false,"template":"","format":"standard","meta":{"footnotes":""},"categories":[35666],"tags":[10258,18368],"class_list":["post-88","post","type-post","status-publish","format-standard","hentry","category-devocionales","tag-daniel","tag-perdonar"],"_links":{"self":[{"href":"https:\/\/blog.espol.edu.ec\/vs21\/wp-json\/wp\/v2\/posts\/88","targetHints":{"allow":["GET"]}}],"collection":[{"href":"https:\/\/blog.espol.edu.ec\/vs21\/wp-json\/wp\/v2\/posts"}],"about":[{"href":"https:\/\/blog.espol.edu.ec\/vs21\/wp-json\/wp\/v2\/types\/post"}],"author":[{"embeddable":true,"href":"https:\/\/blog.espol.edu.ec\/vs21\/wp-json\/wp\/v2\/users\/6290"}],"replies":[{"embeddable":true,"href":"https:\/\/blog.espol.edu.ec\/vs21\/wp-json\/wp\/v2\/comments?post=88"}],"version-history":[{"count":5,"href":"https:\/\/blog.espol.edu.ec\/vs21\/wp-json\/wp\/v2\/posts\/88\/revisions"}],"predecessor-version":[{"id":90,"href":"https:\/\/blog.espol.edu.ec\/vs21\/wp-json\/wp\/v2\/posts\/88\/revisions\/90"}],"wp:attachment":[{"href":"https:\/\/blog.espol.edu.ec\/vs21\/wp-json\/wp\/v2\/media?parent=88"}],"wp:term":[{"taxonomy":"category","embeddable":true,"href":"https:\/\/blog.espol.edu.ec\/vs21\/wp-json\/wp\/v2\/categories?post=88"},{"taxonomy":"post_tag","embeddable":true,"href":"https:\/\/blog.espol.edu.ec\/vs21\/wp-json\/wp\/v2\/tags?post=88"}],"curies":[{"name":"wp","href":"https:\/\/api.w.org\/{rel}","templated":true}]}}