{"id":19,"date":"2011-10-20T15:36:38","date_gmt":"2011-10-20T15:36:38","guid":{"rendered":"http:\/\/blog.espol.edu.ec\/wespinoza\/?p=19"},"modified":"2011-10-25T16:20:59","modified_gmt":"2011-10-25T16:20:59","slug":"cultivo-de-camaron-en-jaula","status":"publish","type":"post","link":"https:\/\/blog.espol.edu.ec\/wespinoza\/2011\/10\/20\/cultivo-de-camaron-en-jaula\/","title":{"rendered":"Cultivo de Camar\u00f3n en Jaula e Innovador dise\u00f1o esf\u00e9rico"},"content":{"rendered":"<h2><span style=\"color: #0000ff\">Cosecha de camar\u00f3n en Jaula-M\u00e9xico.<\/span><\/h2>\n<p>SONORA, M\u00e9xico (Expreso).- Al terminar octubre se dar\u00e1 la primera cosecha de camar\u00f3n cultivado en jaulas flotantes que integran el proyecto del Corredor Acu\u00edcola, anuncia su promotor Ra\u00fal S\u00e1nchez Fourcade.<\/p>\n<p>El presidente de la Uni\u00f3n de Pescadores Libres del Estado de Sonora (Uples), cree que obtendr\u00e1n unas 8 toneladas en la primera colecta, en este proyecto de maricultura pionero en el pa\u00eds que se ampl\u00eda al cultivo de peces, en este caso la transferencia de ejemplares juveniles de \"Curvina\" aleta amarilla, en jaulas del mismo tipo.<\/p>\n<p>Para atestiguar el proceso que su propia instituci\u00f3n impulsa, acudi\u00f3 a este evento el director en jefe del instituto Nacional de la Pesca (Inapesca), Ra\u00fal Romo Trujillo, a quien el responsable del proyecto le confirm\u00f3 que el rengl\u00f3n de la comercializaci\u00f3n est\u00e1 cubierto para la cosecha que comenzar\u00e1 con el camar\u00f3n.<\/p>\n<p>El productor dijo que el proyecto avanza exitoso gracias al esfuerzo de mucha gente y al apoyo de las autoridades como el Inapesca \"que han confiado en esta iniciativa\" que se convierte en alternativa para reforzar la actividad pesquera tradicional especialmente en la pesquer\u00eda del camar\u00f3n cuya baja en las capturas confirma problemas en la producci\u00f3n.<\/p>\n<p>El proyecto<br \/>\nAvanza el cultivo en cuatro jaulas flotantes en la bah\u00eda que albergan a m\u00e1s de 600 mil organismos de camar\u00f3n; la mitad ser\u00e1 extra\u00edda en los pr\u00f3ximos d\u00edas.<\/p>\n<p><!--more--><\/p>\n<p>Este proyecto se puso en marcha el 29 de julio y debe durar 7 meses el ciclo, pero comenzar tarde obliga a adelantar la cosecha.<\/p>\n<p>Se calcula una talla a obtener con un peso de 14 gramos aproximadamente.<\/p>\n<p>La curvina<br \/>\nCurvina aleta amarilla para desarrollo y engorda en jaulas flotantes, es ya una alternativa viable para los pescadores regionales.<\/p>\n<p>Ante autoridades del sector pesca y productores se transfirieron mil 600 juveniles de la especie, luego de obtenerse las cr\u00edas en laboratorio.<\/p>\n<p>Inapesca destac\u00f3 el alto potencial de M\u00e9xico en la maricultura y su titular afirm\u00f3 que se podr\u00edan producir 3 millones de toneladas del recurso en 10 a\u00f1os. Hoy est\u00e1 \"virgen\" esta opci\u00f3n productiva.<\/p>\n<p>El director del Instituto de Acuacultura de Sonora, Ra\u00fal Molina Ocampo, indic\u00f3 que se conocer\u00e1 si luego del cautiverio esta especie podr\u00eda desarrollarse en el medio silvestre.<\/p>\n<p>La \"curvina\" es un recurso con alto valor e inter\u00e9s comercial.<\/p>\n<p>La maricultura es un paso que impulsan las autoridades estatales y federales, como alternativa ante el agotamiento de pesquer\u00edas en la regi\u00f3n y como paso para sustentabilidad de la tarea.<\/p>\n<p><img loading=\"lazy\" decoding=\"async\" class=\"alignnone\" title=\"Jaula de cultivo de camar\u00f3n\" src=\"http:\/\/4.bp.blogspot.com\/-UItSHgEXGU0\/TaoARJivyMI\/AAAAAAAAFWQ\/J5lloZyYRss\/s1600\/D.jpg\" alt=\"\" width=\"300\" height=\"225\" \/><\/p>\n<h2><span style=\"color: #0000ff\"><span style=\"color: #0000ff\">Innovadora Jaula\u00a0esf\u00e9rica-M\u00e9xico.<\/span><\/span><\/h2>\n<p>Innovador sistema de cultivo en jaulas\u00a0esf\u00e9ricas (Aquapod Netpen), construido en paneles de poliestireno de alta densidad, con 60% de material reciclado y una malla de acero galvanizado que cubre la malla.<\/p>\n<p><object style=\"height: 390px;width: 640px\" classid=\"clsid:d27cdb6e-ae6d-11cf-96b8-444553540000\" width=\"100\" height=\"100\"><param name=\"allowFullScreen\" value=\"true\" \/><param name=\"allowScriptAccess\" value=\"always\" \/><param name=\"src\" value=\"http:\/\/www.youtube.com\/v\/Ncu923qVvBQ?version=3&amp;feature=player_detailpage\" \/><param name=\"allowfullscreen\" value=\"true\" \/><embed style=\"height: 390px;width: 640px\" type=\"application\/x-shockwave-flash\" width=\"100\" height=\"100\" src=\"http:\/\/www.youtube.com\/v\/Ncu923qVvBQ?version=3&amp;feature=player_detailpage\" allowscriptaccess=\"always\" allowfullscreen=\"true\"><\/embed><\/object><\/p>\n","protected":false},"excerpt":{"rendered":"<p>Cosecha de camar\u00f3n en Jaula-M\u00e9xico. SONORA, M\u00e9xico (Expreso).- Al terminar octubre se dar\u00e1 la primera cosecha de camar\u00f3n cultivado en jaulas flotantes que integran el proyecto del Corredor Acu\u00edcola, anuncia su promotor Ra\u00fal S\u00e1nchez Fourcade. El presidente de la Uni\u00f3n de Pescadores Libres del Estado de Sonora (Uples), cree que obtendr\u00e1n unas 8 toneladas en [&hellip;]<\/p>\n","protected":false},"author":6912,"featured_media":0,"comment_status":"open","ping_status":"open","sticky":false,"template":"","format":"standard","meta":{"footnotes":""},"categories":[296],"tags":[26322,72661,72662,72660,6771],"class_list":["post-19","post","type-post","status-publish","format-standard","hentry","category-tecnologia","tag-camaron","tag-curvina","tag-esferica","tag-jaula","tag-mexico"],"_links":{"self":[{"href":"https:\/\/blog.espol.edu.ec\/wespinoza\/wp-json\/wp\/v2\/posts\/19","targetHints":{"allow":["GET"]}}],"collection":[{"href":"https:\/\/blog.espol.edu.ec\/wespinoza\/wp-json\/wp\/v2\/posts"}],"about":[{"href":"https:\/\/blog.espol.edu.ec\/wespinoza\/wp-json\/wp\/v2\/types\/post"}],"author":[{"embeddable":true,"href":"https:\/\/blog.espol.edu.ec\/wespinoza\/wp-json\/wp\/v2\/users\/6912"}],"replies":[{"embeddable":true,"href":"https:\/\/blog.espol.edu.ec\/wespinoza\/wp-json\/wp\/v2\/comments?post=19"}],"version-history":[{"count":9,"href":"https:\/\/blog.espol.edu.ec\/wespinoza\/wp-json\/wp\/v2\/posts\/19\/revisions"}],"predecessor-version":[{"id":22,"href":"https:\/\/blog.espol.edu.ec\/wespinoza\/wp-json\/wp\/v2\/posts\/19\/revisions\/22"}],"wp:attachment":[{"href":"https:\/\/blog.espol.edu.ec\/wespinoza\/wp-json\/wp\/v2\/media?parent=19"}],"wp:term":[{"taxonomy":"category","embeddable":true,"href":"https:\/\/blog.espol.edu.ec\/wespinoza\/wp-json\/wp\/v2\/categories?post=19"},{"taxonomy":"post_tag","embeddable":true,"href":"https:\/\/blog.espol.edu.ec\/wespinoza\/wp-json\/wp\/v2\/tags?post=19"}],"curies":[{"name":"wp","href":"https:\/\/api.w.org\/{rel}","templated":true}]}}