{"id":16,"date":"2010-11-27T04:34:52","date_gmt":"2010-11-27T04:34:52","guid":{"rendered":"http:\/\/blog.espol.edu.ec\/xavierbdp\/?p=16"},"modified":"2010-11-27T04:34:52","modified_gmt":"2010-11-27T04:34:52","slug":"somos-emelec-somos-ecuador-boca-del-pozo","status":"publish","type":"post","link":"https:\/\/blog.espol.edu.ec\/xavierbdp\/2010\/11\/27\/somos-emelec-somos-ecuador-boca-del-pozo\/","title":{"rendered":"SOMOS EMELEC SOMOS ECUADOR BOCA DEL POZO"},"content":{"rendered":"<p><a href=\"http:\/\/www.labocadelpozo.com\/news.php\">Es la barra brava m\u00e1s antigua de Ecuador. Fue fundada el 25 de Julio de 1980, en un tradicional barrio guayaquile\u00f1o ubicado en los bajos de los cerros. En sus inicios fue conformada por hinchas de Emelec que resid\u00edan en los sectores aleda\u00f1os del barrio de la Boca del Pozo, gente del Cerro Santa Ana, Cerro del Carmen, Las Pe\u00f1as y otros hinchas del norte de la ciudad.<br \/>\nEse grupo de hinchas fue comandado por el actual l\u00edder Giusseppe Cavana que con amigos como Guillermo Intriago, Carlos Riofr\u00edo, Cheli G\u00f3mez, Los Narv\u00e1ez , Los Flores, Ernesto Hurel, Los Hermanos Zambrano, Los G\u00f3nzales, Los del Salto, Los Mites, Los Canon, Los Rodr\u00edguez, Los B\u00e1ez, Los Once , Los Endara, Los Land\u00e1zuri , Los Orellana entre otros empezaron a coger fuerza dentro de las populares hasta que lograron ubicarse en la parte baja del marcador central del Estadio Modelo.<br \/>\nLa Boca del Pozo siempre se caracteriz\u00f3 por ser pionera e impuso los c\u00e1nticos barristas en Ecuador, siendo la primera barra brava del pa\u00eds por los enfrentamientos violentos desde sus inicios para ganarse un puesto en la general y otros enfrentamientos contra la polic\u00eda ya que no exist\u00eda ninguna otra barra organizada en la general.<br \/>\nLa barra iba ganando fan\u00e1ticos, la gente se un\u00eda a esta innovadora forma de alentar al equipo con una nueva mentalidad. A pesar de que los 80 fue una d\u00e9cada gris para Emelec, la Boca iba ganando respeto por su aliento constante y su carnaval a pesar de que los resultados no acompa\u00f1aban al equipo. Esto fue fundamental para que sea lo que es ahora.<br \/>\nLa primera ubicaci\u00f3n de la barra fue en la parte central de la general, justo debajo del antiguo marcador por donde ingresaba la ambulancia. Actualmente en los partidos jugados en el modelo a\u00fan se estaciona en ese lugar la asistencia m\u00e9dica.<br \/>\nEn el colorido y el carnaval, la barra fue avanzando y confeccionaron banderas de asta y los primeros lienzos que existieron en el pa\u00eds y que fueron colocados como tiras largas. En cada lienzo dec\u00eda Emelec. Los primeros instrumentos musicales dentro de los cuales cont\u00e1bamos con bombos y platillos, fueron obtenidos del Colegio Huancavilca.<br \/>\nA pu\u00f1o limpio y con mucho coraz\u00f3n los fundadores fueron ganando espacio dentro de la general donde era muy dif\u00edcil que entre un emelecista porque el populacho lo imped\u00eda. Ya a mediados de los 80 y con muchas peleas encima, la barra se logr\u00f3 ubicar con grupos de 1000 a 2000 personas debajo el marcador en el Estadio Modelo. Como uno de los trabajos de ese entonces se pint\u00f3 las gradas de la general de azul con una banda ploma.<br \/>\nEl campeonato del 88 fue fundamental en la historia de Emelec por cuanto el Club volv\u00eda en el aspecto futbol\u00edstico al primer lugar. Luego de disputar la final contra Deportivo Quito y definirla a nuestro favor en la capital, la delegaci\u00f3n lleg\u00f3 a Guayaquil y una masa gigantesca de hinchas los recibieron en el aeropuerto. Todo Guayaquil estaba de fiesta.<br \/>\nEn los bajos de los cerros, la Boca del Pozo arm\u00f3 un fiest\u00f3n con banda musical incluida y con la llegada de algunos de los jugadores y dirigentes influyentes de la \u00e9poca. Dos mil personas celebraron el campeonato de EMELEC en el tradicional barrio donde la noche nunca termin\u00f3.<br \/>\nEn la Libertadores de 1990 se da un hecho hist\u00f3rico dentro del carnaval en las gradas, Cavanna prende la primera bengala en el pa\u00eds en un cotejo que es ganado por EMELEC 3 a 1.<br \/>\nLos 90 fueron a\u00f1os felices y a su vez violentos e innovadores. En 1991 la barra hace la primera caravana gigante no motorizada para dejar el Estadio Modelo e ir a la inauguraci\u00f3n del Estadio Capwell que hab\u00eda sido remodelado.<br \/>\nLa fiesta fue total, se jugaba un cuadrangular internacional con equipos de primera como Santos de Brasil, Independiente de Avellaneda, Universitario de Per\u00fa y como anfitri\u00f3n el Club Sport EMELEC. En la inauguraci\u00f3n de la cancha mientras el Monse\u00f1or Juan Larrea Holgu\u00edn bendec\u00eda el campo de juego ante todas las autoridades, la Boca del Pozo baj\u00f3 la primera bandera gigante que se despleg\u00f3 en el pa\u00eds. Una bandera que hab\u00eda sido pintada en las zonas aleda\u00f1as a los Cerros Santa Ana y del Carmen y que encerraba todos los matices hist\u00f3ricos del club.<br \/>\nNoches inolvidables de campeonato y Copa Libertadores se vivieron en la general de la calle Pio Montufar que fue el primer lugar de estancia de la barra en el remodelado Estadio Capwell. Demostrando agresividad en sus c\u00e1nticos y un amor incondicional, la Boca del Pozo utilizaba el sonido seco del bombo para guiar las fervientes voces de los barristas azules.<br \/>\nEmpezando la d\u00e9cada futbol\u00edstica Emelec desplegaba uno de los mejores sistemas t\u00e1cticos y ofensivos de la historia del futbol ecuatoriano, lo que nos llevar\u00eda al bicampeonato de 1993-1994, a\u00f1os en los cuales la barra se ubicaba en la general de la calle Pio Montufar. Para ese entonces ya se escuchaban c\u00e1nticos como \u201cVamos azules que esta noche tenemos que ganar\u201d y \u201cComo no te voy a querer\u201d.<br \/>\nA mediados de los 90 Emelec vuelve a jugar en el Estadio Modelo y la barra, luego de varios a\u00f1os, retorna a su lugar de nacimiento. La popular del viejo Estadio Modelo, pero esta vez ya no ser\u00eda aquel grupo de 25 o 30 hinchas pioneros del 80, sino ya cerca de 8mil hinchas los cuales copaban todo el sector desde debajo del marcador hasta la curva de la general. A\u00f1os de futbol fant\u00e1stico con equipos de gloria, adem\u00e1s del imponente aliento de lo que en ese momento ya era una de las barras organizadas m\u00e1s grandes de Am\u00e9rica del Sur. La barra saca su primer material musical con los c\u00e1nticos y lo distribuye entre su gente. Era la primera vez en Ecuador que esto suced\u00eda, la Boca del Pozo ten\u00eda su cassette.<br \/>\nLuego de ese pasaje hist\u00f3rico, Emelec vuelve al Capwell y la barra se asienta en la general de la Avenida Quito ya que el sector de la calle Pio Montufar fue remodelado para la construcci\u00f3n de palcos, preferencias y suites.<br \/>\nEn la general de la Quito la Boca vivi\u00f3 momentos de felicidad junto a Emelec. En 1998 con la asunci\u00f3n de los extraterrestres y la locura del record mundial de goleo de Kaviedes, la barra segu\u00eda con los c\u00e1nticos y se manten\u00edan enfrentamientos contra la polic\u00eda ya que no exist\u00eda hasta ese entonces ninguna otra barra organizada en Ecuador.<br \/>\nCon la llegada del nuevo milenio, entre copas libertadores y final de la Merconorte, lleg\u00f3 el segundo bicampeonato de Emelec. El aliento de la Boca del Pozo en todas las canchas tuvo sus frutos, EMELEC viv\u00eda \u00e9pocas doradas entre torneos internacionales y supremac\u00eda en cl\u00e1sicos.<br \/>\nLos enfrentamientos con la Sur Oscura (antes llamada Boca 9 ), barra que reci\u00e9n estaba cogiendo fuerza dentro de su hinchada, ya se presentaban. Aunque la BDP es una gran barra, la Sur Oscura multiplica el numero de hinchas en cada estadio que va. Hubo un enfrentamiento con la naciente barra de Liga, llamada inicialmente la \u201cBoca del Lobo\u201d por su admiraci\u00f3n a nuestra barra tanto as\u00ed que los fundadores de la actual muerte blanca pidieron por escrito que les env\u00eden una copia del cassette lanzado por la BDP e hicieron un reconocimiento a nuestro l\u00edder Giuseppe Cavanna. En 1999 se da uno de los primeros enfrentamientos entre estas 2 barras en Guayaquil donde algunos miembros de la Boca del Pozo se metieron al mismo bus de los hinchas de Liga y robaron el bombo que hab\u00edan tra\u00eddo. Hasta la actualidad vienen con custodia policial.<br \/>\nLuego del bicampeonato, el equipo no encontr\u00f3 su futbol caracter\u00edstico y vivi\u00f3 problemas dirigenciales de gran calibre, siendo el apoyo de la barra fundamental para mantener al equipo en primera. Luego de una breve vuelta al modelo en el 2005, al siguiente a\u00f1o la barra se ubic\u00f3 por algunos meses en la calle San Mart\u00edn, ya que la general de la Avenida Quito, gracias a la gran gesti\u00f3n de Omar Quintana Baquerizo, hab\u00eda sido remodelada y ampliada, obra que fue inaugurada en mayo de ese mismo a\u00f1o. No obstante los malos manejos dirigenciales, Emelec logra buenas contrataciones sin mucho derroche econ\u00f3mico en el a\u00f1o 2006 y consigue un vicecampeonato de la mano de la hinchada.<br \/>\nLa barra ha sacado revistas con nombre Boca del Pozo, manten\u00edamos nuestro programa radial que est\u00e1 en tratativas para aparecer de vuelta. Actualmente la barra es pionera en todos los aspectos del barrismo en Ecuador, tanto as\u00ed que son las barras de los otros equipos los que miran y copian desde c\u00e1nticos hasta proyectos que obviamente se ven frustrados porque el amor que tiene la Boca del Pozo hacia EMELEC es incomparable.<br \/>\nLos viajes son cosa de semana a semana dentro de la Boca del Pozo. La barra siempre sigue a EMELEC a todas las canchas donde va. Dentro del territorio nacional la hinchada se ha hecho presente en todos los partidos desde que naci\u00f3 imponiendo el carnaval en ciudades como Quito, Cuenca, Ambato, Manta, Portoviejo, Quevedo, Babahoyo, Machala, Milagro, Riobamba, Ambato, Azogues, Cayambe, Latacunga, Loja, Esmeraldas, Santo Domingo entre muchas otras.<br \/>\nA nivel internacional, los primeros viajes se dan en 1989, ya que lamentablemente los 80 fueron una d\u00e9cada complicada y Emelec no pudo participar en torneos internacionales hasta el final de la misma, con la consecuci\u00f3n del t\u00edtulo nacional de 1988. A partir de la Libertadores del 89, la Boca del Pozo ha estado en Colombia, Per\u00fa, Uruguay, Paraguay, Bolivia, Chile y Argentina. Clara demostraci\u00f3n del apoyo incondicional de la barra hacia la instituci\u00f3n es el viaje por Copa Libertadores del 2007 a Buenos Aires para ver el Velez Sarfield-Emelec en Liniers, partido en el cual el equipo ya estaba eliminado pero poco le import\u00f3 a la banda que viaj\u00f3 10 d\u00edas por tierra para alentar los 90 minutos a Emelec y regresar. Para el 2009, completamos el circuito sudamericano con los viajes por la Nissan a Venezuela y Brasil. En la Libertadores 2010 la banda estuvo en Rosario para el partido de primera fase frente a Newells, y se apresta a viajar en abril para Uruguay.<br \/>\nViviendo el modernismo del barrismo internacional, la Boca del Pozo cuenta con una extensa banda murguera que da el carnaval en todos los estadios del Ecuador, adem\u00e1s tiene m\u00e1s de 30 murales sobre la historia de Emelec en su propia general. Proyecto lanzado por Giussepe Cavanna y concretado por los propios grupos que conforman la Boca del Pozo.<br \/>\nPor los 80 a\u00f1os de vida institucional, la barra inaugur\u00f3 algo \u00fanico dentro de una general en el mundo. El primer museo en la historia de Emelec. De la mano de su l\u00edder Giussepe Cavanna, la Boca del Pozo construy\u00f3 con sus propias manos, con su esfuerzo y con su investigaci\u00f3n hist\u00f3rica, el hermoso museo en la general que es visitado domingo a domingo por miles de personas y donde pueden encontrar todo sobre la historia de EMELEC, sus campeonatos y sus principales figuras.<br \/>\nPara los 30 a\u00f1os de fundaci\u00f3n la BDP ten\u00eda previsto el lanzamiento de su primer DVD, pero con el prop\u00f3sito de conseguir fondos para los viajes de la Copa Sudamericana, la barra adelant\u00f3 el lanzamiento de una recopilaci\u00f3n hist\u00f3rica donde se narra la trayectoria de la Boca del Pozo desde sus inicios con locaciones reales muchos a\u00f1os despu\u00e9s y con algunos de sus personajes m\u00e1s representativos.<br \/>\nEn este 2010 se han preparado muchas sorpresas, se viene un nuevo disco de estudio, la gente continua trabajando, seguimos viajando y cada vez somos m\u00e1s grandes.<\/p>\n","protected":false},"excerpt":{"rendered":"<p>Es la barra brava m\u00e1s antigua de Ecuador. Fue fundada el 25 de Julio de 1980, en un tradicional barrio guayaquile\u00f1o ubicado en los bajos de los cerros. En sus inicios fue conformada por hinchas de Emelec que resid\u00edan en los sectores aleda\u00f1os del barrio de la Boca del Pozo, gente del Cerro Santa Ana, [&hellip;]<\/p>\n","protected":false},"author":5470,"featured_media":0,"comment_status":"open","ping_status":"open","sticky":false,"template":"","format":"standard","meta":{"footnotes":""},"categories":[1],"tags":[],"class_list":["post-16","post","type-post","status-publish","format-standard","hentry","category-uncategorized"],"_links":{"self":[{"href":"https:\/\/blog.espol.edu.ec\/xavierbdp\/wp-json\/wp\/v2\/posts\/16","targetHints":{"allow":["GET"]}}],"collection":[{"href":"https:\/\/blog.espol.edu.ec\/xavierbdp\/wp-json\/wp\/v2\/posts"}],"about":[{"href":"https:\/\/blog.espol.edu.ec\/xavierbdp\/wp-json\/wp\/v2\/types\/post"}],"author":[{"embeddable":true,"href":"https:\/\/blog.espol.edu.ec\/xavierbdp\/wp-json\/wp\/v2\/users\/5470"}],"replies":[{"embeddable":true,"href":"https:\/\/blog.espol.edu.ec\/xavierbdp\/wp-json\/wp\/v2\/comments?post=16"}],"version-history":[{"count":4,"href":"https:\/\/blog.espol.edu.ec\/xavierbdp\/wp-json\/wp\/v2\/posts\/16\/revisions"}],"predecessor-version":[{"id":20,"href":"https:\/\/blog.espol.edu.ec\/xavierbdp\/wp-json\/wp\/v2\/posts\/16\/revisions\/20"}],"wp:attachment":[{"href":"https:\/\/blog.espol.edu.ec\/xavierbdp\/wp-json\/wp\/v2\/media?parent=16"}],"wp:term":[{"taxonomy":"category","embeddable":true,"href":"https:\/\/blog.espol.edu.ec\/xavierbdp\/wp-json\/wp\/v2\/categories?post=16"},{"taxonomy":"post_tag","embeddable":true,"href":"https:\/\/blog.espol.edu.ec\/xavierbdp\/wp-json\/wp\/v2\/tags?post=16"}],"curies":[{"name":"wp","href":"https:\/\/api.w.org\/{rel}","templated":true}]}}