{"id":34,"date":"2011-06-20T21:54:21","date_gmt":"2011-06-21T02:54:21","guid":{"rendered":"http:\/\/blog.espol.edu.ec\/xtumbaco\/?p=34"},"modified":"2011-07-02T19:10:27","modified_gmt":"2011-07-03T00:10:27","slug":"lo-que-debe-tener-un-super-carro-de-carrera","status":"publish","type":"post","link":"https:\/\/blog.espol.edu.ec\/xtumbaco\/2011\/06\/20\/lo-que-debe-tener-un-super-carro-de-carrera\/","title":{"rendered":"Porsche actualiza al 911 GT3 Cup"},"content":{"rendered":"<h1 style=\"text-align: center\"><a href=\"http:\/\/www.myautomovil.com\/nota-11310--porsche-actualiza-al-911-gt3-cup\"><\/a><a href=\"http:\/\/blog.espol.edu.ec\/xtumbaco\/files\/2011\/06\/poche.jpg\"><img loading=\"lazy\" decoding=\"async\" class=\"aligncenter size-medium wp-image-43\" title=\"poche\" src=\"http:\/\/blog.espol.edu.ec\/xtumbaco\/files\/2011\/06\/poche-300x243.jpg\" alt=\"\" width=\"547\" height=\"348\" \/><\/a>Porsche actualiza al 911 GT3 Cup<\/h1>\n<p style=\"text-align: center\">\n<p style=\"text-align: left\">Una nueva generaci\u00f3n del Porsche de carreras debuta. El 911 GT3 es el carro de carreras-cliente m\u00e1s vendido de la historia, pues desde 1998 se han comercializado algo m\u00e1s de 1.400 unidades. El 2011 ser\u00e1 la edici\u00f3n m\u00e1s capaz.<\/p>\n<p>Contin\u00faa leyendo:<a href=\"http:\/\/www.myautomovil.com\/nota-11310--porsche-actualiza-al-911-gt3-cup\">Porsche actualiza al 911 GT3 Cup<\/a><\/p>\n","protected":false},"excerpt":{"rendered":"<p>Porsche actualiza al 911 GT3 Cup Una nueva generaci\u00f3n del Porsche de carreras debuta. El 911 GT3 es el carro de carreras-cliente m\u00e1s vendido de la historia, pues desde 1998 se han comercializado algo m\u00e1s de 1.400 unidades. El 2011 ser\u00e1 la edici\u00f3n m\u00e1s capaz. Contin\u00faa leyendo:Porsche actualiza al 911 GT3 Cup<\/p>\n","protected":false},"author":6384,"featured_media":0,"comment_status":"open","ping_status":"open","sticky":false,"template":"","format":"standard","meta":{"footnotes":""},"categories":[37876],"tags":[],"class_list":["post-34","post","type-post","status-publish","format-standard","hentry","category-tipos-de-carro"],"_links":{"self":[{"href":"https:\/\/blog.espol.edu.ec\/xtumbaco\/wp-json\/wp\/v2\/posts\/34","targetHints":{"allow":["GET"]}}],"collection":[{"href":"https:\/\/blog.espol.edu.ec\/xtumbaco\/wp-json\/wp\/v2\/posts"}],"about":[{"href":"https:\/\/blog.espol.edu.ec\/xtumbaco\/wp-json\/wp\/v2\/types\/post"}],"author":[{"embeddable":true,"href":"https:\/\/blog.espol.edu.ec\/xtumbaco\/wp-json\/wp\/v2\/users\/6384"}],"replies":[{"embeddable":true,"href":"https:\/\/blog.espol.edu.ec\/xtumbaco\/wp-json\/wp\/v2\/comments?post=34"}],"version-history":[{"count":4,"href":"https:\/\/blog.espol.edu.ec\/xtumbaco\/wp-json\/wp\/v2\/posts\/34\/revisions"}],"predecessor-version":[{"id":36,"href":"https:\/\/blog.espol.edu.ec\/xtumbaco\/wp-json\/wp\/v2\/posts\/34\/revisions\/36"}],"wp:attachment":[{"href":"https:\/\/blog.espol.edu.ec\/xtumbaco\/wp-json\/wp\/v2\/media?parent=34"}],"wp:term":[{"taxonomy":"category","embeddable":true,"href":"https:\/\/blog.espol.edu.ec\/xtumbaco\/wp-json\/wp\/v2\/categories?post=34"},{"taxonomy":"post_tag","embeddable":true,"href":"https:\/\/blog.espol.edu.ec\/xtumbaco\/wp-json\/wp\/v2\/tags?post=34"}],"curies":[{"name":"wp","href":"https:\/\/api.w.org\/{rel}","templated":true}]}}