{"id":25,"date":"2010-06-17T20:27:35","date_gmt":"2010-06-18T01:27:35","guid":{"rendered":"http:\/\/blog.espol.edu.ec\/yoviedo\/?p=25"},"modified":"2010-06-17T20:28:13","modified_gmt":"2010-06-18T01:28:13","slug":"acne","status":"publish","type":"post","link":"https:\/\/blog.espol.edu.ec\/yoviedo\/2010\/06\/17\/acne\/","title":{"rendered":"Acn\u00e9"},"content":{"rendered":"<p><strong>El acn\u00e9 es una tortura que persigue a muchos adolescentes, llegando incluso a producirles importantes bajas en su autoestima. Por eso, no debe verse s\u00f3lo como una cuesti\u00f3n est\u00e9tica sino tratarse como una problem\u00e1tica relacionada con la salud.<\/strong><strong><\/strong><\/p>\n<p><img loading=\"lazy\" decoding=\"async\" class=\"alignleft\" title=\"granitos =( noooooooo\" src=\"http:\/\/vidasana.lapipadelindio.com\/wp-content\/uploads\/2009\/01\/is894-052.jpg\" alt=\"\" width=\"320\" height=\"214\" \/><\/p>\n<p><strong>Recomendaciones para combatirlo<\/strong><\/p>\n<p>*Para evitar la acumulaci\u00f3n de grasa que puede provocarlo, es necesario lavarse la cara dos veces al d\u00eda con jab\u00f3n y agua tibia.<\/p>\n<p>*No hay que frotarse fuertemente el rostro con una toalla, ya que se empeora la situaci\u00f3n irritando la piel y los poros. Hay que lavarse la cara lo m\u00e1s delicadamente posible.<\/p>\n<p>*Al utilizar maquillaje o pantalla solar, es imprescindible que en la etiqueta del producto se indique \"no contiene aceite\" o \"no produce acn\u00e9\", porque de lo contrario puede obstruir los poros y producir granos.<\/p>\n<p>*Adem\u00e1s, existen muchas lociones y cremas de venta libre que contienen \u00e1cido salic\u00edlico o per\u00f3xido de benzol, que ayudan a evitar el acn\u00e9 y al mismo tiempo lo alivian. Sin embargo, es necesario comprobar primero que no se es al\u00e9rgico a estas sustancias.<\/p>\n<p>*Si a pesar de los recaudos el acn\u00e9 sobreviene igualmente, algo normal en cierta edad, se puede consultar a un dermat\u00f3logo para que recomiende el tratamiento adecuado. Es muy importante no apretar ni querer sacarse por cuenta propia los granos, porque esto empeora la situaci\u00f3n y puede provocar una infecci\u00f3n.<\/p>\n<p>*Despu\u00e9s de todo, mirando a tu alrededor y a tus amigos te dar\u00e1s cuenta que no eres el \u00fanico o la \u00fanica que tiene acn\u00e9. Nunca olvides que siempre lo primero, m\u00e1s all\u00e1 de la est\u00e9tica, es tu salud.<\/p>\n","protected":false},"excerpt":{"rendered":"<p>El acn\u00e9 es una tortura que persigue a muchos adolescentes, llegando incluso a producirles importantes bajas en su autoestima. Por eso, no debe verse s\u00f3lo como una cuesti\u00f3n est\u00e9tica sino tratarse como una problem\u00e1tica relacionada con la salud. Recomendaciones para combatirlo *Para evitar la acumulaci\u00f3n de grasa que puede provocarlo, es necesario lavarse la cara [&hellip;]<\/p>\n","protected":false},"author":4662,"featured_media":0,"comment_status":"open","ping_status":"open","sticky":false,"template":"","format":"standard","meta":{"footnotes":""},"categories":[19966],"tags":[19969],"class_list":["post-25","post","type-post","status-publish","format-standard","hentry","category-acne-juvenil-y-granos","tag-granitos"],"_links":{"self":[{"href":"https:\/\/blog.espol.edu.ec\/yoviedo\/wp-json\/wp\/v2\/posts\/25","targetHints":{"allow":["GET"]}}],"collection":[{"href":"https:\/\/blog.espol.edu.ec\/yoviedo\/wp-json\/wp\/v2\/posts"}],"about":[{"href":"https:\/\/blog.espol.edu.ec\/yoviedo\/wp-json\/wp\/v2\/types\/post"}],"author":[{"embeddable":true,"href":"https:\/\/blog.espol.edu.ec\/yoviedo\/wp-json\/wp\/v2\/users\/4662"}],"replies":[{"embeddable":true,"href":"https:\/\/blog.espol.edu.ec\/yoviedo\/wp-json\/wp\/v2\/comments?post=25"}],"version-history":[{"count":3,"href":"https:\/\/blog.espol.edu.ec\/yoviedo\/wp-json\/wp\/v2\/posts\/25\/revisions"}],"predecessor-version":[{"id":28,"href":"https:\/\/blog.espol.edu.ec\/yoviedo\/wp-json\/wp\/v2\/posts\/25\/revisions\/28"}],"wp:attachment":[{"href":"https:\/\/blog.espol.edu.ec\/yoviedo\/wp-json\/wp\/v2\/media?parent=25"}],"wp:term":[{"taxonomy":"category","embeddable":true,"href":"https:\/\/blog.espol.edu.ec\/yoviedo\/wp-json\/wp\/v2\/categories?post=25"},{"taxonomy":"post_tag","embeddable":true,"href":"https:\/\/blog.espol.edu.ec\/yoviedo\/wp-json\/wp\/v2\/tags?post=25"}],"curies":[{"name":"wp","href":"https:\/\/api.w.org\/{rel}","templated":true}]}}